{"id":1278080,"date":"2026-09-03T12:43:16","date_gmt":"2026-09-03T12:43:16","guid":{"rendered":"https:\/\/www.europesays.com\/de\/1278080\/"},"modified":"2026-09-03T12:43:16","modified_gmt":"2026-09-03T12:43:16","slug":"polizeieinsatz-ohne-polizei-bei-peine-wurde-der-zugverkehr-unterbrochen","status":"publish","type":"post","link":"https:\/\/www.europesays.com\/de\/1278080\/","title":{"rendered":"Polizeieinsatz ohne Polizei: Bei Peine wurde der Zugverkehr unterbrochen"},"content":{"rendered":"<p>Am Donnerstag kam es zu Zugausf\u00e4llen. | Foto: Werner Heise<\/p>\n<p class=\"datum\">03.09.2026, 14:28 Uhr<\/p>\n<p><strong>Peine. In den Mittagsstunden des heutigen Donnerstags informierte die Bahn ihre Kunden dar\u00fcber, dass der Zugverkehr auf der Strecke zwischen Braunschweig und Hannover unterbrochen sei. Der Grund sei ein Polizeieinsatz bei Peine. Es komme zu Versp\u00e4tungen und Ausf\u00e4llen. regionalHeute.de wollte von der <a class=\"redlink\" href=\"https:\/\/regionalheute.de\/blaulicht\/\" rel=\"nofollow noopener\" target=\"_blank\">Polizei<\/a> wissen, was da los war, und bekam eine \u00fcberraschende Antwort.<br \/><\/strong><br \/>\n<\/p>\n<p>Bei der \u00f6rtlichen Polizei in Peine hatte man keine Kenntnisse von so einem Vorfall. Pressesprecher Malte Jansen verwies aber auf die Bundespolizei, die in der Regel f\u00fcr solche Eins\u00e4tze zust\u00e4ndig sei.<\/p>\n<p>Einen \u201eSchlag\u201c versp\u00fcrt<\/p>\n<p>Doch auch Kevin M\u00fcller von der zust\u00e4ndigen Bundespolizeiinspektion Hannover musste sich erst schlau machen. &#8222;Zu dem konkreten Fall wussten auch die Kollegen hier nichts, so dass aktiv recherchiert wurde&#8220;, berichtet der Pressesprecher. Demnach habe wohl an einem Bahn\u00fcbergang ein G\u00fcterzug einen \u201eSchlag\u201c versp\u00fcrt. &#8222;Da man zun\u00e4chst nicht ausschlie\u00dfen konnte, dass es sich um ein Tier oder einen Menschen handelte, sperrte die DB AG pr\u00e4ventiv die Strecke und suchte den Bereich ab&#8220;, schildert M\u00fcller den Ablauf.<\/p>\n<p>Sperrung wieder aufgehoben<\/p>\n<p>Man habe gl\u00fccklicherweise nichts aufgefunden, so dass man von einem Stein ausgehe, der aufgrund der Baustellen auf der Strecke m\u00f6glicherweise gegen den G\u00fcterzug geschlagen sei. Mittlerweile sei die Streckensperrung wieder aufgehoben worden. Es seien aber weder Bundes- noch Landespolizei alarmiert worden.<\/p>\n","protected":false},"excerpt":{"rendered":"Am Donnerstag kam es zu Zugausf\u00e4llen. | Foto: Werner Heise 03.09.2026, 14:28 Uhr Peine. In den Mittagsstunden des&hellip;\n","protected":false},"author":2,"featured_media":1278081,"comment_status":"","ping_status":"","sticky":false,"template":"","format":"standard","meta":{"footnotes":"","_share_on_mastodon":"0"},"categories":[1850],"tags":[6429,3364,29,548,663,3934,30,13,14,15,1411,12],"class_list":["post-1278080","post","type-post","status-publish","format-standard","has-post-thumbnail","category-braunschweig","tag-braunschweig","tag-de","tag-deutschland","tag-eu","tag-europa","tag-europe","tag-germany","tag-headlines","tag-nachrichten","tag-news","tag-niedersachsen","tag-schlagzeilen"],"share_on_mastodon":{"url":"https:\/\/pubeurope.com\/@de\/117207172288552124","error":""},"_links":{"self":[{"href":"https:\/\/www.europesays.com\/de\/wp-json\/wp\/v2\/posts\/1278080","targetHints":{"allow":["GET"]}}],"collection":[{"href":"https:\/\/www.europesays.com\/de\/wp-json\/wp\/v2\/posts"}],"about":[{"href":"https:\/\/www.europesays.com\/de\/wp-json\/wp\/v2\/types\/post"}],"author":[{"embeddable":true,"href":"https:\/\/www.europesays.com\/de\/wp-json\/wp\/v2\/users\/2"}],"replies":[{"embeddable":true,"href":"https:\/\/www.europesays.com\/de\/wp-json\/wp\/v2\/comments?post=1278080"}],"version-history":[{"count":0,"href":"https:\/\/www.europesays.com\/de\/wp-json\/wp\/v2\/posts\/1278080\/revisions"}],"wp:featuredmedia":[{"embeddable":true,"href":"https:\/\/www.europesays.com\/de\/wp-json\/wp\/v2\/media\/1278081"}],"wp:attachment":[{"href":"https:\/\/www.europesays.com\/de\/wp-json\/wp\/v2\/media?parent=1278080"}],"wp:term":[{"taxonomy":"category","embeddable":true,"href":"https:\/\/www.europesays.com\/de\/wp-json\/wp\/v2\/categories?post=1278080"},{"taxonomy":"post_tag","embeddable":true,"href":"https:\/\/www.europesays.com\/de\/wp-json\/wp\/v2\/tags?post=1278080"}],"curies":[{"name":"wp","href":"https:\/\/api.w.org\/{rel}","templated":true}]}}