{"id":1278082,"date":"2026-09-03T12:44:33","date_gmt":"2026-09-03T12:44:33","guid":{"rendered":"https:\/\/www.europesays.com\/de\/1278082\/"},"modified":"2026-09-03T12:44:33","modified_gmt":"2026-09-03T12:44:33","slug":"service-de-c-1995-2026-ruhr-concept-kg-das-presseportal-fuer-die-erfolgreiche-pressearbeit-von-staedten-kreisen-verbaenden-verlagen-parteien-unternehmen-medienbueros-hotelketten-etc-78","status":"publish","type":"post","link":"https:\/\/www.europesays.com\/de\/1278082\/","title":{"rendered":"service.de &#8211; (c) 1995-2026 ruhr-concept KG, das Presseportal f\u00fcr die erfolgreiche Pressearbeit von St\u00e4dten, Kreisen, Verb\u00e4nden, Verlagen, Parteien, Unternehmen, Medienb\u00fcros, Hotelketten etc."},"content":{"rendered":"<p>            &#13;<br \/>\n                Alle Meldungen:<\/p>\n<p>  &#13;<br \/>\n03.09.2026 &#8211; <a href=\"https:\/\/www.presse-service.de\/public\/Default.aspx?p=1573\" rel=\"nofollow noopener\" target=\"_blank\">Emschergenossenschaft \/ Lippeverband<\/a>&#13;<\/p>\n<p>  &#13;<br \/>\nBlaues Klassenzimmer am Dattelner M\u00fchlenbach eingeweiht&#13;<br \/>\nIm Beisein von B\u00fcrgermeister Andr\u00e9 Dora, Staatssekret\u00e4r Josef Hovenj\u00fcrgen und ganz vielen Kindern&#13;<\/p>\n<p class=\"ins_r\">&#13;<br \/>\n      <img decoding=\"async\" class=\"news_list_single_image\" src=\"https:\/\/www.europesays.com\/de\/wp-content\/uploads\/2026\/09\/326166V.jpg\" alt=\"\u00a9 Bande f\u00fcr Gestaltung\/EGLV\"\/>&#13;<br \/>\nRund 140 Millionen Euro investiert der Lippeverband, der in diesem Jahr sein 100-j\u00e4hriges Bestehen feiert, in die Revitalisierung des Dattelner M\u00fchlenbachs. Vom Abwasser befreit ist das Gew\u00e4sser bereits seit 2019. Die naturnahe Umgestaltung des \u00fcber Jahrzehnte technisch \u00fcberformten Bachs begann vor drei Jahren. Im Bereich Hagemer Binsenweide, wo der Dattelner M\u00fchlenbach ganz aktuell aus seinem Betonkorsett herausgeholt wurde und sich mittlerweile weitl\u00e4ufiger ausbreiten darf, ist in den vergangenen Monaten direkt am Gew\u00e4sser ein Blaues Klassenzimmer entstanden. Eingeweiht wurde es am Donnerstag (3.9.) im Beisein von Josef Hovenj\u00fcrgen, Parlamentarischer Staatsekret\u00e4r im Ministerium f\u00fcr Heimat, Kommunales, Bau und Digitalisierung des Landes Nordrhein-Westfalen und B\u00fcrgermeister Andr\u00e9 Dora. Regul\u00e4r in Betrieb gehen wird der neue Freiluft-Lernort gegen Ende des Monats nach der Fertigstellung aller Restarbeiten.&#13;\n  <\/p>\n<p> &#13;<br \/>\n      <a href=\"https:\/\/www.presse-service.de\/public\/Single.aspx?iid=1225841\" rel=\"nofollow noopener\" target=\"_blank\">mehr lesen&#8230;<\/a>  <\/p>\n<p>  &#13;<br \/>\n03.09.2026 &#8211; <a href=\"https:\/\/www.presse-service.de\/public\/Default.aspx?p=116\" rel=\"nofollow noopener\" target=\"_blank\">Stadt Hanau<\/a>&#13;<\/p>\n<p>  &#13;<br \/>\n47 Kinder lesen 288 B\u00fccher bei der Aktion \u201eBuchdurst\u201c &#13;<br \/>\nAbschlussfeier im Kulturforum Hanau \/ Buntes Programm rund ums Thema B\u00fccher&#13;<\/p>\n<p class=\"ins_r\">&#13;<br \/>\n      <img decoding=\"async\" class=\"news_list_single_image\" src=\"https:\/\/www.europesays.com\/de\/wp-content\/uploads\/2026\/09\/325904V.jpg\" alt=\"\u00a9 Stadt Hanau \/ Moritz G\u00f6bel\"\/>&#13;<br \/>\nFerienzeit ist Lesezeit: 47 Kinder und Jugendliche im Alter von acht bis 15 Jahren haben in diesem Sommer wieder an der Lesef\u00f6rderaktion \u201eBuchdurst\u201c der Stadtbibliothek Hanau teilgenommen. Insgesamt lasen sie 288 B\u00fccher. Bei der Abschlussfeier im Kulturforum wurden jetzt die eifrigsten Leserinnen und Leser ausgezeichnet. Den ersten Platz belegte der zehnj\u00e4hrige Vincent mit 34 gelesenen B\u00fcchern.&#13;\n  <\/p>\n<p> &#13;<br \/>\n      <a href=\"https:\/\/www.presse-service.de\/public\/Single.aspx?iid=1225909\" rel=\"nofollow noopener\" target=\"_blank\">mehr lesen&#8230;<\/a>  <\/p>\n<p>  &#13;<br \/>\n03.09.2026 &#8211; <a href=\"https:\/\/www.presse-service.de\/public\/Default.aspx?p=1589\" rel=\"nofollow noopener\" target=\"_blank\">Stadt Dortmund<\/a>&#13;<\/p>\n<p>  &#13;<br \/>\nS\u00fcdbad und Nordbad \u00f6ffnen am 10. September nicht&#13;<\/p>\n<p class=\"ins_r\">&#13;<br \/>\n      <img decoding=\"async\" class=\"news_list_single_image\" src=\"https:\/\/www.europesays.com\/de\/wp-content\/uploads\/2025\/08\/logo_do_pink.png\" alt=\"\u00a9 \"\/>&#13;<br \/>\nDas S\u00fcd- und das Nordbad bleiben wegen einer internen Veranstaltung am Donnerstag, 10. September, geschlossen.&#13;<br \/>\ndortmund.de\/schwimmbaeder&#13;\n  <\/p>\n<p> &#13;<br \/>\n      <a href=\"https:\/\/www.presse-service.de\/public\/Single.aspx?iid=1225811\" rel=\"nofollow noopener\" target=\"_blank\">mehr lesen&#8230;<\/a>  <\/p>\n<p>  &#13;<br \/>\n03.09.2026 &#8211; <a href=\"https:\/\/www.presse-service.de\/public\/Default.aspx?p=1566\" rel=\"nofollow noopener\" target=\"_blank\">Stadt Hemer<\/a>&#13;<\/p>\n<p>  &#13;<br \/>\nElternabend gibt Orientierung und praktische Tipps zu digitalen Medien&#13;<\/p>\n<p class=\"ins_r\">&#13;<br \/>\n      <img decoding=\"async\" class=\"news_list_single_image\" src=\"https:\/\/www.europesays.com\/de\/wp-content\/uploads\/2025\/05\/1747235957_533_logo.png\" alt=\"\u00a9 \"\/>&#13;<br \/>\nOnline-Veranstaltung am Donnerstag, 1. Oktober 2026.&#13;\n  <\/p>\n<p> &#13;<br \/>\n      <a href=\"https:\/\/www.presse-service.de\/public\/Single.aspx?iid=1225895\" rel=\"nofollow noopener\" target=\"_blank\">mehr lesen&#8230;<\/a>  <\/p>\n<p>  &#13;<br \/>\n03.09.2026 &#8211; <a href=\"https:\/\/www.presse-service.de\/public\/Default.aspx?p=272\" rel=\"nofollow noopener\" target=\"_blank\">Stadt Borken<\/a>&#13;<\/p>\n<p>  &#13;<br \/>\nPressemitteilung des Allgemeinen Deutschen Fahrrad-Club e.V. (ADFC):&#13;<br \/>\nDer gro\u00dfe ADFC-Fahrradklima-Test 2026 startet heute \/ Vom 1. September bis zum 30. November k\u00f6nnen Radfahrer und Radfahrerinnen in ganz Deutschland bewerten, wie fahrradfreundlich ihr Ort wirklich ist. Zum ersten Mal stehen Kinder und Jugendliche mit eine&#13;<\/p>\n<p class=\"ins_r\">&#13;<br \/>\n      <img decoding=\"async\" class=\"news_list_single_image\" src=\"https:\/\/www.europesays.com\/de\/wp-content\/uploads\/2026\/09\/326154V.jpg\" alt=\"\u00a9 ADFC\"\/>&#13;<br \/>\nHeute startet der gro\u00dfe ADFC-Fahrradklima-Test (FKT) 2026. Vom 1. September bis zum 30. November k\u00f6nnen Radfahrer und Radfahrerinnen in ganz Deutschland bewerten, wie fahrradfreundlich ihr Ort wirklich ist. Wie ist der Zustand der Radwege? Wie viel wird f\u00fcrs Radfahren schon getan? Macht Radfahren Spa\u00df oder ist es eher Stress? Zum ersten Mal stehen Kinder und Jugendliche mit einer eigenen Umfrage im Fokus. Das bundesweite Ranking der fahrradfreundlichsten St\u00e4dte und weitere Ergebnisse der Befragung werden im Fr\u00fchjahr 2027 vorgestellt.&#13;&#8230;&#13;\n  <\/p>\n<p> &#13;<br \/>\n      <a href=\"https:\/\/www.presse-service.de\/public\/Single.aspx?iid=1225930\" rel=\"nofollow noopener\" target=\"_blank\">mehr lesen&#8230;<\/a>  <\/p>\n<p>  &#13;<br \/>\n03.09.2026 &#8211; <a href=\"https:\/\/www.presse-service.de\/public\/Default.aspx?p=1086\" rel=\"nofollow noopener\" target=\"_blank\">Landeshauptstadt Magdeburg<\/a>&#13;<\/p>\n<p>  &#13;<br \/>\nFortf\u00fchrung des Projekts \u201eStolpersteine\u201c in Magdeburg: Namen weiterer Opfer bekannt&#13;<br \/>\nSpendenaufruf zur Finanzierung weiterer Gedenksteine&#13;<\/p>\n<p class=\"ins_r\">&#13;<br \/>\n      <img decoding=\"async\" class=\"news_list_single_image\" src=\"https:\/\/www.europesays.com\/de\/wp-content\/uploads\/2026\/09\/311738V.jpg\" alt=\"\u00a9 Landeshauptstadt Magdeburg\"\/>&#13;<br \/>\nDie Magdeburger Stolpersteine sind seit dem Jahr 2007 wichtige Orte des Gedenkens. Sie erinnern an das Schicksal der Menschen, die in der Zeit des Nationalsozialismus verfolgt, ermordet, deportiert oder vertrieben wurden.\u00a0In den vergangenen Monaten wurden weitere Namen und Lebensl\u00e4ufe von Opfern aus Magdeburg recherchiert, sodass weitere Stolpersteinverlegungen geplant werden konnten. F\u00fcr die Finanzierung bittet die st\u00e4dtische Arbeitsgruppe &#8222;Stolpersteine f\u00fcr Magdeburg&#8220; um Unterst\u00fctzung durch Spenden.&#13;<br \/>\n\u00a0&#13;<br \/>\nIn den vergangenen Monaten wandten sich&#8230;&#13;\n  <\/p>\n<p> &#13;<br \/>\n      <a href=\"https:\/\/www.presse-service.de\/public\/Single.aspx?iid=1225949\" rel=\"nofollow noopener\" target=\"_blank\">mehr lesen&#8230;<\/a>  <\/p>\n<p>  &#13;<br \/>\n03.09.2026 &#8211; <a href=\"https:\/\/www.presse-service.de\/public\/Default.aspx?p=85\" rel=\"nofollow noopener\" target=\"_blank\">Stadt M\u00f6nchengladbach<\/a>&#13;<\/p>\n<p>  &#13;<br \/>\nWasser marsch f\u00fcr die Alte Niers:  Neuer Bachlauf im k\u00fcnftigen Heinz Sielmann Biotop in Rheydt in Betrieb genommen&#13;<\/p>\n<p class=\"ins_r\">&#13;<br \/>\n      <img decoding=\"async\" class=\"news_list_single_image\" src=\"https:\/\/www.europesays.com\/de\/wp-content\/uploads\/2026\/09\/326178V.jpg\" alt=\"\u00a9 Foto NEW AG \/ Felix K\u00fcster\"\/>&#13;<br \/>\nIm k\u00fcnftigen Heinz Sielmann Biotop in M\u00f6nchengladbach-Rheydt flie\u00dft die Alte Niers seit Mittwoch, 2. September 2026, wieder oberirdisch. Der neu angelegte Bachlauf zwischen D\u00fcsseldorfer Stra\u00dfe und Sonnenstra\u00dfe wurde im Beisein von Nordrhein-Westfalens Umweltminister Oliver Krischer und Oberb\u00fcrgermeister Felix Heinrichs feierlich der Natur \u00fcbergeben. Rund um das Gew\u00e4sser entsteht \u00fcber die kommenden Monate eine artenreiche Landschaft mit unterschiedlichen Biotopen.&#13;<br \/>\nErstmals seit Jahrzehnten flie\u00dft die Alte Niers auf dem Teilabschnitt n\u00f6rdlich&#8230;&#13;\n  <\/p>\n<p> &#13;<br \/>\n      <a href=\"https:\/\/www.presse-service.de\/public\/Single.aspx?iid=1225950\" rel=\"nofollow noopener\" target=\"_blank\">mehr lesen&#8230;<\/a>  <\/p>\n<p>  &#13;<br \/>\n03.09.2026 &#8211; <a href=\"https:\/\/www.presse-service.de\/public\/Default.aspx?p=1581\" rel=\"nofollow noopener\" target=\"_blank\">Stadt Gronau<\/a>&#13;<\/p>\n<p>  &#13;<br \/>\nSperrung der Agathastra\u00dfe vom 7. \u2013 16. September 2026&#13;<\/p>\n<p class=\"ins_r\">&#13;<br \/>\n      <img decoding=\"async\" class=\"news_list_single_image\" src=\"https:\/\/www.europesays.com\/de\/wp-content\/uploads\/2025\/08\/1755781212_715_logo.png\" alt=\"\u00a9 \"\/>&#13;<br \/>\nVom 7. bis einschlie\u00dflich 16. September wird die Agathastra\u00dfe aufgrund einer Neuverlegung von Versorgungsleitungen voll gesperrt. Stra\u00dfenverkehrsteilnehmende folgen bitte der beschilderten Umleitung.&#13;\n  <\/p>\n<p> &#13;<br \/>\n      <a href=\"https:\/\/www.presse-service.de\/public\/Single.aspx?iid=1225954\" rel=\"nofollow noopener\" target=\"_blank\">mehr lesen&#8230;<\/a>  <\/p>\n<p>  &#13;<br \/>\n03.09.2026 &#8211; <a href=\"https:\/\/www.presse-service.de\/public\/Default.aspx?p=532\" rel=\"nofollow noopener\" target=\"_blank\">Stadt Arnsberg<\/a>&#13;<\/p>\n<p>  &#13;<br \/>\nNeuer Kurs der Engagementf\u00f6rderung ab 8. September: \u201eDas merk ich mir\u201c hat noch Pl\u00e4tze &#13;<\/p>\n<p class=\"ins_r\">&#13;<br \/>\n      <img decoding=\"async\" class=\"news_list_single_image\" src=\"https:\/\/www.europesays.com\/de\/wp-content\/uploads\/2025\/04\/logo_ansberg.jpg\" alt=\"\u00a9 \"\/>&#13;<br \/>\nDie Engagementf\u00f6rderung der Stadt Arnsberg l\u00e4dt zu einem neuen Kurs-Angebot ein. Mit kreativen Merktechniken das Ged\u00e4chtnis und die Konzentration zu verbessern, lernen die Teilnehmenden im neuen Kurs &#8222;Das merk ich mir&#8220;, der bereits am kommenden Dienstag, 8. September, startet. In dem Kurs von 10 bis 11.30 Uhr sind noch wenige Pl\u00e4tze frei. Der Kurs wird von der seniorTrainerin Monika Henneb\u00f6hle geleitet. Die Teilnahme ist kostenlos. Anmeldungen nimmt die st\u00e4dtische Engagementf\u00f6rderung gerne entgegen.&#13;<br \/>\nTeilnahme kostenlos&#13;<br \/>\nAn jedem 2. Dienstag im&#8230;&#13;\n  <\/p>\n<p> &#13;<br \/>\n      <a href=\"https:\/\/www.presse-service.de\/public\/Single.aspx?iid=1225956\" rel=\"nofollow noopener\" target=\"_blank\">mehr lesen&#8230;<\/a>  <\/p>\n<p>  &#13;<br \/>\n03.09.2026 &#8211; <a href=\"https:\/\/www.presse-service.de\/public\/Default.aspx?p=532\" rel=\"nofollow noopener\" target=\"_blank\">Stadt Arnsberg<\/a>&#13;<\/p>\n<p>  &#13;<br \/>\nInfoveranstaltung zum Thema &#8222;Vorsorgevollmacht&#8220;&#13;<br \/>\nAm Montag, 21. September&#13;<\/p>\n<p class=\"ins_r\">&#13;<br \/>\n      <img decoding=\"async\" class=\"news_list_single_image\" src=\"https:\/\/www.europesays.com\/de\/wp-content\/uploads\/2025\/04\/logo_ansberg.jpg\" alt=\"\u00a9 \"\/>&#13;<br \/>\nArnsberg. Nach dem Motto &#8222;In guten Zeiten vorsorgen&#8220; hilft eine Vollmacht dabei, sich gut gegen einen Notfall zu &#8222;versichern&#8220;. Bereits mit Beginn der Vollj\u00e4hrigkeit kann jede gesch\u00e4ftsf\u00e4hige Person festlegen, welche vertraute Person im Fall der F\u00e4lle f\u00fcr sie Entscheidungen treffen darf. Diese von den Betroffenen unterschriebene Vereinbarung ist dann rechtsg\u00fcltig. Eine Vorsorgevollmacht schafft Rechtssicherheit \u2013 f\u00fcr alle Beteiligten. &#13;<br \/>\nDie Betreuungsstelle der Stadt Arnsberg l\u00e4dt im Rahmen der derzeit laufenden Kampagne zum Abschluss einer&#8230;&#13;\n  <\/p>\n<p> &#13;<br \/>\n      <a href=\"https:\/\/www.presse-service.de\/public\/Single.aspx?iid=1225958\" rel=\"nofollow noopener\" target=\"_blank\">mehr lesen&#8230;<\/a>  <\/p>\n<p>  &#13;<br \/>\n03.09.2026 &#8211; <a href=\"https:\/\/www.presse-service.de\/public\/Default.aspx?p=1581\" rel=\"nofollow noopener\" target=\"_blank\">Stadt Gronau<\/a>&#13;<\/p>\n<p>  &#13;<br \/>\nB\u00fcrgermeister J\u00f6rg von Borczyskowski besucht das Tageshospiz im Josef Haus&#13;<\/p>\n<p class=\"ins_r\">&#13;<br \/>\n      <img decoding=\"async\" class=\"news_list_single_image\" src=\"https:\/\/www.europesays.com\/de\/wp-content\/uploads\/2026\/09\/326180V.jpg\" alt=\"\u00a9 Oliver Z\u00f6phel\"\/>&#13;<br \/>\nGronau, 2. September 2026 \u2013 B\u00fcrgermeister J\u00f6rg von Borczyskowski hat das Tageshospiz im Josef Haus besucht und sich vor Ort einen pers\u00f6nlichen Eindruck von den R\u00e4umlichkeiten und dem Angebot gemacht. F\u00fcr ihn war dieser Besuch etwas Besonderes, denn die Entwicklung des Projekts hat er von Beginn an verfolgt \u2013 von den ersten \u00dcberlegungen zur Gr\u00fcndung des Josef Haus F\u00f6rderverein e.V. \u00fcber den Bau des bis hin zur feierlichen Er\u00f6ffnung.&#13;\n  <\/p>\n<p> &#13;<br \/>\n      <a href=\"https:\/\/www.presse-service.de\/public\/Single.aspx?iid=1225959\" rel=\"nofollow noopener\" target=\"_blank\">mehr lesen&#8230;<\/a>  <\/p>\n<p>  &#13;<br \/>\n03.09.2026 &#8211; <a href=\"https:\/\/www.presse-service.de\/public\/Default.aspx?p=1596\" rel=\"nofollow noopener\" target=\"_blank\">Stadt Warstein<\/a>&#13;<\/p>\n<p>  &#13;<br \/>\nElmar, der bunt karierte Elefant&#13;<br \/>\nN\u00e4chste \u201eLese- und Bastelzeit\u201c in der Stadtb\u00fccherei Warstein-Belecke &#13;<\/p>\n<p class=\"ins_r\">&#13;<br \/>\n      <img decoding=\"async\" class=\"news_list_single_image\" src=\"https:\/\/www.europesays.com\/de\/wp-content\/uploads\/2026\/09\/326161V.jpg\" alt=\"\u00a9 Angelika Kr\u00fcger\"\/>&#13;<br \/>\nDie Lese- und Bastelzeit mit Annika Mertens startet nach den Sommerferien wieder. Am Donnerstag, 17. September, sind alle Kinder im Alter von vier bis sechs Jahren in die Stadtb\u00fccherei Warstein-Belecke eingeladen. In der Zeit von 16.30 bis 17.15 Uhr zeigt Annika Mertens das Kinder-Erz\u00e4hltheater \u201eElmar\u201c und erz\u00e4hlt dazu die Geschichte. Anschlie\u00dfend wird gemeinsam gebastelt.&#13;\n  <\/p>\n<p> &#13;<br \/>\n      <a href=\"https:\/\/www.presse-service.de\/public\/Single.aspx?iid=1225940\" rel=\"nofollow noopener\" target=\"_blank\">mehr lesen&#8230;<\/a>  <\/p>\n<p>  &#13;<br \/>\n03.09.2026 &#8211; <a href=\"https:\/\/www.presse-service.de\/public\/Default.aspx?p=116\" rel=\"nofollow noopener\" target=\"_blank\">Stadt Hanau<\/a>&#13;<\/p>\n<p>  &#13;<br \/>\nMini-Sauberkeitspaten erkunden neuen Hanauer Wertstoffhof&#13;<br \/>\nKita-Kinder aus den Francois-G\u00e4rten setzen sich spielerisch mit Abfalltrennung auseinander&#13;<\/p>\n<p class=\"ins_r\">&#13;<br \/>\n      <img decoding=\"async\" class=\"news_list_single_image\" src=\"https:\/\/www.europesays.com\/de\/wp-content\/uploads\/2026\/09\/326107V.jpg\" alt=\"\u00a9 Stadt Hanau\"\/>&#13;<br \/>\nF\u00fcr die Mini-Sauberkeitspaten aus der Kita Francois-G\u00e4rten im Stadtteil Lamboy-T\u00fcmpelgarten stand in diesen Tagen ein besonderer Ausflug auf dem Programm: Gemeinsam mit drei Erzieherinnen besuchten 18 Kinder den neuen Wertstoffhof der Stadt Hanau. Dabei erfuhren sie, welche Abf\u00e4lle hier richtig entsorgt werden k\u00f6nnen, und durften auch selbst aktiv werden.&#13;\n  <\/p>\n<p> &#13;<br \/>\n      <a href=\"https:\/\/www.presse-service.de\/public\/Single.aspx?iid=1225866\" rel=\"nofollow noopener\" target=\"_blank\">mehr lesen&#8230;<\/a>  <\/p>\n<p>  &#13;<br \/>\n03.09.2026 &#8211; <a href=\"https:\/\/www.presse-service.de\/public\/Default.aspx?p=1452\" rel=\"nofollow noopener\" target=\"_blank\">Kreis Unna &#8211; Presse und Kommunikation<\/a>&#13;<\/p>\n<p>  &#13;<br \/>\nMobiler Gesundheitskiosk &#8211; Termine KW 37&#13;<br \/>\nEine Anlaufstelle f\u00fcr alle&#13;<\/p>\n<p class=\"ins_r\">&#13;<br \/>\n      <img decoding=\"async\" class=\"news_list_single_image\" src=\"https:\/\/www.europesays.com\/de\/wp-content\/uploads\/2025\/05\/1747307889_562_logo.jpg\" alt=\"\u00a9 \"\/>&#13;<br \/>\nGesundheit kann herausfordernd sein. Nicht nur eine Krankheit selbst, sondern auch das Drumherum. Hierf\u00fcr gibt es den \u201eMobilen Gesundheitskiosk\u201c.&#13;\n  <\/p>\n<p> &#13;<br \/>\n      <a href=\"https:\/\/www.presse-service.de\/public\/Single.aspx?iid=1225476\" rel=\"nofollow noopener\" target=\"_blank\">mehr lesen&#8230;<\/a>  <\/p>\n<p>  &#13;<br \/>\n03.09.2026 &#8211; <a href=\"https:\/\/www.presse-service.de\/public\/Default.aspx?p=1452\" rel=\"nofollow noopener\" target=\"_blank\">Kreis Unna &#8211; Presse und Kommunikation<\/a>&#13;<\/p>\n<p>  &#13;<br \/>\nT\u00e4tigkeitsbericht 2025&#13;<br \/>\nK.I.S.S. zieht Bilanz&#13;<\/p>\n<p class=\"ins_r\">&#13;<br \/>\n      <img decoding=\"async\" class=\"news_list_single_image\" src=\"https:\/\/www.europesays.com\/de\/wp-content\/uploads\/2025\/05\/1747307889_562_logo.jpg\" alt=\"\u00a9 \"\/>&#13;<br \/>\nKreis Unna. Die Kontakt- und InformationsStelle f\u00fcr Selbsthilfegruppen (K.I.S.S.) des Kreises Unna hat im Juni ihren T\u00e4tigkeitsbericht f\u00fcr das Jahr 2025 ver\u00f6ffentlicht. Die K.I.S.S. informiert \u00fcber Selbsthilfegruppen, unterst\u00fctzt bei Neugr\u00fcndungen, vermittelt Ratsuchende in passende Angebote und begleitet bestehende Gruppen. Der Bericht zeigt, dass die Selbsthilfe im Kreis Unna vielf\u00e4ltig aufgestellt ist und von den B\u00fcrgerinnen und B\u00fcrgern nach wie vor intensiv genutzt wird.&#13;\n  <\/p>\n<p> &#13;<br \/>\n      <a href=\"https:\/\/www.presse-service.de\/public\/Single.aspx?iid=1225544\" rel=\"nofollow noopener\" target=\"_blank\">mehr lesen&#8230;<\/a>  <\/p>\n<p>  &#13;<br \/>\n03.09.2026 &#8211; <a href=\"https:\/\/www.presse-service.de\/public\/Default.aspx?p=1452\" rel=\"nofollow noopener\" target=\"_blank\">Kreis Unna &#8211; Presse und Kommunikation<\/a>&#13;<\/p>\n<p>  &#13;<br \/>\nKita-Anmeldung f\u00fcr 2027\/28&#13;<br \/>\nNoch bis Ende Oktober vormerken lassen&#13;<\/p>\n<p class=\"ins_r\">&#13;<br \/>\n      <img decoding=\"async\" class=\"news_list_single_image\" src=\"https:\/\/www.europesays.com\/de\/wp-content\/uploads\/2025\/05\/1747307889_562_logo.jpg\" alt=\"\u00a9 \"\/>&#13;<br \/>\nEltern, die f\u00fcr ihr Kind zum 1. August 2027 einen Betreuungsplatz in einer Kindertageseinrichtung in B\u00f6nen, Fr\u00f6ndenberg\/Ruhr oder Holzwickede suchen, k\u00f6nnen ihr Kind noch bis zum\u00a031. Oktober 2026\u00a0\u00fcber das Portal Kita Place unter www. kitaplace.kreis-unna.de vormerken lassen.&#13;\n  <\/p>\n<p> &#13;<br \/>\n      <a href=\"https:\/\/www.presse-service.de\/public\/Single.aspx?iid=1225732\" rel=\"nofollow noopener\" target=\"_blank\">mehr lesen&#8230;<\/a>  <\/p>\n<p>  &#13;<br \/>\n03.09.2026 &#8211; <a href=\"https:\/\/www.presse-service.de\/public\/Default.aspx?p=1452\" rel=\"nofollow noopener\" target=\"_blank\">Kreis Unna &#8211; Presse und Kommunikation<\/a>&#13;<\/p>\n<p>  &#13;<br \/>\nPflegeberatung in L\u00fcnen&#13;<br \/>\nKostenfrei und neutral&#13;<\/p>\n<p class=\"ins_r\">&#13;<br \/>\n      <img decoding=\"async\" class=\"news_list_single_image\" src=\"https:\/\/www.europesays.com\/de\/wp-content\/uploads\/2025\/05\/1747307889_562_logo.jpg\" alt=\"\u00a9 \"\/>&#13;<br \/>\nMit Eintritt eines Pflegefalles stehen Betroffene und Angeh\u00f6rige vor vielen Fragen. Hilfe gibt es vor Ort in den Sprechstunden der Pflege- und Wohnberatung im Kreis Unna. In L\u00fcnen findet die n\u00e4chste Sprechstunde der Pflege- und Wohnberatung am Dienstag, 8. September in der Zeit von 9 bis 12 Uhr statt. &#13;\n  <\/p>\n<p> &#13;<br \/>\n      <a href=\"https:\/\/www.presse-service.de\/public\/Single.aspx?iid=1225757\" rel=\"nofollow noopener\" target=\"_blank\">mehr lesen&#8230;<\/a>  <\/p>\n<p>  &#13;<br \/>\n03.09.2026 &#8211; <a href=\"https:\/\/www.presse-service.de\/public\/Default.aspx?p=1452\" rel=\"nofollow noopener\" target=\"_blank\">Kreis Unna &#8211; Presse und Kommunikation<\/a>&#13;<\/p>\n<p>  &#13;<br \/>\nPflegeberatung in Fr\u00f6ndenberg&#13;<br \/>\nKostenfrei und neutral&#13;<\/p>\n<p class=\"ins_r\">&#13;<br \/>\n      <img decoding=\"async\" class=\"news_list_single_image\" src=\"https:\/\/www.europesays.com\/de\/wp-content\/uploads\/2025\/05\/1747307889_562_logo.jpg\" alt=\"\u00a9 \"\/>&#13;<br \/>\nMit Eintritt eines Pflegefalles stehen Betroffene und Angeh\u00f6rige vor vielen Fragen. Hilfe gibt es vor Ort in den Sprechstunden der Pflege- und Wohnberatung im Kreis Unna. In Fr\u00f6ndenberg findet die n\u00e4chste Sprechstunde der Pflege- und Wohnberatung am Montag, 7. September in der Zeit von 14 bis 16 Uhr statt. &#13;\n  <\/p>\n<p> &#13;<br \/>\n      <a href=\"https:\/\/www.presse-service.de\/public\/Single.aspx?iid=1225762\" rel=\"nofollow noopener\" target=\"_blank\">mehr lesen&#8230;<\/a>  <\/p>\n<p>  &#13;<br \/>\n03.09.2026 &#8211; <a href=\"https:\/\/www.presse-service.de\/public\/Default.aspx?p=1452\" rel=\"nofollow noopener\" target=\"_blank\">Kreis Unna &#8211; Presse und Kommunikation<\/a>&#13;<\/p>\n<p>  &#13;<br \/>\nPflege- und Wohnberatung in Bergkamen&#13;<br \/>\nKostenfrei und neutral&#13;<\/p>\n<p class=\"ins_r\">&#13;<br \/>\n      <img decoding=\"async\" class=\"news_list_single_image\" src=\"https:\/\/www.europesays.com\/de\/wp-content\/uploads\/2025\/05\/1747307889_562_logo.jpg\" alt=\"\u00a9 \"\/>&#13;<br \/>\nEintritt eines Pflegefalles stehen Betroffene und Angeh\u00f6rige vor vielen Fragen. Hilfe gibt es vor Ort in den Sprechstunden der Pflege- und Wohnberatung im Kreis Unna. In Bergkamen findet die n\u00e4chste Sprechstunde der Pflege- und Wohnberatung am Donnerstag, 10. September in der Zeit von 10 bis 12 Uhr statt. &#13;\n  <\/p>\n<p> &#13;<br \/>\n      <a href=\"https:\/\/www.presse-service.de\/public\/Single.aspx?iid=1225772\" rel=\"nofollow noopener\" target=\"_blank\">mehr lesen&#8230;<\/a>  <\/p>\n<p>&#13;<br \/>\n  &#13;<\/p>\n","protected":false},"excerpt":{"rendered":"&#13; Alle Meldungen: &#13; 03.09.2026 &#8211; Emschergenossenschaft \/ Lippeverband&#13; &#13; Blaues Klassenzimmer am Dattelner M\u00fchlenbach eingeweiht&#13; Im Beisein&hellip;\n","protected":false},"author":2,"featured_media":1278083,"comment_status":"","ping_status":"","sticky":false,"template":"","format":"standard","meta":{"footnotes":"","_share_on_mastodon":"0"},"categories":[1849],"tags":[3364,29,548,663,3934,30,13,19579,19580,62,4455,14,15,1209,178,19577,19578,19576,181,19575,12],"class_list":["post-1278082","post","type-post","status-publish","format-standard","has-post-thumbnail","category-moenchengladbach","tag-de","tag-deutschland","tag-eu","tag-europa","tag-europe","tag-germany","tag-headlines","tag-kommunal","tag-kommunaler-dienst","tag-medien","tag-moenchengladbach","tag-nachrichten","tag-news","tag-nordrhein-westfalen","tag-presse","tag-pressearchiv","tag-pressedienst","tag-pressemeldungen","tag-pressemitteilungen","tag-presseservice","tag-schlagzeilen"],"share_on_mastodon":{"url":"https:\/\/pubeurope.com\/@de\/117207179048148434","error":""},"_links":{"self":[{"href":"https:\/\/www.europesays.com\/de\/wp-json\/wp\/v2\/posts\/1278082","targetHints":{"allow":["GET"]}}],"collection":[{"href":"https:\/\/www.europesays.com\/de\/wp-json\/wp\/v2\/posts"}],"about":[{"href":"https:\/\/www.europesays.com\/de\/wp-json\/wp\/v2\/types\/post"}],"author":[{"embeddable":true,"href":"https:\/\/www.europesays.com\/de\/wp-json\/wp\/v2\/users\/2"}],"replies":[{"embeddable":true,"href":"https:\/\/www.europesays.com\/de\/wp-json\/wp\/v2\/comments?post=1278082"}],"version-history":[{"count":0,"href":"https:\/\/www.europesays.com\/de\/wp-json\/wp\/v2\/posts\/1278082\/revisions"}],"wp:featuredmedia":[{"embeddable":true,"href":"https:\/\/www.europesays.com\/de\/wp-json\/wp\/v2\/media\/1278083"}],"wp:attachment":[{"href":"https:\/\/www.europesays.com\/de\/wp-json\/wp\/v2\/media?parent=1278082"}],"wp:term":[{"taxonomy":"category","embeddable":true,"href":"https:\/\/www.europesays.com\/de\/wp-json\/wp\/v2\/categories?post=1278082"},{"taxonomy":"post_tag","embeddable":true,"href":"https:\/\/www.europesays.com\/de\/wp-json\/wp\/v2\/tags?post=1278082"}],"curies":[{"name":"wp","href":"https:\/\/api.w.org\/{rel}","templated":true}]}}