{"id":1278102,"date":"2026-09-03T12:57:16","date_gmt":"2026-09-03T12:57:16","guid":{"rendered":"https:\/\/www.europesays.com\/de\/1278102\/"},"modified":"2026-09-03T12:57:16","modified_gmt":"2026-09-03T12:57:16","slug":"ein-verletzter-nach-stickstoffaustritt-bei-thermo-fischer-in-wuppertal","status":"publish","type":"post","link":"https:\/\/www.europesays.com\/de\/1278102\/","title":{"rendered":"Ein Verletzter nach Stickstoffaustritt bei Thermo Fischer in Wuppertal"},"content":{"rendered":"<p class=\"text_ohne_einzug richtext text-em-55 !leading-serif mx-6 desktop:mx-0\">Bei Thermo Fischer an der \u00d6hder Stra\u00dfe in Wuppertal ist am Donnerstagvormittag, 3. September, eine gr\u00f6\u00dfere Menge Stickstoff ausgetreten. Ein Mensch wurde dabei verletzt und wird aktuell im Krankenhaus behandelt.<\/p>\n<p class=\"richtext text-em-55 !leading-serif mx-6 desktop:mx-0\">Bei Bauarbeiten war laut Angaben der Feuerwehr versehentlich eine Stickstoffleitung angebohrt worden. Wegen des Gasaustritts reduzierte sich der Sauerstoffgehalt der Luft in dem Geb\u00e4udeteil stark. Feuerwehrkr\u00e4fte gingen unter Atemschutz in das bereits ger\u00e4umte Geb\u00e4ude. Sie stellten fest, dass die Stickstoff-Flasche schon leer war. Der Geb\u00e4udeteil wurde bel\u00fcftet, bis keine erh\u00f6hte Stickstoffkonzentration mehr messbar war.<\/p>\n","protected":false},"excerpt":{"rendered":"Bei Thermo Fischer an der \u00d6hder Stra\u00dfe in Wuppertal ist am Donnerstagvormittag, 3. September, eine gr\u00f6\u00dfere Menge Stickstoff&hellip;\n","protected":false},"author":2,"featured_media":1278103,"comment_status":"","ping_status":"","sticky":false,"template":"","format":"standard","meta":{"footnotes":"","_share_on_mastodon":"0"},"categories":[1840],"tags":[3364,29,10927,10019,94769,30,3263,1209,50317,263709,252056,263710,263708,4418],"class_list":["post-1278102","post","type-post","status-publish","format-standard","has-post-thumbnail","category-wuppertal","tag-de","tag-deutschland","tag-fischer","tag-gebaeude","tag-gebaeudeteil","tag-germany","tag-krankenhaus","tag-nordrhein-westfalen","tag-stickstoff","tag-stickstoffaustritt","tag-stickstoffkonzentration","tag-stickstoffleitung","tag-thermo","tag-wuppertal"],"share_on_mastodon":{"url":"https:\/\/pubeurope.com\/@de\/117207226489373766","error":""},"_links":{"self":[{"href":"https:\/\/www.europesays.com\/de\/wp-json\/wp\/v2\/posts\/1278102","targetHints":{"allow":["GET"]}}],"collection":[{"href":"https:\/\/www.europesays.com\/de\/wp-json\/wp\/v2\/posts"}],"about":[{"href":"https:\/\/www.europesays.com\/de\/wp-json\/wp\/v2\/types\/post"}],"author":[{"embeddable":true,"href":"https:\/\/www.europesays.com\/de\/wp-json\/wp\/v2\/users\/2"}],"replies":[{"embeddable":true,"href":"https:\/\/www.europesays.com\/de\/wp-json\/wp\/v2\/comments?post=1278102"}],"version-history":[{"count":0,"href":"https:\/\/www.europesays.com\/de\/wp-json\/wp\/v2\/posts\/1278102\/revisions"}],"wp:featuredmedia":[{"embeddable":true,"href":"https:\/\/www.europesays.com\/de\/wp-json\/wp\/v2\/media\/1278103"}],"wp:attachment":[{"href":"https:\/\/www.europesays.com\/de\/wp-json\/wp\/v2\/media?parent=1278102"}],"wp:term":[{"taxonomy":"category","embeddable":true,"href":"https:\/\/www.europesays.com\/de\/wp-json\/wp\/v2\/categories?post=1278102"},{"taxonomy":"post_tag","embeddable":true,"href":"https:\/\/www.europesays.com\/de\/wp-json\/wp\/v2\/tags?post=1278102"}],"curies":[{"name":"wp","href":"https:\/\/api.w.org\/{rel}","templated":true}]}}