{"id":1278106,"date":"2026-09-03T13:02:36","date_gmt":"2026-09-03T13:02:36","guid":{"rendered":"https:\/\/www.europesays.com\/de\/1278106\/"},"modified":"2026-09-03T13:02:36","modified_gmt":"2026-09-03T13:02:36","slug":"iran-mindestens-15-tote-nach-us-attacken","status":"publish","type":"post","link":"https:\/\/www.europesays.com\/de\/1278106\/","title":{"rendered":"Iran: Mindestens 15 Tote nach US-Attacken"},"content":{"rendered":"<p>Die <a class=\"internal-link\" href=\"https:\/\/www.dw.com\/de\/usa-vereinigte-staaten-amerika\/t-17286012\" rel=\"nofollow noopener\" target=\"_blank\">USA<\/a> und der <a class=\"internal-link\" href=\"https:\/\/www.dw.com\/de\/iran\/t-17281594\" rel=\"nofollow noopener\" target=\"_blank\">Iran<\/a> haben sich erneut gegenseitig attackiert und damit die \u00d6lpreise weiter nach oben getrieben. Ein Barrel Roh\u00f6l der Referenzsorte Brent mit Lieferung im November kostete zwischenzeitlich 97,04 US-Dollar (83,82 Euro) &#8211; das war der h\u00f6chste Stand seit mehr als einem Monat.<\/p>\n<p>Das US-Milit\u00e4r beschoss nach eigenen Angaben in der Nacht zu Mittwoch Luftabwehrstellungen und Radarsysteme der iranischen Revolutionsgarden sowie Ger\u00e4t zum Verlegen von Seeminen. US-Pr\u00e4sident <a class=\"internal-link\" href=\"https:\/\/www.dw.com\/de\/donald-trump\/t-18901598\" rel=\"nofollow noopener\" target=\"_blank\">Donald Trump<\/a> bezeichnete die Angriffe als Vergeltung f\u00fcr den gescheiterten Versuch der Iraner, Seeminen in der Stra\u00dfe von Hormus zu verlegen. Die Meerenge ist von zentraler Bedeutung f\u00fcr den globalen <a class=\"internal-link\" href=\"https:\/\/www.dw.com\/de\/\u00f6l\/t-73010457\" rel=\"nofollow noopener\" target=\"_blank\">\u00d6l<\/a>&#8211; und Gashandel.<\/p>\n<p>Iran: Hochzeitsfeier angegriffen<\/p>\n<p>In einer Erkl\u00e4rung der iranischen Revolutionsgarden hei\u00dft es, die USA h\u00e4tten mehrere Orte bombardiert, darunter auch zivile Gebiete. So sei eine Hochzeitsfeier im Raum Sirik angegriffen worden. Laut Staatsmedien wurden hierbei vier Menschen get\u00f6tet, unter ihnen ein kleines Kind.<\/p>\n<p><img data-format=\"MASTER_LANDSCAPE\" data-id=\"78594174\" data-url=\"https:\/\/static.dw.com\/image\/78594174_${formatId}.jpg\" data-aspect-ratio=\"16\/9\" alt=\"Iran Teheran 2026 | Pr\u00e4sident Peseschkian spricht am Chomeini-Mausoleum\" style=\"padding-bottom: 56.25%; height: 0; max-height: 0;\"\/>Noch am Dienstag hatte Irans weitgehend machtloser Pr\u00e4sident Massud Peseschkian seine Bereitschaft zur Deeskalation erkl\u00e4rt (Archivbild)Bild: Iranian Presidency\/UPI Photo\/IMAGO<\/p>\n<p>Aus der Industrieprovinz Chusestan werden\u00a0sieben Todesopfer gemeldet. In der Provinz Kermanschah wurden nach offiziellen Angaben vier Soldaten der Luftwaffe get\u00f6tet. Explosionen gab es auch auf der Insel Gheschm und in der Gro\u00dfstadt Bandar Abbas an der Stra\u00dfe von Hormus, auf der im Persischen Golf liegenden Insel Lavan sowie weiter \u00f6stlich im Raum Konarak und in der Hafenstadt Tschabahar.<\/p>\n<p>Bericht: USA verfolgen &#8222;Tanker-f\u00fcr-Tanker&#8220;-Politik<\/p>\n<p>Das US-Nachrichtenportal &#8222;Axios&#8220; berichtet unter Berufung auf US-Beamte, das Milit\u00e4r habe zwei Tanker der iranischen Regierung angegriffen. Das sei erstmals als Vergeltung f\u00fcr iranische Angriffe auf Frachter in der Stra\u00dfe von Hormus geschehen &#8211; und nicht, um Schiffe daran zu hindern, die gegen iranische H\u00e4fen verh\u00e4ngte US-Seeblockade zu durchbrechen.<\/p>\n<p>Das Vorgehen des US-Milit\u00e4rs sei Teil einer neuen &#8222;Tanker-f\u00fcr-Tanker&#8220;-Politik, die von Trump gebilligt worden sei, wurde ein US-Beamter zitiert. Damit wolle man den Iran von Angriffen auf Tanker abhalten, die die Meerenge durchqueren. Bislang weigert sich die Islamische Republik allerdings, nachzugeben; sie beansprucht die Kontrolle \u00fcber die wichtige Meerenge f\u00fcr sich.<\/p>\n<p><img data-format=\"MASTER_LANDSCAPE\" data-id=\"78696773\" data-url=\"https:\/\/static.dw.com\/image\/78696773_${formatId}.jpg\" data-aspect-ratio=\"16\/9\" alt=\"Bahrain Manama 2026 | Rauch am Himmel nach iranischem Drohnen- und Raketenangriff\" style=\"padding-bottom: 56.25%; height: 0; max-height: 0;\"\/>Der Iran attackierte als Vergeltungsma\u00dfnahme L\u00e4nder wie Bahrain, in denen die USA Milit\u00e4rst\u00fctzpunkte habenBild: UGC\/AFP<\/p>\n<p>Die Revolutionsgarden holten in Reaktion auf die US-Angriffe umgehend zu Vergeltungsschl\u00e4gen aus. Sie griffen in <a class=\"internal-link\" href=\"https:\/\/www.dw.com\/de\/jordanien\/t-17965300\" rel=\"nofollow noopener\" target=\"_blank\">Jordanien<\/a>, <a class=\"internal-link\" href=\"https:\/\/www.dw.com\/de\/kuwait\/t-18502062\" rel=\"nofollow noopener\" target=\"_blank\">Kuwait<\/a> und <a class=\"internal-link\" href=\"https:\/\/www.dw.com\/de\/bahrain\/t-18511778\" rel=\"nofollow noopener\" target=\"_blank\">Bahrain<\/a>\u00a0Ziele mit Drohnen und Raketen an. Diese Staaten sind mit Washington verb\u00fcndet und beherbergen US-Milit\u00e4rbasen. In einer Erkl\u00e4rung der iranischen Revolutionsgarden hei\u00dft es zudem, man habe US-St\u00fctzpunkte in Erbil in der autonomen Kurdenregion im Norden des <a class=\"internal-link\" href=\"https:\/\/www.dw.com\/de\/irak\/t-17281606\" rel=\"nofollow noopener\" target=\"_blank\">Iraks<\/a> attackiert.<\/p>\n<p>In der Nacht zu Montag hatte es erstmals seit Ende Juli wieder wechselseitige Angriffe zwischen dem Iran und den USA gegeben. Dass der Beschuss nun weitergeht, unterstreicht, dass ein dauerhaftes Ende des Krieges auch mehr als ein halbes Jahr nach dessen Beginn nicht absehbar ist.<\/p>\n<p>Trump: Wann steht das iranische Volk endlich auf?<\/p>\n<p>Trump warnte Teheran: &#8222;Sollte die gescheiterte Nation Iran auf diesen v\u00f6llig gerechtfertigten Angriff reagieren, wird sie erneut noch viel h\u00e4rter und in gr\u00f6\u00dferem Umfang getroffen werden.&#8220; Er hatte der Islamischen Republik im Laufe des Konflikts bereits mehrfach mit Vernichtung gedroht, ohne dies umzusetzen.<\/p>\n<p><img data-format=\"MASTER_LANDSCAPE\" data-id=\"78407063\" data-url=\"https:\/\/static.dw.com\/image\/78407063_${formatId}.jpg\" data-aspect-ratio=\"16\/9\" alt=\"USA Washington D.C. 2026 | Pr\u00e4sident Trump\" style=\"padding-bottom: 56.25%; height: 0; max-height: 0;\"\/>&#8222;V\u00f6llig egal, ob der Iran ein Abkommen unterzeichnet&#8220;: US-Pr\u00e4sident Donald Trump (Archivbild)Bild: CNP\/AdMedia\/picture alliance<\/p>\n<p>In sozialen Medien erkl\u00e4rte der US-Pr\u00e4sident, er versuche nicht, &#8222;den Iran an den Verhandlungstisch zu zwingen&#8220;.\u00a0Es sei ihm &#8222;v\u00f6llig egal&#8220;, ob Irans F\u00fchrung ein Abkommen unterzeichne. &#8222;Mir gef\u00e4llt unsere derzeitige Position viel besser: Wir haben fast die vollst\u00e4ndige Kontrolle \u00fcber die Stra\u00dfe von Hormus, und ihre Wirtschaft bricht v\u00f6llig zusammen.&#8220; Er f\u00fcgte hinzu: &#8222;Wann wird das iranische Volk endlich aufstehen und k\u00e4mpfen?&#8220;<\/p>\n<p>Dreh- und Angelpunkt des Krieges<\/p>\n<p>Die Stra\u00dfe von Hormus hat sich im Verlauf des <a class=\"internal-link\" href=\"https:\/\/www.dw.com\/de\/iran-krieg\/t-76236616\" rel=\"nofollow noopener\" target=\"_blank\">Krieges<\/a> zum zentralen Streitpunkt zwischen Washington und Teheran entwickelt: Mit Drohungen und Angriffen auf Schiffe blockiert der Iran den Verkehr durch die Meerenge noch immer weitgehend. Laut US-Medienberichten eskortiert das US-Milit\u00e4r jedoch immer wieder erfolgreich Schiffe entlang der omanischen K\u00fcste durch die Passage zwischen dem Persischen Golf und dem Golf von Oman.<\/p>\n<p>Die US-Zeitung &#8222;Wall Street Journal&#8220; schreibt, die Attacken k\u00f6nnten den USA zwar helfen, den wirtschaftlichen Druck auf den Iran aufrechtzuerhalten und dessen F\u00fchrung daran zu hindern, die Meerenge zu kontrollieren. Der gegenseitige Beschuss drohe das US-Milit\u00e4r jedoch in einen langwierigen Konflikt zu verstricken. Ein im Juni zwischen den USA und dem Iran vereinbartes Rahmenabkommen sollte auf eine \u00d6ffnung der Meerenge hinwirken &#8211; angesichts fortdauernder Spannungen war es allerdings rasch Makulatur.<\/p>\n<p>jj\/se (dpa, afp, rtr)<\/p>\n<p>Redaktionsschluss: 18:00\u00a0Uhr (MESZ) &#8211; dieser Artikel wird nicht weiter aktualisiert.<\/p>\n","protected":false},"excerpt":{"rendered":"Die USA und der Iran haben sich erneut gegenseitig attackiert und damit die \u00d6lpreise weiter nach oben getrieben.&hellip;\n","protected":false},"author":2,"featured_media":1278107,"comment_status":"","ping_status":"","sticky":false,"template":"","format":"standard","meta":{"footnotes":"","_share_on_mastodon":"0"},"categories":[3977],"tags":[331,332,13,14,15,12,4017,4018,4016,64,4019,4020],"class_list":["post-1278106","post","type-post","status-publish","format-standard","has-post-thumbnail","category-usa","tag-aktuelle-nachrichten","tag-aktuelle-news","tag-headlines","tag-nachrichten","tag-news","tag-schlagzeilen","tag-united-states","tag-united-states-of-america","tag-us","tag-usa","tag-vereinigte-staaten","tag-vereinigte-staaten-von-amerika"],"share_on_mastodon":{"url":"https:\/\/pubeurope.com\/@de\/117207246069436127","error":""},"_links":{"self":[{"href":"https:\/\/www.europesays.com\/de\/wp-json\/wp\/v2\/posts\/1278106","targetHints":{"allow":["GET"]}}],"collection":[{"href":"https:\/\/www.europesays.com\/de\/wp-json\/wp\/v2\/posts"}],"about":[{"href":"https:\/\/www.europesays.com\/de\/wp-json\/wp\/v2\/types\/post"}],"author":[{"embeddable":true,"href":"https:\/\/www.europesays.com\/de\/wp-json\/wp\/v2\/users\/2"}],"replies":[{"embeddable":true,"href":"https:\/\/www.europesays.com\/de\/wp-json\/wp\/v2\/comments?post=1278106"}],"version-history":[{"count":0,"href":"https:\/\/www.europesays.com\/de\/wp-json\/wp\/v2\/posts\/1278106\/revisions"}],"wp:featuredmedia":[{"embeddable":true,"href":"https:\/\/www.europesays.com\/de\/wp-json\/wp\/v2\/media\/1278107"}],"wp:attachment":[{"href":"https:\/\/www.europesays.com\/de\/wp-json\/wp\/v2\/media?parent=1278106"}],"wp:term":[{"taxonomy":"category","embeddable":true,"href":"https:\/\/www.europesays.com\/de\/wp-json\/wp\/v2\/categories?post=1278106"},{"taxonomy":"post_tag","embeddable":true,"href":"https:\/\/www.europesays.com\/de\/wp-json\/wp\/v2\/tags?post=1278106"}],"curies":[{"name":"wp","href":"https:\/\/api.w.org\/{rel}","templated":true}]}}