{"id":1278130,"date":"2026-09-03T13:19:28","date_gmt":"2026-09-03T13:19:28","guid":{"rendered":"https:\/\/www.europesays.com\/de\/1278130\/"},"modified":"2026-09-03T13:19:28","modified_gmt":"2026-09-03T13:19:28","slug":"kreuzung-in-dresden-raecknitz-wird-saniert-in-herbstferien-komplett-dicht","status":"publish","type":"post","link":"https:\/\/www.europesays.com\/de\/1278130\/","title":{"rendered":"Kreuzung in Dresden-R\u00e4cknitz wird saniert \u2013 in Herbstferien komplett dicht"},"content":{"rendered":"<p>Baustelle ab Montag <\/p>\n<p>Kreuzung in R\u00e4cknitz wird saniert \u2013 in den Herbstferien komplett dicht<\/p>\n<p>03.09.2026 &#8211; 14:09 UhrLesedauer: 1 Min.<\/p>\n<p><a href=\"#focus-0\" class=\"transition-colors block text-current relative\" data-sctrack=\"FocusGalleryImage.Reference\"><img fetchpriority=\"high\" data-testid=\"Opener.Image\"   loading=\"eager\" src=\"https:\/\/www.europesays.com\/de\/wp-content\/uploads\/2026\/09\/baustellen-absperrungen-symbolbild-in-der-nacht-von-montag-auf-dienstag-wird-in-dresden-die-anschlus.jpeg\" alt=\"Baustellen-Absperrungen (Symbolbild): In der Nacht von Montag auf Dienstag wird in Dresden die Anschlussstelle Dresden-Flughafen in Fahrtrichtung G\u00f6rlitz voll gesperrt.\" title=\"Baustellen-Absperrungen (Symbolbild): In der Nacht von Montag auf Dienstag wird in Dresden die Anschlussstelle Dresden-Flughafen in Fahrtrichtung G\u00f6rlitz voll gesperrt.\" width=\"4000\" height=\"2250\" class=\"bg-[url:var(--lqipURL)] bg-cover bg-center flex h-full w-full max-w-full\" style=\"--lqipURL:url('https:\/\/images.t-online.de\/2026\/05\/sIWDMdW--A0U\/0x399:4000x2250\/fit-in\/150x0\/filters:blur(25)\/baustellen-absperrungen-symbolbild-in-der-nacht-von-montag-auf-dienstag-wird-in-dresden-die-anschlussstelle-dresden-flughafen-in-fahrtrichtung-goerlitz-voll-gesperrt.jpg')\" decoding=\"async\"\/><img loading=\"lazy\" src=\"https:\/\/dresden.t-online.de\/s\/paper\/_next\/static\/media\/zoom-in.f7dae02f.svg\" alt=\"Vergr\u00f6\u00dfern des Bildes\" title=\"Vergr\u00f6\u00dfern des Bildes\" class=\"block h-[calc(var(--height)_\/_16_*_1rem)] w-[calc(var(--width)_\/_16_*_1rem)] max-w-none absolute right-8 bottom-8 rounded-4 bg-snow p-8\" style=\"--width:32;--height:32\" decoding=\"async\"\/><\/a><\/p>\n<p>Baustellen-Absperrungen (Symbolbild): In der Nacht von Montag auf Dienstag wird in Dresden die Anschlussstelle Dresden-Flughafen in Fahrtrichtung G\u00f6rlitz voll gesperrt. (Quelle: IMAGO\/mix1\/imago)<\/p>\n<p><img loading=\"lazy\" src=\"https:\/\/dresden.t-online.de\/s\/paper\/_next\/static\/media\/audio-volume.6689034c.svg\" alt=\"\" title=\"\" class=\"block h-[calc(var(--height)_\/_16_*_1rem)] w-[calc(var(--width)_\/_16_*_1rem)] max-w-none group-hover:brightness-0 group-hover:invert\" style=\"--width:16;--height:16\" decoding=\"async\"\/>Vorlesen<\/p>\n<p>Aktuelle Zeit:0:00Gesamtdauer:0:00<\/p>\n<p>1x<img loading=\"lazy\" src=\"https:\/\/dresden.t-online.de\/s\/paper\/_next\/static\/media\/font-sizes.32942e33.svg\" alt=\"\" title=\"\" class=\"block h-[calc(var(--height)_\/_16_*_1rem)] w-[calc(var(--width)_\/_16_*_1rem)] max-w-none group-hover:hidden group-aria-expanded:hidden\" style=\"--width:16;--height:16\" decoding=\"async\"\/><img loading=\"lazy\" src=\"https:\/\/dresden.t-online.de\/s\/paper\/_next\/static\/media\/font-sizes-dark-mode.e382645c.svg\" alt=\"\" title=\"\" class=\"block h-[calc(var(--height)_\/_16_*_1rem)] w-[calc(var(--width)_\/_16_*_1rem)] max-w-none hidden group-hover:block group-aria-expanded:block\" style=\"--width:16;--height:16\" decoding=\"async\"\/><img loading=\"lazy\" src=\"https:\/\/dresden.t-online.de\/s\/paper\/_next\/static\/media\/sharing-menu-icon.1eb71368.svg\" alt=\"\" title=\"\" class=\"block h-[calc(var(--height)_\/_16_*_1rem)] w-[calc(var(--width)_\/_16_*_1rem)] max-w-none group-hover:brightness-0 group-hover:invert\" style=\"--width:16;--height:16\" decoding=\"async\"\/>Artikel teilen<\/p>\n<p class=\"font-bold text-18 leading-17 user-text-lg:text-22 user-text-xl:text-24\">Die Stadt l\u00e4sst eine viel befahrene Kreuzung in R\u00e4cknitz erneuern und zwei Bushaltestellen barrierefrei umbauen. Die Arbeiten dauern sechs Wochen.<\/p>\n<p class=\"text-18 leading-17 user-text-lg:text-22 user-text-xl:text-24\">Ab Montag, 7. September, saniert das Stra\u00dfen- und Tiefbauamt die Kreuzung M\u00fcnzmeisterstra\u00dfe\/S\u00fcdh\u00f6he in R\u00e4cknitz. Gleichzeitig baut die Stadt die Bushaltestellen M\u00fcnzmeisterstra\u00dfe S\u00fcd und S\u00fcdh\u00f6he West barrierefrei um. Die Arbeiten dauern laut Stadt voraussichtlich bis zum 16. Oktober.<\/p>\n<p class=\"text-18 leading-17 user-text-lg:text-22 user-text-xl:text-24\">Die Baustelle l\u00e4uft in zwei Phasen. Zun\u00e4chst wird vor allem auf den Gehwegen gearbeitet. Autos kommen an der Baustelle vorbei, Fu\u00dfg\u00e4nger und Radfahrer werden per Baustellenampel um die Baufelder gef\u00fchrt.<\/p>\n<p>Kreuzung in Plauen: In den Herbstferien kein Durchkommen<\/p>\n<p class=\"text-18 leading-17 user-text-lg:text-22 user-text-xl:text-24\">In den s\u00e4chsischen Herbstferien sperrt die Stadt die Kreuzung dann komplett. Autofahrer m\u00fcssen \u00fcber eine weitr\u00e4umige Umleitung ausweichen: Bergstra\u00dfe \u2013 R\u00e4cknitzh\u00f6he \u2013 Paradiesstra\u00dfe \u2013 Zellescher Weg \u2013 Gostritzer Stra\u00dfe \u2013 Boderitzer Stra\u00dfe \u2013 Possendorfer Stra\u00dfe. Radfahrer folgen der gleichen Route oder m\u00fcssen im Baubereich vom Radweg auf die Fahrbahn wechseln. Anwohner erreichen ihre Grundst\u00fccke w\u00e4hrend der Vollsperrung jederzeit zu Fu\u00df.<\/p>\n<p class=\"text-18 leading-17 user-text-lg:text-22 user-text-xl:text-24\">Die Gesamtkosten betragen laut Stadt rund 292.000 Euro, davon \u00fcbernimmt Dresden selbst 262.000 Euro. Den barrierefreien Haltestellenumbau f\u00f6rdert der Freistaat Sachsen.<\/p>\n","protected":false},"excerpt":{"rendered":"Baustelle ab Montag Kreuzung in R\u00e4cknitz wird saniert \u2013 in den Herbstferien komplett dicht 03.09.2026 &#8211; 14:09 UhrLesedauer:&hellip;\n","protected":false},"author":2,"featured_media":1278131,"comment_status":"","ping_status":"","sticky":false,"template":"","format":"standard","meta":{"footnotes":"","_share_on_mastodon":"0"},"categories":[1835],"tags":[11999,722,246728,2461,16036,3364,29,2386,30,14373,263712,859,9914],"class_list":["post-1278130","post","type-post","status-publish","format-standard","has-post-thumbnail","category-dresden","tag-herbstferien","tag-722","tag-246728","tag-baustelle","tag-bushaltestelle","tag-de","tag-deutschland","tag-dresden","tag-germany","tag-goerlitz","tag-raecknitz","tag-sachsen","tag-sued"],"share_on_mastodon":{"url":"https:\/\/pubeurope.com\/@de\/117207315050011708","error":""},"_links":{"self":[{"href":"https:\/\/www.europesays.com\/de\/wp-json\/wp\/v2\/posts\/1278130","targetHints":{"allow":["GET"]}}],"collection":[{"href":"https:\/\/www.europesays.com\/de\/wp-json\/wp\/v2\/posts"}],"about":[{"href":"https:\/\/www.europesays.com\/de\/wp-json\/wp\/v2\/types\/post"}],"author":[{"embeddable":true,"href":"https:\/\/www.europesays.com\/de\/wp-json\/wp\/v2\/users\/2"}],"replies":[{"embeddable":true,"href":"https:\/\/www.europesays.com\/de\/wp-json\/wp\/v2\/comments?post=1278130"}],"version-history":[{"count":0,"href":"https:\/\/www.europesays.com\/de\/wp-json\/wp\/v2\/posts\/1278130\/revisions"}],"wp:featuredmedia":[{"embeddable":true,"href":"https:\/\/www.europesays.com\/de\/wp-json\/wp\/v2\/media\/1278131"}],"wp:attachment":[{"href":"https:\/\/www.europesays.com\/de\/wp-json\/wp\/v2\/media?parent=1278130"}],"wp:term":[{"taxonomy":"category","embeddable":true,"href":"https:\/\/www.europesays.com\/de\/wp-json\/wp\/v2\/categories?post=1278130"},{"taxonomy":"post_tag","embeddable":true,"href":"https:\/\/www.europesays.com\/de\/wp-json\/wp\/v2\/tags?post=1278130"}],"curies":[{"name":"wp","href":"https:\/\/api.w.org\/{rel}","templated":true}]}}