{"id":1278140,"date":"2026-09-03T13:28:23","date_gmt":"2026-09-03T13:28:23","guid":{"rendered":"https:\/\/www.europesays.com\/de\/1278140\/"},"modified":"2026-09-03T13:28:23","modified_gmt":"2026-09-03T13:28:23","slug":"duesseldorf-feuerwehr-beendet-waldbrand-einsatz-in-serbien","status":"publish","type":"post","link":"https:\/\/www.europesays.com\/de\/1278140\/","title":{"rendered":"D\u00fcsseldorf: Feuerwehr beendet Waldbrand-Einsatz in Serbien"},"content":{"rendered":"<p class=\"text_ohne_einzug richtext text-em-55 !leading-serif mx-6 desktop:mx-0\"> Nach elf Tagen ist der Einsatz des deutschen EU-Waldbrandmoduls in Serbien beendet. Die Einsatzkr\u00e4fte der Feuerwehren D\u00fcsseldorf, Bonn, Leverkusen und K\u00f6nigswinter kehrten am Dienstag an ihre Heimatstandorte zur\u00fcck.<\/p>\n<p class=\"text_ohne_einzug richtext text-em-55 !leading-serif mx-6 desktop:mx-0\">Seit ihrer Ankunft am 24. August unterst\u00fctzten die deutschen Feuerwehrleute die serbischen Einsatzkr\u00e4fte bei der Bek\u00e4mpfung gro\u00dffl\u00e4chiger Waldbr\u00e4nde im rund 30.000 Hektar umfassenden Naturschutzgebiet \u201eDeliblatska Pescara&#8220; \u00f6stlich von Belgrad.<\/p>\n<p class=\"richtext text-em-55 !leading-serif mx-6 desktop:mx-0\">Die Teams arbeiteten im Tag- und Nachtschichtbetrieb: Sie bek\u00e4mpften Bodenfeuer, sicherten Brandschneisen, leisteten Nachl\u00f6scharbeiten und sch\u00fctzten gef\u00e4hrdete Bereiche. Wegen des sandigen, dicht bewachsenen und teils schwer zug\u00e4nglichen Gel\u00e4ndes kamen vor allem gel\u00e4ndeg\u00e4ngige L\u00f6schfahrzeuge, L\u00f6schrucks\u00e4cke, Handwerkzeuge und Schlauchleitungen zum Einsatz.<\/p>\n<p class=\"text_ohne_einzug richtext text-em-55 !leading-serif mx-6 desktop:mx-0\">Als die Feuer weniger wurden, verlagerte sich der Schwerpunkt auf die Suche nach Glutnestern und die Kontrolle von \u00dcbergangsbereichen zwischen verbrannter und unverbrannter Fl\u00e4che. Parallel koordinierten die Einsatzkr\u00e4fte unter serbischer F\u00fchrung gezielte L\u00f6schwasserabw\u00fcrfe aus der Luft. Dabei wurden kritische Bereiche an die Luftfahrzeuge \u00fcbermittelt, Beobachtungen aus der Luft umgekehrt direkt an die Einheiten am Boden weitergegeben.<\/p>\n<p class=\"richtext text-em-55 !leading-serif mx-6 desktop:mx-0\">Die ausschlie\u00dflich ehrenamtlichen Einsatzkr\u00e4fte der Feuerwehr D\u00fcsseldorf erreichten im Laufe des Dienstages wieder die Landeshauptstadt. Nach \u00dcberpr\u00fcfung und Reinigung der Fahrzeuge ist die Einsatzbereitschaft inzwischen wieder vollst\u00e4ndig hergestellt.<\/p>\n","protected":false},"excerpt":{"rendered":"Nach elf Tagen ist der Einsatz des deutschen EU-Waldbrandmoduls in Serbien beendet. Die Einsatzkr\u00e4fte der Feuerwehren D\u00fcsseldorf, Bonn,&hellip;\n","protected":false},"author":2,"featured_media":1278141,"comment_status":"","ping_status":"","sticky":false,"template":"","format":"standard","meta":{"footnotes":"","_share_on_mastodon":"0"},"categories":[1831],"tags":[74591,3364,263713,29,3405,588,9032,29384,987,24127,30,11638,114941,1209,5157,263714,6448],"class_list":["post-1278140","post","type-post","status-publish","format-standard","has-post-thumbnail","category-duesseldorf","tag-bereiche","tag-de","tag-deliblatska","tag-deutschland","tag-duesseldorf","tag-einsatz","tag-einsatzkraefte","tag-elf","tag-feuer","tag-feuerwehrleute","tag-germany","tag-luft","tag-luftfahrzeuge","tag-nordrhein-westfalen","tag-serbien","tag-uebergangsbereichen","tag-waldbraende"],"share_on_mastodon":{"url":"","error":""},"_links":{"self":[{"href":"https:\/\/www.europesays.com\/de\/wp-json\/wp\/v2\/posts\/1278140","targetHints":{"allow":["GET"]}}],"collection":[{"href":"https:\/\/www.europesays.com\/de\/wp-json\/wp\/v2\/posts"}],"about":[{"href":"https:\/\/www.europesays.com\/de\/wp-json\/wp\/v2\/types\/post"}],"author":[{"embeddable":true,"href":"https:\/\/www.europesays.com\/de\/wp-json\/wp\/v2\/users\/2"}],"replies":[{"embeddable":true,"href":"https:\/\/www.europesays.com\/de\/wp-json\/wp\/v2\/comments?post=1278140"}],"version-history":[{"count":0,"href":"https:\/\/www.europesays.com\/de\/wp-json\/wp\/v2\/posts\/1278140\/revisions"}],"wp:featuredmedia":[{"embeddable":true,"href":"https:\/\/www.europesays.com\/de\/wp-json\/wp\/v2\/media\/1278141"}],"wp:attachment":[{"href":"https:\/\/www.europesays.com\/de\/wp-json\/wp\/v2\/media?parent=1278140"}],"wp:term":[{"taxonomy":"category","embeddable":true,"href":"https:\/\/www.europesays.com\/de\/wp-json\/wp\/v2\/categories?post=1278140"},{"taxonomy":"post_tag","embeddable":true,"href":"https:\/\/www.europesays.com\/de\/wp-json\/wp\/v2\/tags?post=1278140"}],"curies":[{"name":"wp","href":"https:\/\/api.w.org\/{rel}","templated":true}]}}