{"id":1278142,"date":"2026-09-03T13:30:14","date_gmt":"2026-09-03T13:30:14","guid":{"rendered":"https:\/\/www.europesays.com\/de\/1278142\/"},"modified":"2026-09-03T13:30:14","modified_gmt":"2026-09-03T13:30:14","slug":"fortuna-duesseldorf-mit-erik-wekesser-gewinnt-fortuna-wieder-sport","status":"publish","type":"post","link":"https:\/\/www.europesays.com\/de\/1278142\/","title":{"rendered":"Fortuna D\u00fcsseldorf: Mit Erik Wekesser gewinnt Fortuna wieder | Sport"},"content":{"rendered":"<p><a class=\"skip-content skip-content--link\" href=\"#in-content-skip-link-target-v-0-0\">TTS-Player \u00fcberspringen\u21b5<\/a><a id=\"in-content-skip-link-target-v-0-0\" class=\"skip-content--target-link-hidden skip-content skip-content--target-link\" href=\"#in-content-skip-link-target-v-0-0\">Artikel weiterlesen<\/a><\/p>\n<p><b>Kaum ist er da, gewinnt <\/b><a href=\"https:\/\/www.bild.de\/sport\/fussball\/fortuna-duesseldorf\/startseite-fortuna-duesseldorf-31148850.bild.html\" class=\"text-link\" rel=\"nofollow noopener\" target=\"_blank\"><b>Fortuna D\u00fcsseldorf<\/b><\/a><b> endlich wieder. Darauf angesprochen, muss Erik Wekesser (29) lachen: \u201eIch bin einfach froh, hier zu sein. Ich habe mich sehr \u00fcber den Sieg gefreut.\u201c<\/b><\/p>\n<p>Bei dem er die letzten 21 Minuten auf dem Platz stand. Der Linksverteidiger war beim Stand von 1:0 gegen VfB Stuttgart II f\u00fcr Sascha Risch (26) gekommen. Erst vier Tage zuvor wechselte Wekesser von Lautern an den Rhein und feierte damit ein gelungenes Doppel-Deb\u00fct. Es war sein erster Einsatz f\u00fcr seinen neuen Klub und sein erstes Spiel in der <a href=\"https:\/\/www.bild.de\/sport\/fussball\/3-liga\/home-15770732.bild.html\" class=\"text-link\" rel=\"nofollow noopener\" target=\"_blank\">3. Liga<\/a> nach zuvor 151 Spielen in der 2. Liga.<\/p>\n<p>\u201eIch habe Bock, anzupacken!\u201c<\/p>\n<p>Der Neuzugang ist ein abl\u00f6sefreies Schn\u00e4ppchen f\u00fcr Fortuna. Wekesser hatte noch einen Vertrag bis 2028 in Lautern, kam sogar beim Saisonstart in Wolfsburg (0:0) noch zu einem Kurzeinsatz. Danach einigten sich Klub und Spieler gegen Zahlung einer Abfindung auf die Trennung \u2013 und der Weg nach D\u00fcsseldorf war frei.<\/p>\n<p>In Lautern war Wekesser angesehen, geh\u00f6rte dem Mannschaftsrat an: \u201eIch habe aus meiner Sicht eine gute Vorbereitung gespielt.\u201c Trotzdem wurde ihm klar signalisiert, dass er wohl keine gro\u00dfen Chancen hat, viel zum Einsatz zu kommen: \u201eAber am Ende des Tages geh\u00f6rt das zum Business Fu\u00dfball. Da muss man den Tatsachen ins Auge schauen.\u201c<\/p>\n<p>Er entschied sich f\u00fcr den Wechsel: \u201eWeil mein Anspruch ist, zu spielen. Mein Ehrgeiz ist viel zu gro\u00df, um mich auf die Bank zu hocken und zu hoffen, Minuten zu sammeln. Ich habe Bock, anzupacken. Ich habe Bock auf die Herausforderung.\u201c<\/p>\n<p>Mehr zum Thema<\/p>\n<p>Mit Risch hat er einen Konkurrenten als auf der linken Abwehrseite. Wekesser betont, dass die beiden sich gut verstehen: \u201eIch bin ja gelernter St\u00fcrmer. Wer mich verfolgt hat, wei\u00df, dass ich in der 2. Liga schon jede Position gespielt habe. Der Trainer wird schon wissen, wo ich der Mannschaft am meisten helfen kann.\u201c<\/p>\n<p>Der erl\u00f6sende erste Saisonsieg ist f\u00fcr Wekesser nur der Auftakt gewesen. Jetzt soll es beim Derby bei Fortuna K\u00f6ln (So., 19.30 Uhr\/live MagentaSport) weitergehen: \u201eSpielerisch wie auch von den Punkten her. Deshalb Feuer frei, wir sind alle bereit! Wir wollen gewinnen!\u201c<\/p>\n","protected":false},"excerpt":{"rendered":"TTS-Player \u00fcberspringen\u21b5Artikel weiterlesen Kaum ist er da, gewinnt Fortuna D\u00fcsseldorf endlich wieder. Darauf angesprochen, muss Erik Wekesser (29)&hellip;\n","protected":false},"author":2,"featured_media":1278143,"comment_status":"","ping_status":"","sticky":false,"template":"","format":"standard","meta":{"footnotes":"","_share_on_mastodon":"0"},"categories":[1831],"tags":[13054,5876,3364,29,996,3405,3132,347,30,16484,1209,5806,819,260041],"class_list":["post-1278142","post","type-post","status-publish","format-standard","has-post-thumbnail","category-duesseldorf","tag-abstieg","tag-aufstieg","tag-de","tag-deutschland","tag-dritte-liga","tag-duesseldorf","tag-fortuna-duesseldorf","tag-fussball","tag-germany","tag-joerg-zschoche","tag-nordrhein-westfalen","tag-sc-fortuna-koeln","tag-sport-leuchtturm-essen","tag-wekesser-erik"],"share_on_mastodon":{"url":"https:\/\/pubeurope.com\/@de\/117207356392854990","error":""},"_links":{"self":[{"href":"https:\/\/www.europesays.com\/de\/wp-json\/wp\/v2\/posts\/1278142","targetHints":{"allow":["GET"]}}],"collection":[{"href":"https:\/\/www.europesays.com\/de\/wp-json\/wp\/v2\/posts"}],"about":[{"href":"https:\/\/www.europesays.com\/de\/wp-json\/wp\/v2\/types\/post"}],"author":[{"embeddable":true,"href":"https:\/\/www.europesays.com\/de\/wp-json\/wp\/v2\/users\/2"}],"replies":[{"embeddable":true,"href":"https:\/\/www.europesays.com\/de\/wp-json\/wp\/v2\/comments?post=1278142"}],"version-history":[{"count":0,"href":"https:\/\/www.europesays.com\/de\/wp-json\/wp\/v2\/posts\/1278142\/revisions"}],"wp:featuredmedia":[{"embeddable":true,"href":"https:\/\/www.europesays.com\/de\/wp-json\/wp\/v2\/media\/1278143"}],"wp:attachment":[{"href":"https:\/\/www.europesays.com\/de\/wp-json\/wp\/v2\/media?parent=1278142"}],"wp:term":[{"taxonomy":"category","embeddable":true,"href":"https:\/\/www.europesays.com\/de\/wp-json\/wp\/v2\/categories?post=1278142"},{"taxonomy":"post_tag","embeddable":true,"href":"https:\/\/www.europesays.com\/de\/wp-json\/wp\/v2\/tags?post=1278142"}],"curies":[{"name":"wp","href":"https:\/\/api.w.org\/{rel}","templated":true}]}}