{"id":1278144,"date":"2026-09-03T13:31:28","date_gmt":"2026-09-03T13:31:28","guid":{"rendered":"https:\/\/www.europesays.com\/de\/1278144\/"},"modified":"2026-09-03T13:31:28","modified_gmt":"2026-09-03T13:31:28","slug":"korntal-muenchingen-person-im-gleis-zwingt-zug-zur-schnellbremsung","status":"publish","type":"post","link":"https:\/\/www.europesays.com\/de\/1278144\/","title":{"rendered":"Korntal-M\u00fcnchingen: Person im Gleis zwingt Zug zur Schnellbremsung"},"content":{"rendered":"<p>Eine Person im Gleis hat bei Korntal eine Schnellbremsung ausgel\u00f6st. Kurz darauf wurde erneut jemand im Gleisbereich gesehen.<\/p>\n<p>Korntal-M\u00fcnchingen. Auf der Bahnstrecke zwischen Korntal und Neuwirtshaus befand sich am Mittwoch gegen 15 Uhr eine unbekannte Person im Gleisbereich. Der Fahrer eines Zuges leitete bei rund 90 Kilometern pro Stunde eine Schnellbremsung ein. Verletzt wurde niemand. Nach einem kurzen Gespr\u00e4ch fl\u00fcchtete die Person in Richtung Neuwirtshaus. Wenig sp\u00e4ter wurde zwischen Korntal und Ditzingen erneut eine Person im Gleis gesehen. Ob es dieselbe war, ist unklar. Hinweise nimmt die Bundespolizei unter Telefon: <a href=\"https:\/\/www.lkz.de\/lokales\/tel:(0711)%20550%2049%2010%2020\" target=\"_blank\" rel=\"nofollow noopener\">(0711) 550 49 10 20<\/a>, oder per E-Mail an: <a href=\"https:\/\/www.lkz.de\/lokales\/mailto:bpoli.stuttgart.oea@polizei.bund.de\" target=\"_blank\" rel=\"nofollow noopener\">bpoli.stuttgart.oea@polizei.bund.de<\/a>, entgegen. (red)<\/p>\n","protected":false},"excerpt":{"rendered":"Eine Person im Gleis hat bei Korntal eine Schnellbremsung ausgel\u00f6st. Kurz darauf wurde erneut jemand im Gleisbereich gesehen.&hellip;\n","protected":false},"author":2,"featured_media":1278145,"comment_status":"","ping_status":"","sticky":false,"template":"","format":"standard","meta":{"footnotes":"","_share_on_mastodon":"0"},"categories":[1830],"tags":[128337,1634,1739,1950,3364,2030,29,30,8553,121,4908,1441],"class_list":["post-1278144","post","type-post","status-publish","format-standard","has-post-thumbnail","category-stuttgart","tag-update-me","tag-baden-wuerttemberg","tag-bahn","tag-blaulicht","tag-de","tag-deutsche-bahn","tag-deutschland","tag-germany","tag-korntal-muenchingen","tag-polizei","tag-polizeieinsatz","tag-stuttgart"],"share_on_mastodon":{"url":"https:\/\/pubeurope.com\/@de\/117207360015058928","error":""},"_links":{"self":[{"href":"https:\/\/www.europesays.com\/de\/wp-json\/wp\/v2\/posts\/1278144","targetHints":{"allow":["GET"]}}],"collection":[{"href":"https:\/\/www.europesays.com\/de\/wp-json\/wp\/v2\/posts"}],"about":[{"href":"https:\/\/www.europesays.com\/de\/wp-json\/wp\/v2\/types\/post"}],"author":[{"embeddable":true,"href":"https:\/\/www.europesays.com\/de\/wp-json\/wp\/v2\/users\/2"}],"replies":[{"embeddable":true,"href":"https:\/\/www.europesays.com\/de\/wp-json\/wp\/v2\/comments?post=1278144"}],"version-history":[{"count":0,"href":"https:\/\/www.europesays.com\/de\/wp-json\/wp\/v2\/posts\/1278144\/revisions"}],"wp:featuredmedia":[{"embeddable":true,"href":"https:\/\/www.europesays.com\/de\/wp-json\/wp\/v2\/media\/1278145"}],"wp:attachment":[{"href":"https:\/\/www.europesays.com\/de\/wp-json\/wp\/v2\/media?parent=1278144"}],"wp:term":[{"taxonomy":"category","embeddable":true,"href":"https:\/\/www.europesays.com\/de\/wp-json\/wp\/v2\/categories?post=1278144"},{"taxonomy":"post_tag","embeddable":true,"href":"https:\/\/www.europesays.com\/de\/wp-json\/wp\/v2\/tags?post=1278144"}],"curies":[{"name":"wp","href":"https:\/\/api.w.org\/{rel}","templated":true}]}}