{"id":1278166,"date":"2026-09-03T13:54:18","date_gmt":"2026-09-03T13:54:18","guid":{"rendered":"https:\/\/www.europesays.com\/de\/1278166\/"},"modified":"2026-09-03T13:54:18","modified_gmt":"2026-09-03T13:54:18","slug":"george-lucas-eroeffnet-lucas-museum-in-los-angeles-nach-17-jahren-news","status":"publish","type":"post","link":"https:\/\/www.europesays.com\/de\/1278166\/","title":{"rendered":"George Lucas er\u00f6ffnet Lucas Museum in Los Angeles nach 17 Jahren &#8211; News"},"content":{"rendered":"<p class=\"article-paragraph\">Lucas wollte das Museum zun\u00e4chst in San Francisco bauen. Die zust\u00e4ndige Beh\u00f6rde lehnte den geplanten Standort jedoch unter anderem wegen der Architektur und Geb\u00e4udeh\u00f6he ab.<\/p>\n<p class=\"article-paragraph\">Danach sollte das Museum in Chicago entstehen. Dort blockierte ein jahrelanger Rechtsstreit das Projekt. Gegner wehrten sich dagegen, \u00f6ffentliches Land am Ufer des Michigansees f\u00fcr den Bau zu nutzen. 2016 gab Lucas die Pl\u00e4ne auf.<\/p>\n<p class=\"article-paragraph\">2017 fiel die Wahl schliesslich auf Los Angeles, 2018 begann der Bau. Die Corona-Pandemie und sp\u00e4tere Lieferprobleme verz\u00f6gerten die Fertigstellung zus\u00e4tzlich. Die Er\u00f6ffnung wurde deshalb mehrfach verschoben.<\/p>\n","protected":false},"excerpt":{"rendered":"Lucas wollte das Museum zun\u00e4chst in San Francisco bauen. Die zust\u00e4ndige Beh\u00f6rde lehnte den geplanten Standort jedoch unter&hellip;\n","protected":false},"author":2,"featured_media":1278167,"comment_status":"","ping_status":"","sticky":false,"template":"","format":"standard","meta":{"footnotes":"","_share_on_mastodon":"0"},"categories":[1771],"tags":[1778,29,214,30,95,1777,215],"class_list":["post-1278166","post","type-post","status-publish","format-standard","has-post-thumbnail","category-kino","tag-cinema","tag-deutschland","tag-entertainment","tag-germany","tag-kino","tag-movie","tag-unterhaltung"],"share_on_mastodon":{"url":"https:\/\/pubeurope.com\/@de\/117207450573303170","error":""},"_links":{"self":[{"href":"https:\/\/www.europesays.com\/de\/wp-json\/wp\/v2\/posts\/1278166","targetHints":{"allow":["GET"]}}],"collection":[{"href":"https:\/\/www.europesays.com\/de\/wp-json\/wp\/v2\/posts"}],"about":[{"href":"https:\/\/www.europesays.com\/de\/wp-json\/wp\/v2\/types\/post"}],"author":[{"embeddable":true,"href":"https:\/\/www.europesays.com\/de\/wp-json\/wp\/v2\/users\/2"}],"replies":[{"embeddable":true,"href":"https:\/\/www.europesays.com\/de\/wp-json\/wp\/v2\/comments?post=1278166"}],"version-history":[{"count":0,"href":"https:\/\/www.europesays.com\/de\/wp-json\/wp\/v2\/posts\/1278166\/revisions"}],"wp:featuredmedia":[{"embeddable":true,"href":"https:\/\/www.europesays.com\/de\/wp-json\/wp\/v2\/media\/1278167"}],"wp:attachment":[{"href":"https:\/\/www.europesays.com\/de\/wp-json\/wp\/v2\/media?parent=1278166"}],"wp:term":[{"taxonomy":"category","embeddable":true,"href":"https:\/\/www.europesays.com\/de\/wp-json\/wp\/v2\/categories?post=1278166"},{"taxonomy":"post_tag","embeddable":true,"href":"https:\/\/www.europesays.com\/de\/wp-json\/wp\/v2\/tags?post=1278166"}],"curies":[{"name":"wp","href":"https:\/\/api.w.org\/{rel}","templated":true}]}}