{"id":1278177,"date":"2026-09-03T14:00:24","date_gmt":"2026-09-03T14:00:24","guid":{"rendered":"https:\/\/www.europesays.com\/de\/1278177\/"},"modified":"2026-09-03T14:00:24","modified_gmt":"2026-09-03T14:00:24","slug":"extreme-hitze-duerre-fluten-el-nino-koennte-die-welt-monatelang-so-schlimm-wie-nie-plagen","status":"publish","type":"post","link":"https:\/\/www.europesays.com\/de\/1278177\/","title":{"rendered":"Extreme Hitze, D\u00fcrre, Fluten: El Ni\u00f1o k\u00f6nnte die Welt monatelang so schlimm wie nie plagen"},"content":{"rendered":"<p>Extreme Hitze, D\u00fcrre, FlutenEl Ni\u00f1o k\u00f6nnte die Welt monatelang so schlimm wie nie plagen<\/p>\n<p>03.09.2026, 13:17 Uhr <\/p>\n<p>Artikel anh\u00f6ren(04:04 min)<\/p>\n<p><img decoding=\"async\" class=\"Image_img__fQCi0 Image_Img_16_9__4BLfH widget-picture-inline_maximizable__t_E7h\" loading=\"eager\" fetchpriority=\"high\" src=\"https:\/\/www.europesays.com\/de\/wp-content\/uploads\/2026\/09\/imago0865550146h.webp\" alt=\"imago0865550146h\"\/>Neben Hitze ist D\u00fcrre eine der negativen Begleiterscheinungen des Wetterph\u00e4nomens El Ni\u00f1o. (Foto: IMAGO\/Independent Photo Agency Int.)<\/p>\n<p class=\"Typography_text-m__XI0da Typography_weight-bold__uT6mq storyline_lead_text_leadtext__q_wg8\">W\u00e4hrend es das Wetter in Deutschland in den kommenden Monaten wohl nicht so stark beeinflussen wird, kann es in anderen Teilen der Welt durch El Ni\u00f1o zu heftigen Hitzewellen kommen. Einige Faktoren weisen bereits darauf hin. Experten halten sogar ein besonders extremes Szenario f\u00fcr m\u00f6glich.<\/p>\n<p class=\"Typography_text-default__P3otY Typography_weight-normal__pqUbH storyline_paragraph_p__qSR5N\">Die Weltorganisation f\u00fcr Meteorologie (WMO) warnt vor einer teils bereits sp\u00fcrbaren und au\u00dfergew\u00f6hnlich starken Auspr\u00e4gung des Wetterph\u00e4nomens El Ni\u00f1o. Die Welt m\u00fcsse sich auf regional extreme Hitze, D\u00fcrren und \u00dcberschwemmungen in den kommenden Monaten einstellen, sagte WMO-Chefin Celeste Saulo in Genf.<\/p>\n<p class=\"Typography_text-default__P3otY Typography_weight-normal__pqUbH storyline_paragraph_p__qSR5N\">Die Temperaturen im tropischen Teil des Pazifischen Ozeans, die das Weltwetter stark beeinflussen, seien schon au\u00dfergew\u00f6hnlich hoch. &#8222;Sollte sich dieser Trend fortsetzen, k\u00f6nnte der El Ni\u00f1o st\u00e4rker ausfallen als alles, was wir seit Beginn unserer Beobachtungen verzeichnet haben &#8211; und damit buchst\u00e4blich au\u00dferhalb der Skalen liegen, die wir in den letzten vier Jahrzehnten verwendet haben&#8220;, sagte sie.<\/p>\n<p class=\"Typography_text-default__P3otY Typography_weight-normal__pqUbH storyline_paragraph_p__qSR5N\">Der H\u00f6hepunkt wird um die Jahreswende erwartet. Vereinzelt seien regional schon Auswirkungen wie st\u00e4rkere Trockenheit oder heftige Niederschl\u00e4ge zu sehen. Die Hitzewellen in Europa in diesem Sommer h\u00e4tten aber mit dem El Ni\u00f1o nichts zu tun gehabt, betonte Saulo.<\/p>\n<p class=\"Typography_text-default__P3otY Typography_weight-normal__pqUbH storyline_paragraph_p__qSR5N\">&#8222;Der El Ni\u00f1o nimmt vor unseren Augen Super-Ausma\u00dfe an&#8220;, sagte UN-Generalsekret\u00e4r Ant\u00f3nio Guterres. &#8222;Die Welt befindet sich in der Gefahrenzone extremer Wetterereignisse.&#8220; Die WMO benutzt den Ausdruck &#8222;Super-El-Ni\u00f1o&#8220;, den einige Experten verwenden, selbst nicht. Das Ph\u00e4nomen tritt alle zwei bis sieben Jahre nat\u00fcrlich auf. Es ist nicht durch den Klimawandel verursacht, kann seine Folgen aber zus\u00e4tzlich versch\u00e4rfen.<\/p>\n<p>Nach El Ni\u00f1o wird es oft besonders warm<\/p>\n<p class=\"Typography_text-default__P3otY Typography_weight-normal__pqUbH storyline_paragraph_p__qSR5N\">El Ni\u00f1o beginnt mit der Erw\u00e4rmung der Meeresoberfl\u00e4chen-Temperaturen im zentral-\u00f6stlichen \u00e4quatorialen Pazifik. Sie liegen nach WMO-Angaben bereits zwischen 2,2 und 2,6 Grad \u00fcber dem langj\u00e4hrigen Durchschnitt. Unter der Oberfl\u00e4che sei das Wasser im Juli und Anfang August teils sogar mehr als 8 Grad w\u00e4rmer gewesen.<\/p>\n<p class=\"Typography_text-default__P3otY Typography_weight-normal__pqUbH storyline_paragraph_p__qSR5N\">In der Region steigt dann warme, feuchte Luft auf, was die weltweiten Wind- und Luftstr\u00f6mungen ver\u00e4ndert. In Australien, Indonesien und im s\u00fcdlichen Afrika kommt es dadurch oft zu Trockenheit und D\u00fcrren, w\u00e4hrend an der Westk\u00fcste S\u00fcdamerikas, in Ostafrika und den s\u00fcdlichen USA oft sehr viel Regen f\u00e4llt. Europa ist eher wenig betroffen.<\/p>\n<p class=\"Typography_text-default__P3otY Typography_weight-normal__pqUbH storyline_paragraph_p__qSR5N\">Oft ist die globale Durchschnittstemperatur nach einem El-Ni\u00f1o-Jahr besonders hoch. So folgte das Jahr 2024, das bislang hei\u00dfeste mit rund 1,6 Grad \u00fcber dem Niveau vor der industriellen Revolution, auf einen El Ni\u00f1o.<\/p>\n<p>2026 bisher bereits \u00fcberdurchschnittlich warm<\/p>\n<p class=\"Typography_text-default__P3otY Typography_weight-normal__pqUbH storyline_paragraph_p__qSR5N\">Schon die bisherigen Monate des Jahres 2026 waren mehrheitlich \u00fcberdurchschnittlich warm. Der Juli war in Westeuropa nach 2006 der zweitw\u00e4rmste seit Beginn der Messungen, wie der EU-Klimawandeldienst Copernicus berichtet hatte. Er lag mit einer Durchschnittstemperatur von 22,48 Grad rund 2,5 Grad \u00fcber dem Durchschnitt der Jahre 1991 bis 2020.<\/p>\n<p class=\"Typography_text-default__P3otY Typography_weight-normal__pqUbH storyline_paragraph_p__qSR5N\">Die WMO sagt f\u00fcr September bis November praktisch \u00fcber allen Landfl\u00e4chen der Erde Temperaturen \u00fcber dem langj\u00e4hrigen Durchschnitt voraus. Dass auch die Oberfl\u00e4chentemperaturen im n\u00f6rdlichen und s\u00fcdlichen tropischen Atlantik \u00fcber dem Normalwert liegen, k\u00f6nne die Auswirkungen des El Ni\u00f1o in verschiedenen Regionen ver\u00e4ndern, hie\u00df es zudem.<\/p>\n<p class=\"Typography_text-s__wu_cm Typography_weight-normal__pqUbH Typography_color-darkgrey__sZEnP article-detail-footer_source__KslPc\">Quelle: ntv.de, rog\/dpa<\/p>\n","protected":false},"excerpt":{"rendered":"Extreme Hitze, D\u00fcrre, FlutenEl Ni\u00f1o k\u00f6nnte die Welt monatelang so schlimm wie nie plagen 03.09.2026, 13:17 Uhr Artikel&hellip;\n","protected":false},"author":2,"featured_media":1278178,"comment_status":"","ping_status":"","sticky":false,"template":"","format":"standard","meta":{"footnotes":"","_share_on_mastodon":"0"},"categories":[3],"tags":[949,203468,951,17989,13,18113,984,69317,952,14,15,12,10,8,9,11,103,1973,104],"class_list":["post-1278177","post","type-post","status-publish","format-standard","has-post-thumbnail","category-welt","tag-duerre","tag-el-nino","tag-erderwaermung","tag-extremwetter","tag-headlines","tag-hitzewelle","tag-international","tag-klimaerwaermung","tag-klimawandel","tag-nachrichten","tag-news","tag-schlagzeilen","tag-top-news","tag-top-meldungen","tag-topmeldungen","tag-topnews","tag-welt","tag-wetter","tag-world"],"share_on_mastodon":{"url":"https:\/\/pubeurope.com\/@de\/117207476093585266","error":""},"_links":{"self":[{"href":"https:\/\/www.europesays.com\/de\/wp-json\/wp\/v2\/posts\/1278177","targetHints":{"allow":["GET"]}}],"collection":[{"href":"https:\/\/www.europesays.com\/de\/wp-json\/wp\/v2\/posts"}],"about":[{"href":"https:\/\/www.europesays.com\/de\/wp-json\/wp\/v2\/types\/post"}],"author":[{"embeddable":true,"href":"https:\/\/www.europesays.com\/de\/wp-json\/wp\/v2\/users\/2"}],"replies":[{"embeddable":true,"href":"https:\/\/www.europesays.com\/de\/wp-json\/wp\/v2\/comments?post=1278177"}],"version-history":[{"count":0,"href":"https:\/\/www.europesays.com\/de\/wp-json\/wp\/v2\/posts\/1278177\/revisions"}],"wp:featuredmedia":[{"embeddable":true,"href":"https:\/\/www.europesays.com\/de\/wp-json\/wp\/v2\/media\/1278178"}],"wp:attachment":[{"href":"https:\/\/www.europesays.com\/de\/wp-json\/wp\/v2\/media?parent=1278177"}],"wp:term":[{"taxonomy":"category","embeddable":true,"href":"https:\/\/www.europesays.com\/de\/wp-json\/wp\/v2\/categories?post=1278177"},{"taxonomy":"post_tag","embeddable":true,"href":"https:\/\/www.europesays.com\/de\/wp-json\/wp\/v2\/tags?post=1278177"}],"curies":[{"name":"wp","href":"https:\/\/api.w.org\/{rel}","templated":true}]}}