{"id":1278179,"date":"2026-09-03T14:01:23","date_gmt":"2026-09-03T14:01:23","guid":{"rendered":"https:\/\/www.europesays.com\/de\/1278179\/"},"modified":"2026-09-03T14:01:23","modified_gmt":"2026-09-03T14:01:23","slug":"mordprozess-fabian-kinderaussagen-widersprechen-der-anklage","status":"publish","type":"post","link":"https:\/\/www.europesays.com\/de\/1278179\/","title":{"rendered":"Mordprozess Fabian: Kinderaussagen widersprechen der Anklage"},"content":{"rendered":"<p>        <img decoding=\"async\" src=\"https:\/\/www.europesays.com\/de\/wp-content\/uploads\/2026\/09\/fabian-242.webp\" alt=\"Die angeklagte Gina H. im Gerichtssaal mit ihren Verteidigern.\" title=\"Die angeklagte Gina H. im Gerichtssaal mit ihren Verteidigern. | Andreas Frost\" class=\"responsive\"\/><\/p>\n<p>AUDIO: Kinder sagen vor Gericht im Fall Fabian aus (2 Min)<\/p>\n<p>\n                Stand: 03.09.2026 14:34 Uhr<\/p>\n<p class=\"preface\">Drei Kinder haben am 27. Prozesstag des Mordprozesses zum Fall Fabian im Mittelpunkt gestanden. Sie wollen im Oktober 2025 in G\u00fcstrow wichtige Beobachtungen gemacht haben. <\/p>\n<p class=\"textauthor\">von Andreas Frost<\/p>\n<p class=\"\">Verteidiger Andreas Ohm hatte sich vor diesem Prozesstag gewundert: Warum wollte die 3. Strafkammer des Landgerichts Rostock diese drei Kinder erst als Zeugen h\u00f6ren, nachdem Ohm sie dazu aufgefordert hatte? Schlie\u00dflich sei allen, die am Prozess zum Mord an dem kleinen Fabian aus G\u00fcstrow beteiligt sind, bekannt gewesen, dass die Aussagen der Kinder die angeklagte Gina H. entlasten k\u00f6nnten &#8211; zumindest aus Sicht der Veteidigung. Eine Antwort auf seine Frage zum sp\u00e4ten Zeitpunkt der Zeugenvernehmung bekam Ohm nicht. Aber mit den Antworten der Kinder war er sehr zufrieden.<\/p>\n<p>    In der N\u00e4he der Schule gesehen<\/p>\n<p class=\"\">Zwei Schulkameraden berichteten dem Gericht am Donnerstag, sie h\u00e4tten Fabian am 10. Oktober 2025, dem Tag seines Verschwindens, am fr\u00fchen Nachmittag in G\u00fcstrow vor einer B\u00e4ckerei in der N\u00e4he seiner Schule gesehen. Fabian sei auf seinem Fahrrad unterwegs gewesen. Wenig sp\u00e4ter will der eine Junge Fabian ein zweites Mal gesehen haben, diesmal bei einer Kirche. Er war sich allerdings nicht hundertprozentig sicher, dass er die beiden Beobachtungen am Freitag und nicht schon am Donnerstag gemacht hat. Die Aussage der Jungen, Fabian am Freitagnachmittag gesehen zu haben, passen nicht zur Anklage der Staatsanwaltschaft. Demnach war Fabian am Freitagnachmittag wahrscheinlich schon tot.<\/p>\n<p>    Aussagen im Widerspruch zur Anklage<\/p>\n<p class=\"\">Auch die Aussage eines M\u00e4dchens aus Fabians Nachbarschaft stand in Widerspruch zu den zeitlichen Abl\u00e4ufen, wie die Staatsanwaltschaft sie rekonstruiert hat. Die junge Zeugin berichtete, sie habe Fabian an jenem Freitag irgendwann zwischen 14 und 15 Uhr in der N\u00e4he seines Zuhauses gesehen. Zwei schwarz gekleidete M\u00e4nner mit schwarzen Haaren seien hinter ihm gegangen. Fabian sei immer schneller gegangen, die M\u00e4nner dann auch. Sie hat nicht gesehen, ob die M\u00e4nner Fabian angesprochen oder angefasst haben. Bei der Polizei hatte das M\u00e4dchen im vergangenen Herbst nur von einem Mann berichtet, der Fabian auch angefasst habe. Damals vermutete das M\u00e4dchen au\u00dferdem, es sei ein Ausl\u00e4nder gewesen.<\/p>\n<p>        <img decoding=\"async\" src=\"https:\/\/www.europesays.com\/de\/wp-content\/uploads\/2026\/08\/mvfcover-260.webp\" alt=\"Die Angeklagte Gina H. im Gerichtssaal neben einem ihrer Verteidiger.\" title=\"Die Angeklagte Gina H. im Gerichtssaal neben einem ihrer Verteidiger. | NDR, Andreas Frost\" class=\"responsive\" loading=\"lazy\"\/><\/p>\n<p>Im Podcast geht es um die Aussage einer Gef\u00e4ngnis-Psychologin, die erkl\u00e4rt, wie sich Gina H. in der Haftanstalt verh\u00e4lt.<\/p>\n<p>    Gegens\u00e4tzliche Bewertungen<\/p>\n<p class=\"\">Die Angaben des M\u00e4dchens wollten weder die Staatsanwaltschaft noch die Verteidigung so recht ernstnehmen. Bei der Bewertung der Aussage der Schulkameraden lagen sie weit auseinander. Ohm fand sie &#8222;sehr \u00fcberzeugend&#8220;, denn anscheinend entlasten sie die Angeklagte. Der Staatsanwalt hingegen meinte, es spreche einiges daf\u00fcr, dass die Jungs sich im Tag geirrt haben und Fabian vermutlich bereits am Donnerstag gesehen h\u00e4tten.<\/p>\n<p>    Vernehmung per Video<\/p>\n<p class=\"\">Die Kinder wurden nicht im Gerichtssaal vernommen, sondern aus einem anderen Raum per Video zugeschaltet. Die Fragen des Gerichts, der Staatsanw\u00e4lte, der Nebenkl\u00e4gerin und der Verteidiger stellte ihnen allein der Vorsitzende Richter. Auf diese Weise hat die 3. Strafkammer schon zwei Freunde Fabians als Zeugen vernommen.<\/p>\n<p>    Gina H. erg\u00e4nzt ihre Aussage<\/p>\n<p class=\"\">Am kommenden Donnerstag will Gina H. auf Fragen des Gerichts und der Staatsanwaltschaft zu ihrer vierst\u00fcndigen Aussage beantworten, die sie im August verlesen hatte. Vorab erg\u00e4nzte sie am Donnerstag einige Details. So versuchte sie ihre Behauptung zu untermauern, sie sei kurz vor 11 Uhr am Tag von Fabians Verschwinden auf dem Weg zu einer Bank in G\u00fcstrow gewesen. Die Staatsanwaltschaft wirft ihr vor, genau zur diesem Zeitpunkt Fabian aus der Wohnung seiner Mutter gelockt und mitgenommen zu haben.<\/p>\n<p>    Angeklagte will von sich ablenken<\/p>\n<p class=\"\">Gina H. hatte in ihrer langen Aussage den Verdacht ge\u00e4u\u00dfert, die Ermittler h\u00e4tten sich bei der Fahndung vorschnell auf sie konzentriert. M\u00f6glicherweise wollte sie diesen Vorwurf nun dadurch erneuern, indem sie einen Bruder ihres Ex-Freundes, also von Fabians Vater, erw\u00e4hnte. Dieser habe ein gutes Verh\u00e4ltnis zu Fabian und zu ihrem eigenen Sohn gehabt. Au\u00dferdem sei er manchmal mit seinem Trecker die 15 Kilometer nach G\u00fcstrow gefahren, obwohl er vermutlich keinen F\u00fchrerschein habe. Welche Schl\u00fcsse das Gericht oder die Staatsanwaltschaft aus ihrer Mitteilung ziehen sollen, sagte Gina H. nicht.<\/p>\n<p>    Fabian wurde erstochen<\/p>\n<p class=\"\">Der achtj\u00e4hrige Fabian war der Sohn des damaligen Ex-Freundes der Angeklagten. Sieben Wochen vor seinem Verschwinden hatte er sich von Gina H. getrennt. Die Staatsanwaltschaft wirft Gina H. vor, das Kind am 10. Oktober vergangenen Jahres aus der Wohnung seiner Mutter in G\u00fcstrow gelockt und an einem T\u00fcmpel bei Klein Upahl rund 15 Kilometer s\u00fcdlich von G\u00fcstrow erstochen zu haben. Sp\u00e4ter soll sie dorthin zur\u00fcckgekehrt sein, um den Leichnam anzuz\u00fcnden.<\/p>\n<p class=\"\">Die Staatsanwaltschaft unterstellt in ihrer Anklage, Gina H. habe geglaubt, Fabian sei bei ihrem Bestreben im Weg gewesen, die Beziehung mit Fabians Vater wieder aufnehmen zu k\u00f6nnen. Mit einem Urteil wird sp\u00e4testens im Oktober gerechnet.<\/p>\n<p>        <img decoding=\"async\" src=\"https:\/\/www.europesays.com\/de\/wp-content\/uploads\/2026\/09\/fabian-238.webp\" alt=\"Gina H. steht im Gericht neben ihren Verteidigern und h\u00e4lt einen Aktendeckel vors Gesicht.\" title=\"Gina H. steht im Gericht neben ihren Verteidigern und h\u00e4lt einen Aktendeckel vors Gesicht. | Andreas Frost\" class=\"responsive\" loading=\"lazy\"\/><\/p>\n<p>Im Mordprozess zum Tod des achtj\u00e4hrigen Fabian will die Angeklagte nun doch Fragen des Gerichts und der Staatsanwaltschaft beantworten.<\/p>\n<p>    Fall Fabian &#8211; Alle Podcast-Folgen<\/p>\n<p>        <img decoding=\"async\" src=\"https:\/\/www.europesays.com\/de\/wp-content\/uploads\/2026\/05\/google-392.webp\" alt=\"Ein Mann sitzt mit aufgesetzten Kopfh\u00f6rern vor einem Laptop, der die Website von Google zeigt\" title=\"Ein Mann sitzt mit aufgesetzten Kopfh\u00f6rern vor einem Laptop, der die Website von Google zeigt | Colourbox\" class=\"responsive\" loading=\"lazy\"\/><\/p>\n<p>Sie w\u00fcnschen sich Informationen aus einer seri\u00f6sen Quelle? Dann legen Sie NDR.de bei Google als bevorzugte Nachrichten-Quelle fest.<\/p>\n","protected":false},"excerpt":{"rendered":"AUDIO: Kinder sagen vor Gericht im Fall Fabian aus (2 Min) Stand: 03.09.2026 14:34 Uhr Drei Kinder haben&hellip;\n","protected":false},"author":2,"featured_media":1278180,"comment_status":"","ping_status":"","sticky":false,"template":"","format":"standard","meta":{"footnotes":"","_share_on_mastodon":"0"},"categories":[2],"tags":[29,263721,206364,30,263722,13,84179,1351,239047,253669,14,15,583,12,10,8,9,11],"class_list":["post-1278179","post","type-post","status-publish","format-standard","has-post-thumbnail","category-deutschland","tag-deutschland","tag-fabian-ndr","tag-fall-fabian","tag-germany","tag-gina-ha-fabian-was-ist-passiert","tag-headlines","tag-landkreis-rostock","tag-mecklenburg-vorpommern","tag-mordfall-fabian-aktueller-stand","tag-mordfall-fabian-vater","tag-nachrichten","tag-news","tag-rostock","tag-schlagzeilen","tag-top-news","tag-top-meldungen","tag-topmeldungen","tag-topnews"],"share_on_mastodon":{"url":"https:\/\/pubeurope.com\/@de\/117207481575570835","error":""},"_links":{"self":[{"href":"https:\/\/www.europesays.com\/de\/wp-json\/wp\/v2\/posts\/1278179","targetHints":{"allow":["GET"]}}],"collection":[{"href":"https:\/\/www.europesays.com\/de\/wp-json\/wp\/v2\/posts"}],"about":[{"href":"https:\/\/www.europesays.com\/de\/wp-json\/wp\/v2\/types\/post"}],"author":[{"embeddable":true,"href":"https:\/\/www.europesays.com\/de\/wp-json\/wp\/v2\/users\/2"}],"replies":[{"embeddable":true,"href":"https:\/\/www.europesays.com\/de\/wp-json\/wp\/v2\/comments?post=1278179"}],"version-history":[{"count":0,"href":"https:\/\/www.europesays.com\/de\/wp-json\/wp\/v2\/posts\/1278179\/revisions"}],"wp:featuredmedia":[{"embeddable":true,"href":"https:\/\/www.europesays.com\/de\/wp-json\/wp\/v2\/media\/1278180"}],"wp:attachment":[{"href":"https:\/\/www.europesays.com\/de\/wp-json\/wp\/v2\/media?parent=1278179"}],"wp:term":[{"taxonomy":"category","embeddable":true,"href":"https:\/\/www.europesays.com\/de\/wp-json\/wp\/v2\/categories?post=1278179"},{"taxonomy":"post_tag","embeddable":true,"href":"https:\/\/www.europesays.com\/de\/wp-json\/wp\/v2\/tags?post=1278179"}],"curies":[{"name":"wp","href":"https:\/\/api.w.org\/{rel}","templated":true}]}}