{"id":1278181,"date":"2026-09-03T14:02:21","date_gmt":"2026-09-03T14:02:21","guid":{"rendered":"https:\/\/www.europesays.com\/de\/1278181\/"},"modified":"2026-09-03T14:02:21","modified_gmt":"2026-09-03T14:02:21","slug":"festival-laedt-alphaville-aus-und-nach-empoerung-nun-wieder-ein","status":"publish","type":"post","link":"https:\/\/www.europesays.com\/de\/1278181\/","title":{"rendered":"Festival l\u00e4dt Alphaville aus \u2013 und nach Emp\u00f6rung nun wieder ein"},"content":{"rendered":"<p>Erst ein-, dann ausgeladen, nun die erneute Kehrwende: Das Gl\u00fccksgef\u00fchle-Festival in Hockenheim will Alphaville nun doch eine B\u00fchne bieten. Zuvor hatte S\u00e4nger Marian Gold einen Angriff auf die Meinungsfreiheit beklagt.<\/p>\n<p class=\"c-inline-alert__description\">Klicken Sie hier, um sich Artikel von WELT in der Google-Suche bevorzugt anzeigen zu lassen.<\/p>\n<p class=\"is-first-paragraph\" data-external=\"Article.FirstParagraph\">Die Kontroverse um Alphaville (\u201eForever Young\u201c) wird zur Posse: Die Band, angef\u00fchrt von S\u00e4nger Marian Gold, soll nun wom\u00f6glich doch beim Gl\u00fccksgef\u00fchle-Festival in Hockenheim auftreten.<\/p>\n<p>Zuvor war die 80er-Kultband ausgeladen worden, begr\u00fcndet wurde dies mit politischen \u00c4u\u00dferungen der Gruppe. Daran hatte es viel Kritik gegeben, zu Wort meldeten sich unter anderem Campino (Die Toten Hosen) und die Band Culcha Candela. Frontmann Marian Gold selbst hatte \u00fcber die sozialen Medien seinen Protest ge\u00e4u\u00dfert. <\/p>\n<p>Nun die Kehrtwende: Festival-Macher Markus Krampe nahm die Ausladung <a class=\"is-link c-block-items__link is-external c-link--rich-text-renderer\" href=\"https:\/\/www.bild.de\/unterhaltung\/musik\/gluecksgefuehle-macher-entschuldigt-sich-wende-im-alphaville-eklat-6a995809dde98c92361801a5\" target=\"_blank\" title=\"Link wird in einem neuen Tab ge\u00f6ffnet\" rel=\"nofollow noopener\" data-internal-tracking-enabled=\"true\" data-internal-tracking=\"{&quot;action&quot;:&quot;click&quot;,&quot;label&quot;:&quot;link&quot;,&quot;name&quot;:&quot;Inline Element&quot;,&quot;data&quot;:{&quot;source&quot;:&quot;&quot;,&quot;target&quot;:&quot;https:\/\/www.bild.de\/unterhaltung\/musik\/gluecksgefuehle-macher-entschuldigt-sich-wende-im-alphaville-eklat-6a995809dde98c92361801a5&quot;,&quot;trackingName&quot;:&quot;&quot;,&quot;trackingLabel&quot;:&quot;&quot;}}\">via \u201eBild\u201c<\/a> wieder zur\u00fcck, und will mit Alphaville erneut ins Gespr\u00e4ch kommen. \u201eWie wir gehandelt haben, war in der Tat ein Fehler. Das tut mir leid. Meinungsfreiheit ist das h\u00f6chste Gut, das wir in Deutschland haben, sie ist zu sch\u00fctzen\u201c, zitiert die Zeitung den Veranstalter. Und weiter: \u201eWir laden Alphaville ein, wie geplant Teil des Festivals zu sein. Nicht als Zeichen eines Nachgebens, sondern als bewusste Entscheidung f\u00fcr das, was uns verbindet.\u201c <\/p>\n<p>Ob Alphaville das Angebot annimmt, ist noch unklar<\/p>\n<p>Ob die Combo\u00a0\u2013 von der Originalbesetzung aus den 80er Jahren ist nur noch Marian Gold (71, b\u00fcrgerlich: Hartwig Schierbaum) an Bord\u00a0\u2013 das Angebot annehmen will, ist noch unklar. Schlie\u00dflich klangen die Statements an die Adresse der Band zuvor reichlich harsch. <\/p>\n<p>Via dpa hatten die Veranstalter die Absage an Alphaville zuvor so begr\u00fcndet: \u201eUnsere B\u00fchne ist keine Plattform f\u00fcr politische \u00c4u\u00dferungen. Das GL\u00dcCKSGEF\u00dcHLE\u2011Festival ist komplett unpolitisch \u2013 und das gilt unabh\u00e4ngig davon, in welche politische Richtung eine \u00c4u\u00dferung geht: f\u00fcr rechts, f\u00fcr links oder f\u00fcr jede andere politische Richtung.\u201c So hatte sich Markus Krampe, der das Event seit 2023 mit Ex-Fu\u00dfballnationalspieler Lukas Podolski organisiert, zuvor <a class=\"is-link c-block-items__link is-external c-link--rich-text-renderer\" href=\"https:\/\/www.bild.de\/unterhaltung\/musik\/streit-um-auftritt-alphaville-von-gluecksgefuehle-festival-ausgeladen-6a8ebf82518a586e18558d1d\" target=\"_blank\" title=\"Link wird in einem neuen Tab ge\u00f6ffnet\" rel=\"nofollow noopener\" data-internal-tracking-enabled=\"true\" data-internal-tracking=\"{&quot;action&quot;:&quot;click&quot;,&quot;label&quot;:&quot;link&quot;,&quot;name&quot;:&quot;Inline Element&quot;,&quot;data&quot;:{&quot;source&quot;:&quot;&quot;,&quot;target&quot;:&quot;https:\/\/www.bild.de\/unterhaltung\/musik\/streit-um-auftritt-alphaville-von-gluecksgefuehle-festival-ausgeladen-6a8ebf82518a586e18558d1d&quot;,&quot;trackingName&quot;:&quot;&quot;,&quot;trackingLabel&quot;:&quot;&quot;}}\">in der \u201eBild\u201c ge\u00e4u\u00dfert.<\/a><\/p>\n<p>In der Erkl\u00e4rung des Festivals hie\u00df es weiter: \u201eWir m\u00f6chten den Menschen ein Wochenende erm\u00f6glichen, an dem sie den Alltag hinter sich lassen, abschalten und einfach eine gute Zeit haben k\u00f6nnen.\u201c Und weiter: \u201eGenau deshalb haben wir darum gebeten, politische \u00c4u\u00dferungen auf unserer B\u00fchne zu unterlassen. Darauf konnten wir uns mit Alphaville letztlich nicht einigen, weshalb es nicht zu einem Auftritt gekommen ist.\u201c<\/p>\n<p>Massiver Protest aus der Musikszene, Diktaturvergleiche<\/p>\n<p>\u201eDiese Begr\u00fcndung gleicht aus unserer Sicht einem Maulkorberlass \u2013 uns allen bestens bekannt aus Diktaturen\u201c, schrieb daraufhin Alphaville-S\u00e4nger Gold in einem Beitrag auf Instagram. \u201eDas eine derartige Einschr\u00e4nkung der Meinungs-, Rede- und Kunstfreiheit nun auf einem der gr\u00f6\u00dften Popfestivals Deutschlands angekommen zu sein scheint, empfinden wir als absolut untragbar und ersch\u00fctternd.\u201c<\/p>\n<p>Unterst\u00fctzung kam von anderen Musikern. \u201eLetztendlich ist es so, dass wir das schon extrem fragw\u00fcrdig finden und auch absurd, jemanden auszuladen, der sich gegen die AfD \u00e4u\u00dfert oder gegen Trump oder wie auch immer. Jemand, der stabil ist f\u00fcr die Demokratie\u201c, sagte etwa Campino, Frontmann der Toten Hosen, am Mittwochabend bei einem Konzert in M\u00fcnster. \u201eIch finde, da ist eine neue Grenze \u00fcberschritten und eingerissen.\u201c<\/p>\n<p>S\u00e4nger Mateo von der Band Culcha Candela, die am Samstag beim Gl\u00fccksgef\u00fchle-Festival auftreten soll, bewertete die Entscheidung der Organisatoren als ein kompliziertes Verh\u00e4ltnis zur Demokratie, \u201eLevel AfD-Hauptsponsor\u201c. \u201eLeben wir schon in Russland oder ist es noch Deutschland, die BRD, Demokratie?\u201c, fragte er. \u201eAlso, gestern waren wir noch Demokratie und Meinungsfreiheit.\u201c<\/p>\n<p>Culcha Candela sage bei jedem Auftritt, was sie von der AfD halte: \u201eFuck Nazis!\u201c, erkl\u00e4rte der Musiker. \u201eUnd das werden wir, falls wir bis dahin nicht ausgeladen werden, auch auf dieser B\u00fchne sagen. Und zwar lauter denn je.\u201c<\/p>\n<p>Veranstalter sehen \u201einakzeptables\u201c Verhalten der Band<\/p>\n<p>Als die Fronten noch verh\u00e4rtet waren, hatten die Veranstalter noch erkl\u00e4rt: \u201eDas Verhalten von Alphaville und Marian Gold ist inakzeptabel. Wir lassen uns nicht in irgendeine politische Ecke dr\u00e4ngen und werden uns hier mit allen Mitteln wehren.\u201c <\/p>\n<p>\u201eWir hatten Alphaville in diesem Jahr bereits bei zwei anderen Veranstaltungen zu Gast. Bei der ersten Veranstaltung kam es vonseiten der Band zu zahlreichen politischen \u00c4u\u00dferungen von der B\u00fchne. Deshalb haben wir im Vorfeld des zweiten Auftritts sehr deutlich kommuniziert, dass wir dies bei unseren Veranstaltungen nicht m\u00f6chten\u201c, hie\u00df es zur Erkl\u00e4rung. \u201eBei diesem zweiten Auftritt wurde diese Vorgabe dann auch eingehalten. Vor dem GL\u00dcCKSGEF\u00dcHLE Festival haben wir deshalb noch einmal ausdr\u00fccklich daran erinnert und unseren Standpunkt klar kommuniziert.\u201c<\/p>\n<p>Weiter hei\u00dft es: \u201eUns geht es dabei ausdr\u00fccklich nicht um die politische Haltung von Marian Gold oder Alphaville und auch nicht darum, jemandem seine pers\u00f6nliche Meinung abzusprechen. Es geht ausschlie\u00dflich darum, welchen Rahmen wir als Veranstalter f\u00fcr unsere Veranstaltungen und unsere B\u00fchnen setzen.\u201c<\/p>\n<p>Um welche \u00c4u\u00dferungen es konkret ging, blieb unklar. Alphaville-S\u00e4nger Gold hatte sich zuletzt bei Konzerten in der Ansage des Songs \u201eCarry Your Flag\u201c deutlich gegen rechtsradikale Tendenzen und f\u00fcr Toleranz eingesetzt. Das habe zu Diskussionen mit den Veranstaltern der \u201eGl\u00fccksgef\u00fchle\u201c gef\u00fchrt, sagte Bandmanager Christian Mielke der dpa.<\/p>\n<p>Auf seiner Instagram-Seite hatte der K\u00fcnstler noch am Mittwoch eine Fotoreihe ver\u00f6ffentlicht, die ihn vor Postern und Plakaten diverser linker Bewegungen zeigte: Darunter waren die Regenbogenflagge der LGTBQ-Bewegung, Antifa-Symbole, ein Appell f\u00fcr die Seenotrettung im Mittelmeer und eine Fahne mit dem Aufdruck \u201eKein Bock auf Nazis\u201c. <\/p>\n<p>Auch die SPD meldete sich zu Wort<\/p>\n<p>Unterst\u00fctzung bekam Alphaville auch aus der Politik: Der Co-Vorsitzende der baden-w\u00fcrttembergischen SPD, Robin Mesarosch, hatte in einem Video auf Instagram erkl\u00e4rt: \u201eDu kannst nicht nicht-politisch sein, so sehr du dir das w\u00fcnschst.\u201c Er verwies auf den \u00f6sterreichischen S\u00e4nger Andreas Gabalier, der auf dem Festival auftreten soll und dessen Lieder auch politisch seien, wenn es etwa um Kameradschaft und Eiserne Kreuze gehe. \u201eEs ist vor allem Murks, wenn ein Veranstalter den einen Musiker auftreten l\u00e4sst, den anderen aber nicht, und dann auch noch behauptet, das w\u00e4r unpolitisch\u201c, sagte Mesarosch.<\/p>\n<p>\u201eEs ist nicht die Aufgabe von dem Festival-Veranstalter, ganz allein die AfD aufzuhalten\u201c, sagte der Sozialdemokrat. Aber es k\u00f6nne auch niemand so tun, \u201eals w\u00e4re man in einem unpolitischen Fantasieraum und das h\u00e4tte alles nichts mit einem zu tun\u201c. Mesarosch rief Menschen auf, den Veranstaltern zu schreiben, was sie von der Entscheidung halten. \u201eUnd die Bitte richte ich auch an die Bands, die in den n\u00e4chsten Tagen auf dem Gl\u00fccksgef\u00fchle-Festival auftreten.\u201c<\/p>\n<p>Anmerkung der Redaktion: Dieser Text wurde aktualisiert und um neue Stellungnahmen erg\u00e4nzt.<\/p>\n<p>krott mit dpa<\/p>\n","protected":false},"excerpt":{"rendered":"Erst ein-, dann ausgeladen, nun die erneute Kehrwende: Das Gl\u00fccksgef\u00fchle-Festival in Hockenheim will Alphaville nun doch eine B\u00fchne&hellip;\n","protected":false},"author":2,"featured_media":1278182,"comment_status":"","ping_status":"","sticky":false,"template":"","format":"standard","meta":{"footnotes":"","_share_on_mastodon":"0"},"categories":[5],"tags":[86668,668,13,263723,95582,14,15,250153,110,12,45,10,8,9,11],"class_list":["post-1278181","post","type-post","status-publish","format-standard","has-post-thumbnail","category-nachrichten","tag-antifa-ks","tag-gold","tag-headlines","tag-marian","tag-musikfestivals-ks","tag-nachrichten","tag-news","tag-newsos-import-welt","tag-newsteam","tag-schlagzeilen","tag-texttospeech","tag-top-news","tag-top-meldungen","tag-topmeldungen","tag-topnews"],"share_on_mastodon":{"url":"https:\/\/pubeurope.com\/@de\/117207481977416454","error":""},"_links":{"self":[{"href":"https:\/\/www.europesays.com\/de\/wp-json\/wp\/v2\/posts\/1278181","targetHints":{"allow":["GET"]}}],"collection":[{"href":"https:\/\/www.europesays.com\/de\/wp-json\/wp\/v2\/posts"}],"about":[{"href":"https:\/\/www.europesays.com\/de\/wp-json\/wp\/v2\/types\/post"}],"author":[{"embeddable":true,"href":"https:\/\/www.europesays.com\/de\/wp-json\/wp\/v2\/users\/2"}],"replies":[{"embeddable":true,"href":"https:\/\/www.europesays.com\/de\/wp-json\/wp\/v2\/comments?post=1278181"}],"version-history":[{"count":0,"href":"https:\/\/www.europesays.com\/de\/wp-json\/wp\/v2\/posts\/1278181\/revisions"}],"wp:featuredmedia":[{"embeddable":true,"href":"https:\/\/www.europesays.com\/de\/wp-json\/wp\/v2\/media\/1278182"}],"wp:attachment":[{"href":"https:\/\/www.europesays.com\/de\/wp-json\/wp\/v2\/media?parent=1278181"}],"wp:term":[{"taxonomy":"category","embeddable":true,"href":"https:\/\/www.europesays.com\/de\/wp-json\/wp\/v2\/categories?post=1278181"},{"taxonomy":"post_tag","embeddable":true,"href":"https:\/\/www.europesays.com\/de\/wp-json\/wp\/v2\/tags?post=1278181"}],"curies":[{"name":"wp","href":"https:\/\/api.w.org\/{rel}","templated":true}]}}