{"id":1278185,"date":"2026-09-03T14:04:26","date_gmt":"2026-09-03T14:04:26","guid":{"rendered":"https:\/\/www.europesays.com\/de\/1278185\/"},"modified":"2026-09-03T14:04:26","modified_gmt":"2026-09-03T14:04:26","slug":"pol-ac-achtung-schulbeginn-fuer-bessere-sichtbarkeit-erstklaessler-bekommen-warnwesten","status":"publish","type":"post","link":"https:\/\/www.europesays.com\/de\/1278185\/","title":{"rendered":"POL-AC: Achtung Schulbeginn! F\u00fcr bessere Sichtbarkeit: Erstkl\u00e4ssler bekommen Warnwesten"},"content":{"rendered":"<p class=\"date\">03.09.2026 \u2013 15:14<\/p>\n<p class=\"customer\">\n                        <a class=\"story-customer\" title=\"weiter zum newsroom von Polizei Aachen\" href=\"https:\/\/www.presseportal.de\/blaulicht\/nr\/11559\" rel=\"nofollow noopener\" target=\"_blank\">Polizei Aachen<\/a>\n                    <\/p>\n<p><a class=\"glightbox event-trigger\" href=\"https:\/\/cache.pressmailing.net\/thumbnail\/story_hires\/521d6f81-ccc0-46c8-a1db-34bb482efa25\/2026_09_03_%C3%9CbergabeWarnwesten.jpg.jpg\" data-description=\"Quelle: Polizei Aachen\" data-category=\"medialightbox\" data-action=\"click\" data-label=\"single\" data-value=\"6a9972bc270000fd2cc72f40\" rel=\"nofollow noopener\" target=\"_blank\"><img decoding=\"async\" height=\"540\" with=\"720\" src=\"https:\/\/www.europesays.com\/de\/wp-content\/uploads\/2026\/09\/pol-ac-achtung-schulbeginn-f-r-bessere-sichtbarkeit-erstkl-ssler-bekommen-warnwesten.jpeg\"   alt=\"POL-AC: Achtung Schulbeginn! F\u00fcr bessere Sichtbarkeit: Erstkl\u00e4ssler bekommen Warnwesten\" class=\"single\"\/><\/a><\/p>\n<p><a data-category=\"citylink-story-view\" data-action=\"click\" data-label=\"Citylink in Meldungsansicht\" class=\"story-city event-trigger\" href=\"https:\/\/www.presseportal.de\/regional\/St%E4dteRegion%20Aachen\" title=\"News aus St\u00e4dteRegion Aachen \" rel=\"nofollow noopener\" target=\"_blank\">St\u00e4dteRegion Aachen<\/a> (ots)<\/p>\n<p>F\u00fcr die Erstkl\u00e4sslerinnen und Erstkl\u00e4ssler beginnt ein neuer Lebensabschnitt und damit auch der regelm\u00e4\u00dfige Weg zur Schule. Damit die Kinder dabei m\u00f6glichst gut von anderen Verkehrsteilnehmenden wahrgenommen werden, \u00fcbergeben die Verkehrswacht Aachen e.V. in Zusammenarbeit mit der Sparkasse Aachen sowie die Polizei Aachen etwa 5.500 Warnwesten an die Erstkl\u00e4sslerinnen und Erstkl\u00e4ssler in der Stadt Aachen und St\u00e4dteRegion Aachen.<\/p>\n<p>Die auff\u00e4lligen Westen sorgen insbesondere bei Dunkelheit und schlechter Witterung f\u00fcr bessere Sichtbarkeit und leisten damit einen wichtigen Beitrag zur Verkehrssicherheit der Kinder.<\/p>\n<p>Kinder nehmen den Stra\u00dfenverkehr anders wahr und k\u00f6nnen Geschwindigkeiten und Entfernungen noch schwer einsch\u00e4tzen. Au\u00dferdem lernen sie durch Vorbilder. Daher sollten Erwachsene als Fahrzeugf\u00fchrer sowie als Fu\u00dfg\u00e4nger mit gutem Beispiel vorangehen und sich an die geltenden Verkehrsregeln halten. Polizei und Verkehrswacht appellieren an alle Verkehrsteilnehmenden, im Umfeld von Schulen und in Wohngebieten besonders aufmerksam zu sein, die Geschwindigkeit zu reduzieren und jederzeit mit unerwartetem Verhalten von Kindern zu rechnen.<\/p>\n<p>Auch Eltern k\u00f6nnen einen wichtigen Beitrag leisten: Sie sollten den Schulweg gemeinsam und zu Fu\u00df mit ihrem Kind ein\u00fcben, auf m\u00f6gliche Gefahrenstellen aufmerksam machen und dabei insbesondere das sichere \u00dcberqueren von Stra\u00dfen trainieren. Dabei gilt: Der k\u00fcrzeste Weg ist nicht immer der sicherste.<br \/>\nIn dem Zusammenhang m\u00f6chten wir erneut darauf hinweisen: Bringen Sie Ihre Kinder nur dann mit dem Auto zur Schule, wenn es sich nicht vermeiden l\u00e4sst. Durch sogenannte Eltern-Taxis entsteht ein erh\u00f6htes Verkehrsaufkommen im Nahbereich von Schulen, wodurch das Unfallrisiko steigt.<\/p>\n<p>Die \u00dcbergabe der Warnwesten ist Teil der gemeinsamen Verkehrssicherheitsarbeit von Polizei und Verkehrswacht. Ziel ist es, Kinder fr\u00fchzeitig f\u00fcr die Gefahren des Stra\u00dfenverkehrs zu sensibilisieren und ihnen einen m\u00f6glichst sicheren Start in ihren neuen Schulalltag zu erm\u00f6glichen.<\/p>\n<p>Das Foto kann im Rahmen der Berichterstattung rechtefrei genutzt werden. Es zeigt die Westen\u00fcbergabe in der Grundschule Sch\u00f6nforst in Aachen. (kg)<\/p>\n<p class=\"contact-headline\">R\u00fcckfragen bitte an:<\/p>\n<p class=\"contact-text\">Polizei Aachen<br \/>Pressestelle<\/p>\n<p>Telefon: 0241 \/ 9577 &#8211; 21211<br \/>E-Mail: <a href=\"https:\/\/www.presseportal.de\/blaulicht\/pm\/11559\/mailto:Pressestelle.Aachen@polizei.nrw.de\" class=\"uri-mailto\" rel=\"nofollow noopener\" target=\"_blank\">Pressestelle.Aachen@polizei.nrw.de<\/a><\/p>\n<p class=\"originator\">Original-Content von: Polizei Aachen, \u00fcbermittelt durch news aktuell<\/p>\n","protected":false},"excerpt":{"rendered":"03.09.2026 \u2013 15:14 Polizei Aachen St\u00e4dteRegion Aachen (ots) F\u00fcr die Erstkl\u00e4sslerinnen und Erstkl\u00e4ssler beginnt ein neuer Lebensabschnitt und&hellip;\n","protected":false},"author":2,"featured_media":1278186,"comment_status":"","ping_status":"","sticky":false,"template":"","format":"standard","meta":{"footnotes":"","_share_on_mastodon":"0"},"categories":[1853],"tags":[1424,3364,29,548,663,3934,30,13,177,14,15,1209,176,121,178,180,179,181,12],"class_list":["post-1278185","post","type-post","status-publish","format-standard","has-post-thumbnail","category-aachen","tag-aachen","tag-de","tag-deutschland","tag-eu","tag-europa","tag-europe","tag-germany","tag-headlines","tag-kriminalitt","tag-nachrichten","tag-news","tag-nordrhein-westfalen","tag-nrw","tag-polizei","tag-presse","tag-pressemeldung","tag-pressemitteilung","tag-pressemitteilungen","tag-schlagzeilen"],"share_on_mastodon":{"url":"https:\/\/pubeurope.com\/@de\/117207491651980876","error":""},"_links":{"self":[{"href":"https:\/\/www.europesays.com\/de\/wp-json\/wp\/v2\/posts\/1278185","targetHints":{"allow":["GET"]}}],"collection":[{"href":"https:\/\/www.europesays.com\/de\/wp-json\/wp\/v2\/posts"}],"about":[{"href":"https:\/\/www.europesays.com\/de\/wp-json\/wp\/v2\/types\/post"}],"author":[{"embeddable":true,"href":"https:\/\/www.europesays.com\/de\/wp-json\/wp\/v2\/users\/2"}],"replies":[{"embeddable":true,"href":"https:\/\/www.europesays.com\/de\/wp-json\/wp\/v2\/comments?post=1278185"}],"version-history":[{"count":0,"href":"https:\/\/www.europesays.com\/de\/wp-json\/wp\/v2\/posts\/1278185\/revisions"}],"wp:featuredmedia":[{"embeddable":true,"href":"https:\/\/www.europesays.com\/de\/wp-json\/wp\/v2\/media\/1278186"}],"wp:attachment":[{"href":"https:\/\/www.europesays.com\/de\/wp-json\/wp\/v2\/media?parent=1278185"}],"wp:term":[{"taxonomy":"category","embeddable":true,"href":"https:\/\/www.europesays.com\/de\/wp-json\/wp\/v2\/categories?post=1278185"},{"taxonomy":"post_tag","embeddable":true,"href":"https:\/\/www.europesays.com\/de\/wp-json\/wp\/v2\/tags?post=1278185"}],"curies":[{"name":"wp","href":"https:\/\/api.w.org\/{rel}","templated":true}]}}