{"id":1278191,"date":"2026-09-03T14:07:38","date_gmt":"2026-09-03T14:07:38","guid":{"rendered":"https:\/\/www.europesays.com\/de\/1278191\/"},"modified":"2026-09-03T14:07:38","modified_gmt":"2026-09-03T14:07:38","slug":"braunschweig-ratsgruppe-kritisiert-verzoegerten-wohnungslosigkeits-plan","status":"publish","type":"post","link":"https:\/\/www.europesays.com\/de\/1278191\/","title":{"rendered":"Braunschweig: Ratsgruppe kritisiert verz\u00f6gerten Wohnungslosigkeits-Plan"},"content":{"rendered":"<p>In Braunschweig hat die Ratsgruppe Fraktion.BS deutliche Kritik am Vorgehen der Stadtverwaltung bez\u00fcglich des geplanten Aktionsplans gegen Wohnungslosigkeit ge\u00e4u\u00dfert. Der Kern des Vorwurfs liegt in einer erheblichen zeitlichen Verz\u00f6gerung: Die Fraktion weist darauf hin, dass sie bereits vor rund zwei Jahren eine nahezu identische Initiative in die politischen Gremien eingebracht hatte.<\/p>\n<p>Der aktuelle Vorsto\u00df der Stadtverwaltung wird von den Vertretern der Ratsgruppe daher nicht als grundlegende Neuheit, sondern als sp\u00e4te Reaktion auf bereits bestehende parlamentische Initiativen gewertet.<\/p>\n<p>Nach Angaben der Fraktion.BS wurde ihr urspr\u00fcnglicher Antrag, der bereits \u00e4hnliche Zielsetzungen verfolgte, im Jahr 2025 in einen sogenannten Pr\u00fcfauftrag umgewandelt.<\/p>\n<p>In der Kommunalpolitik dient ein solcher Auftrag \u00fcblicherweise dazu, die Machbarkeit, die rechtlichen Rahmenbedingungen sowie die voraussichtlichen Kosten einer Ma\u00dfnahme durch die Fachverwaltung untersuchen zu lassen, bevor eine endg\u00fcltige Entscheidung durch den Rat getroffen wird.<\/p>\n<p>Dass nun, Monate nach dieser Umwandlung, ein st\u00e4dtischer Aktionsplan pr\u00e4sentiert wird, wertet die Ratsgruppe als Best\u00e4tigung ihrer urspr\u00fcnglichen Forderung, kritisiert jedoch die dazwischen liegende Zeitspanne.<\/p>\n<p>Forderung nach konkreten Haushaltsmitteln<\/p>\n<p>Trotz der kritischen Einordnung des zeitlichen Ablaufs und des administrativen Prozesses signalisierte die Ratsgruppe ihre grunds\u00e4tzliche Bereitschaft, dem nun vorliegenden Aktionsplan der Stadt zuzustimmen.<\/p>\n<p>Die Fraktion.BS betonte, dass das Ziel, Wohnungslosigkeit effektiv zu bek\u00e4mpfen, partei\u00fcbergreifend unterst\u00fctzt werden m\u00fcsse. Allerdings kn\u00fcpfen die Lokalpolitiker ihre Zustimmung an eine zentrale Bedingung: die Bereitstellung konkreter Haushaltsmittel.<\/p>\n<p>Nach Ansicht der Ratsgruppe bleibt jeder Aktionsplan ohne eine entsprechende finanzielle Unterlegung im st\u00e4dtischen Etat wirkungslos. Die Forderung nach Haushaltsmitteln zielt darauf ab, sicherzustellen, dass das Papier nicht lediglich eine Absichtserkl\u00e4rung bleibt, sondern in operative Ma\u00dfnahmen m\u00fcndet. Dies schlie\u00dfe beispielsweise die Finanzierung von Unterbringungskapazit\u00e4ten, sozialen Beratungsdiensten oder Pr\u00e4ventionsprogrammen ein, die den Verlust von Wohnraum bereits im Vorfeld verhindern sollen.<\/p>\n<p>Bedeutung f\u00fcr die kommunale Sozialpolitik<\/p>\n<p>Die Auseinandersetzung in Braunschweig verdeutlicht die Herausforderungen in der kommunalen Sozial- und Immobilienpolitik. W\u00e4hrend die Stadtverwaltung nun einen formalisierten Rahmen f\u00fcr die Bek\u00e4mpfung von Wohnungslosigkeit schafft, beharrt die Opposition auf der Anerkennung ihrer geleisteten Vorarbeit und fordert eine Abkehr von reinen Pr\u00fcfprozessen hin zu einer materiell abgesicherten Umsetzung.<\/p>\n<p>In Fachkreisen der Immobilienwirtschaft und Sozialarbeit wird die Bereitstellung und Sicherung von Wohnraum f\u00fcr vulnerable Gruppen als eine der dringlichsten Aufgaben moderner Stadtentwicklung angesehen.<\/p>\n<p>Der Fall in Braunschweig zeigt exemplarisch, dass neben dem politischen Konsens \u00fcber die Notwendigkeit von Hilfsprogrammen vor allem die Geschwindigkeit der Umsetzung und die langfristige finanzielle Planungssicherheit entscheidende Faktoren f\u00fcr den Erfolg solcher Initiativen sind.<\/p>\n<p>Die kommenden Beratungen zum st\u00e4dtischen Haushalt werden zeigen, inwieweit die Forderungen der Ratsgruppe nach einer soliden Finanzierung des Aktionsplans ber\u00fccksichtigt werden.<\/p>\n<p>\n        <strong>Hinweis:<\/strong><\/p>\n<p>        Teile dieses Artikels wurden mithilfe K\u00fcnstlicher Intelligenz erstellt und vor Ver\u00f6ffentlichung redaktionell gepr\u00fcft. Die auf B\u00f6rse Express bereitgestellten Informationen stellen keine Anlage- oder Finanzberatung dar und sind nicht als solche gedacht. Die Informationen dienen ausschlie\u00dflich Informationszwecken. F\u00fcr individuelle Finanzberatung wenden Sie sich an einen qualifizierten Finanzberater. B\u00f6rse Express schlie\u00dft jegliche Regressanspr\u00fcche aus.\n    <\/p>\n","protected":false},"excerpt":{"rendered":"In Braunschweig hat die Ratsgruppe Fraktion.BS deutliche Kritik am Vorgehen der Stadtverwaltung bez\u00fcglich des geplanten Aktionsplans gegen Wohnungslosigkeit&hellip;\n","protected":false},"author":2,"featured_media":1278192,"comment_status":"","ping_status":"","sticky":false,"template":"","format":"standard","meta":{"footnotes":"","_share_on_mastodon":"0"},"categories":[1850],"tags":[6429,3364,29,548,663,3934,30,13,14,15,1411,12],"class_list":["post-1278191","post","type-post","status-publish","format-standard","has-post-thumbnail","category-braunschweig","tag-braunschweig","tag-de","tag-deutschland","tag-eu","tag-europa","tag-europe","tag-germany","tag-headlines","tag-nachrichten","tag-news","tag-niedersachsen","tag-schlagzeilen"],"share_on_mastodon":{"url":"https:\/\/pubeurope.com\/@de\/117207501957940527","error":""},"_links":{"self":[{"href":"https:\/\/www.europesays.com\/de\/wp-json\/wp\/v2\/posts\/1278191","targetHints":{"allow":["GET"]}}],"collection":[{"href":"https:\/\/www.europesays.com\/de\/wp-json\/wp\/v2\/posts"}],"about":[{"href":"https:\/\/www.europesays.com\/de\/wp-json\/wp\/v2\/types\/post"}],"author":[{"embeddable":true,"href":"https:\/\/www.europesays.com\/de\/wp-json\/wp\/v2\/users\/2"}],"replies":[{"embeddable":true,"href":"https:\/\/www.europesays.com\/de\/wp-json\/wp\/v2\/comments?post=1278191"}],"version-history":[{"count":0,"href":"https:\/\/www.europesays.com\/de\/wp-json\/wp\/v2\/posts\/1278191\/revisions"}],"wp:featuredmedia":[{"embeddable":true,"href":"https:\/\/www.europesays.com\/de\/wp-json\/wp\/v2\/media\/1278192"}],"wp:attachment":[{"href":"https:\/\/www.europesays.com\/de\/wp-json\/wp\/v2\/media?parent=1278191"}],"wp:term":[{"taxonomy":"category","embeddable":true,"href":"https:\/\/www.europesays.com\/de\/wp-json\/wp\/v2\/categories?post=1278191"},{"taxonomy":"post_tag","embeddable":true,"href":"https:\/\/www.europesays.com\/de\/wp-json\/wp\/v2\/tags?post=1278191"}],"curies":[{"name":"wp","href":"https:\/\/api.w.org\/{rel}","templated":true}]}}