{"id":1278195,"date":"2026-09-03T14:09:20","date_gmt":"2026-09-03T14:09:20","guid":{"rendered":"https:\/\/www.europesays.com\/de\/1278195\/"},"modified":"2026-09-03T14:09:20","modified_gmt":"2026-09-03T14:09:20","slug":"im-winter-mit-dem-sommer-heizen-kirchenkreis-plant-grossen-klimaschutz-schritt","status":"publish","type":"post","link":"https:\/\/www.europesays.com\/de\/1278195\/","title":{"rendered":"Im Winter mit dem Sommer heizen: Kirchenkreis plant gro\u00dfen Klimaschutz-Schritt"},"content":{"rendered":"<p><a title=\"Philipp Swiderski zeigt Thermografieaufnahme einer Kirche\" href=\"https:\/\/neue-gladbecker-zeitung.de\/im-winter-mit-dem-sommer-heizen-kirchenkreis-plant-grossen-klimaschutz-schritt\/philipp-swiderski-zeigt-thermografieaufnahme-einer-kirche_ergebnis\/\" rel=\"nofollow noopener\" target=\"_blank\"><img fetchpriority=\"high\" width=\"678\" height=\"381\" src=\"https:\/\/www.europesays.com\/de\/wp-content\/uploads\/2026\/09\/Philipp-Swiderski-zeigt-Thermografieaufnahme-einer-Kirche_ergebnis.webp\" class=\"attachment-mh-magazine-content size-mh-magazine-content wp-post-image\" alt=\"Klimaschutzmanager Philipp Swiderski zeigt eine Thermografieaufnahme einer Kirche\" title=\"Philipp Swiderski zeigt Thermografieaufnahme einer Kirche\" loading=\"eager\" decoding=\"async\"  \/><\/a><br \/>\nKlimaschutzmanager Philipp Swiderski zeigt eine Thermografieaufnahme der Christuskirche in Gladbeck. Foto: Michael Bokelmann<\/p>\n<p>Klimaschutz: Kirchenkreis will Sommerw\u00e4rme speichern<\/p>\n<p><strong>Der Evangelische Kirchenkreis Gladbeck-Bottrop-Dorsten will die Treibhausgas-Emissionen seiner Geb\u00e4ude deutlich senken. Das jetzt vorliegende Klimaschutzkonzept umfasst rund 90 Geb\u00e4ude und etwa 100 Nutzungseinheiten.<\/strong><\/p>\n<p><strong>Gladbeck \u2013 03.09.2026 \u2013\u00a0<\/strong>In den kommenden drei Jahren sollen Ma\u00dfnahmen im Umfang von rund 3,6 Millionen Euro umgesetzt werden. Sind alle vorgesehenen Projekte realisiert, k\u00f6nnten die j\u00e4hrlichen Treibhausgasemissionen von derzeit 1.953 Tonnen CO\u2082 um etwa ein Drittel sinken.<\/p>\n<p>&gt;&gt;&gt; <strong>Den NGZ-Newsletter:<\/strong>\u00a0<a href=\"https:\/\/neue-gladbecker-zeitung.de\/newsletter-der-ngz\/\" target=\"_blank\" rel=\"noopener nofollow\" data-category-full-path=\"\/staedte\/gladbeck\/\" data-paid-status=\"free\" data-article-publish-date=\"1595937600\">hier gratis abonnieren<\/a>\u00a0|\u00a0<strong>Folgen Sie uns<\/strong>\u00a0<strong>auch<\/strong>\u00a0auf\u00a0<a href=\"https:\/\/www.facebook.com\/NeueGladbeckerZeitung\/\" target=\"_blank\" rel=\"noopener nofollow\">Facebook<\/a>\u00a0und auf\u00a0<a href=\"https:\/\/www.instagram.com\/neuegladbeckerzeitung\/\" target=\"_blank\" rel=\"noopener nofollow\">Instagram<\/a>\u00a0|<br \/><strong>Hier erhalten Sie alle Nachrichten sofort im<\/strong>\u00a0<a href=\"https:\/\/whatsapp.com\/channel\/0029VaAJZdH8F2pIH21PF72X\" target=\"_blank\" rel=\"noopener nofollow\">WhatsApp-Kanal<\/a> | Unsere: <a href=\"https:\/\/neue-gladbecker-zeitung.de\/blaulicht\/\" target=\"_blank\" rel=\"noopener nofollow\">Polizei- und Feuerwehrartikel<\/a> &lt;&lt;&lt;<\/p>\n<p>Jahreszeitenspeicher soll Sommerw\u00e4rme f\u00fcr den Winter sichern<\/p>\n<p>Zu den ungew\u00f6hnlichsten Vorschl\u00e4gen des Klimaschutzkonzepts geh\u00f6rt ein sogenannter Jahreszeitenspeicher. Dabei soll \u00fcbersch\u00fcssige Energie aus Photovoltaik oder Solarthermie im Sommer W\u00e4rme erzeugen, die \u00fcber Monate gespeichert werden kann.<\/p>\n<p>Als m\u00f6gliche Speichermedien kommen beispielsweise Erdreich, Salz oder Sand infrage. Im Winter k\u00f6nnte eine W\u00e4rmepumpe auf die gespeicherte Energie zugreifen und dadurch effizienter arbeiten.<\/p>\n<p>Als m\u00f6glicher Standort ist die Martin-Luther-Kirche in Dorsten-Holsterhausen im Gespr\u00e4ch. Eine Entscheidung f\u00fcr das Projekt gibt es allerdings noch nicht.<\/p>\n<p>\u201eWir pr\u00fcfen nun, ob wir dieses System im Kirchenkreis als Pilotprojekt umsetzen k\u00f6nnen\u201c, sagt Klimaschutzmanager Philipp Swiderski. \u201eKirche kann damit auch Vorhaben ansto\u00dfen, die echten Leuchtturmcharakter besitzen.\u201c<\/p>\n<p>Rund 3,6 Millionen Euro f\u00fcr Klimaschutzma\u00dfnahmen<\/p>\n<p>Der Jahreszeitenspeicher ist Teil eines umfangreichen Ma\u00dfnahmenpakets. F\u00fcr die ersten drei Jahre sind Projekte mit einem Gesamtvolumen von rund 3,6 Millionen Euro vorgesehen. Etwa 600.000 bis 700.000 Euro lassen sich \u00fcber F\u00f6rderprogramme finanzieren.<\/p>\n<p>Das Ziel ist ambitioniert: Werden s\u00e4mtliche geplanten Ma\u00dfnahmen umgesetzt, sollen die derzeitigen Treibhausgasemissionen der Geb\u00e4ude um rund ein Drittel sinken.<\/p>\n<p>Kirchenkreis untersucht Geb\u00e4ude und Energieverbrauch<\/p>\n<p>Zwei Jahre lang hat Swiderski den Geb\u00e4udebestand des Kirchenkreises untersucht. Dazu geh\u00f6ren Kirchen, Gemeinde- und Verwaltungsgeb\u00e4ude, Kitas, Pfarrh\u00e4user und Wohnobjekte.<\/p>\n<p>Erfasst hat Swiderski unter anderem Baujahr, Fl\u00e4chen, Energieverbrauch, Heizsysteme und die jeweiligen Nutzungsperspektiven. Auch die Arbeitswege von mehr als 1.000 Besch\u00e4ftigten flossen in die Bilanz ein.<\/p>\n<p>\u201eWir wollten nicht einzelne Ma\u00dfnahmen nebeneinanderstellen, sondern einen umfassenden Fahrplan entwickeln\u201c, erkl\u00e4rt der Klimaschutzmanager.<\/p>\n<p>Photovoltaik, D\u00e4mmung und neue Heizungen<\/p>\n<p>Das Konzept beschreibt konkrete Sanierungsm\u00f6glichkeiten f\u00fcr die einzelnen Geb\u00e4ude. Vorgesehen sind unter anderem Photovoltaikanlagen, neue Fenster sowie Fassaden- und Dachd\u00e4mmungen.<\/p>\n<p>Auch Dachbegr\u00fcnungen geh\u00f6ren zum Ma\u00dfnahmenpaket. Bei den Heizungen soll der Wechsel von Gas, \u00d6l oder Elektroheizungen auf W\u00e4rmepumpen gepr\u00fcft beziehungsweise umgesetzt werden.<\/p>\n<p>Daneben sieht das Konzept Ma\u00dfnahmen f\u00fcr eine klimafreundlichere Mobilit\u00e4t vor. Geplant sind unter anderem Fahrradabstellanlagen, Ladepunkte und Jobticket-Angebote. Auch Klima- und Umweltbildung ist Bestandteil des Programms.<\/p>\n<p>Auch bei privaten und \u00f6ffentlichen Geb\u00e4uden in <a href=\"https:\/\/www.gladbeck.de\" target=\"_blank\" rel=\"noopener nofollow\">Gladbeck<\/a> spielen energetische Sanierungen und W\u00e4rmepumpen zunehmend eine Rolle. Die NGZ berichtete beispielsweise \u00fcber <a href=\"https:\/\/neue-gladbecker-zeitung.de\/heizkosten-senken-und-das-klima-in-gladbeck-schonen\/\" rel=\"nofollow noopener\" target=\"_blank\">W\u00e4rmepumpen im Gladbecker Quartier Rosenh\u00fcgel<\/a> und \u00fcber <a href=\"https:\/\/neue-gladbecker-zeitung.de\/thermografie-zeigt-waermebruecken-an-haeusern-in-gladbeck\/\" rel=\"nofollow noopener\" target=\"_blank\">Thermografie und W\u00e4rmebr\u00fccken an Geb\u00e4uden in Gladbeck<\/a>.<\/p>\n<p>Erste Projekte sind bereits gestartet<\/p>\n<p>Einige Ma\u00dfnahmen laufen bereits. Das Gemeindehaus in Bottrop-Eigen erh\u00e4lt derzeit eine Fassadend\u00e4mmung.<\/p>\n<p>Die Martin-Luther-Kirche in Dorsten-Holsterhausen bekommt neue Fenster. Im Martinszentrum in Bottrop und am Verwaltungsgeb\u00e4ude an der Gladbecker Mittelstra\u00dfe sollen in K\u00fcrze die D\u00e4cher begr\u00fcnt werden.<\/p>\n<p>Allein durch eine Dachbegr\u00fcnung k\u00f6nnen nach Angaben des Kirchenkreises bis zu 5 Prozent Heizenergie eingespart werden.<\/p>\n<p>Klimaschutzkonzept liegt in zwei Fassungen vor<\/p>\n<p>Das neue Klimaschutzkonzept gibt es in zwei Fassungen. Die ausf\u00fchrliche technische Dokumentation umfasst 192 Seiten.<\/p>\n<p>Daneben gibt es eine kompakte Brosch\u00fcre mit 24 Seiten. Sie soll breit ausgelegt und verteilt werden und insbesondere Gemeindemitgliedern sowie interessierten B\u00fcrgerinnen und B\u00fcrgern einen verst\u00e4ndlichen \u00dcberblick \u00fcber Ziele, Ma\u00dfnahmen und geplante Investitionen geben.<\/p>\n<p>Beide Fassungen k\u00f6nnen Sie beim <a href=\"https:\/\/www.kirchenkreis.org\/\" target=\"_blank\" rel=\"noopener nofollow\">Evangelischen Kirchenkreis Gladbeck-Bottrop-Dorsten<\/a> bestellen.<\/p>\n<p><a style=\"color: #ff0000;\" href=\"https:\/\/neue-gladbecker-zeitung.de\" rel=\"nofollow noopener\" target=\"_blank\">Zur Startseite<\/a><\/p>\n<p>\t<script async src=\"\/\/www.instagram.com\/embed.js\"><\/script><\/p>\n","protected":false},"excerpt":{"rendered":"Klimaschutzmanager Philipp Swiderski zeigt eine Thermografieaufnahme der Christuskirche in Gladbeck. Foto: Michael Bokelmann Klimaschutz: Kirchenkreis will Sommerw\u00e4rme speichern&hellip;\n","protected":false},"author":2,"featured_media":1278196,"comment_status":"","ping_status":"","sticky":false,"template":"","format":"standard","meta":{"footnotes":"","_share_on_mastodon":"0"},"categories":[1848],"tags":[28316,3364,29,548,663,3934,3658,30,17275,13,263724,263725,1548,14,15,1209,263726,1523,12,1139],"class_list":["post-1278195","post","type-post","status-publish","format-standard","has-post-thumbnail","category-gelsenkirchen","tag-energetische-sanierung","tag-de","tag-deutschland","tag-eu","tag-europa","tag-europe","tag-gelsenkirchen","tag-germany","tag-gladbeck","tag-headlines","tag-jahreszeitenspeicher","tag-kirchenkreis-gladbeck-bottrop-dorsten","tag-klimaschutz","tag-nachrichten","tag-news","tag-nordrhein-westfalen","tag-philipp-swiderski","tag-photovoltaik","tag-schlagzeilen","tag-waermepumpe"],"share_on_mastodon":{"url":"https:\/\/pubeurope.com\/@de\/117207509558616560","error":""},"_links":{"self":[{"href":"https:\/\/www.europesays.com\/de\/wp-json\/wp\/v2\/posts\/1278195","targetHints":{"allow":["GET"]}}],"collection":[{"href":"https:\/\/www.europesays.com\/de\/wp-json\/wp\/v2\/posts"}],"about":[{"href":"https:\/\/www.europesays.com\/de\/wp-json\/wp\/v2\/types\/post"}],"author":[{"embeddable":true,"href":"https:\/\/www.europesays.com\/de\/wp-json\/wp\/v2\/users\/2"}],"replies":[{"embeddable":true,"href":"https:\/\/www.europesays.com\/de\/wp-json\/wp\/v2\/comments?post=1278195"}],"version-history":[{"count":0,"href":"https:\/\/www.europesays.com\/de\/wp-json\/wp\/v2\/posts\/1278195\/revisions"}],"wp:featuredmedia":[{"embeddable":true,"href":"https:\/\/www.europesays.com\/de\/wp-json\/wp\/v2\/media\/1278196"}],"wp:attachment":[{"href":"https:\/\/www.europesays.com\/de\/wp-json\/wp\/v2\/media?parent=1278195"}],"wp:term":[{"taxonomy":"category","embeddable":true,"href":"https:\/\/www.europesays.com\/de\/wp-json\/wp\/v2\/categories?post=1278195"},{"taxonomy":"post_tag","embeddable":true,"href":"https:\/\/www.europesays.com\/de\/wp-json\/wp\/v2\/tags?post=1278195"}],"curies":[{"name":"wp","href":"https:\/\/api.w.org\/{rel}","templated":true}]}}