{"id":1278198,"date":"2026-09-03T14:12:15","date_gmt":"2026-09-03T14:12:15","guid":{"rendered":"https:\/\/www.europesays.com\/de\/1278198\/"},"modified":"2026-09-03T14:12:15","modified_gmt":"2026-09-03T14:12:15","slug":"nach-explosion-in-augsburg-geschaefte-sind-wieder-geoeffnet","status":"publish","type":"post","link":"https:\/\/www.europesays.com\/de\/1278198\/","title":{"rendered":"Nach Explosion in Augsburg: Gesch\u00e4fte sind wieder ge\u00f6ffnet"},"content":{"rendered":"<p>Einen Tag nach der <a href=\"https:\/\/www.br.de\/nachrichten\/bayern\/nach-explosion-in-augsburg-hauptbahnhof-wieder-freigegeben-ermittlungen-laufen-auf-hochtouren,VU338pM\" rel=\"nofollow noopener\" target=\"_blank\">Explosion direkt gegen\u00fcber vom Augsburger Hauptbahnhof<\/a> sind die dortigen Gesch\u00e4fte wieder ge\u00f6ffnet. Die besch\u00e4digte Scheibe einer Drogerie ist vor\u00fcbergehend mit Holzplatten und Panzertape repariert, die Scheibe des Juweliers ist laut Besitzer aus Panzerglas &#8211; dort sind auch noch die L\u00f6cher zu sehen, die die gestrige Explosion hinterlassen hat. Die Scheiben der H\u00e4userfassaden der gegen\u00fcberliegenden Passage werden untersucht und auch hier kaputte Isolierscheiben ausgetauscht, wie am Kundencenter der AVV. <\/p>\n<p>Nach Explosion: LKA \u00fcbernimmt die Ermittlungen <\/p>\n<p>Laut Pressesprecher der Polizei Augsburg laufen die Ermittlungen weiterhin in alle Richtungen und auf Hochtouren, sogar bis in die vergangene Nacht. Der Fall wird nun an das Landeskriminalamt (LKA) \u00fcbergeben. <\/p>\n<p>Weitere Informationen zum explodierten Gegenstand &#8211; mutma\u00dflich eine Handgranate &#8211; oder den T\u00e4tern wollte die Polizei aufgrund des laufenden Ermittlungsverfahrens nicht preisgeben. Die Aufnahmen der \u00dcberwachungskameras werden derzeit ausgewertet. Auch die Schadensh\u00f6he sei noch nicht bekannt. Die Jugendlichen, die am Tatort waren und ein Knalltrauma erlitten haben, werden als Zeugen vernommen. <\/p>\n<p>Stundenlange Sperrungen am Augsburger Hbf<\/p>\n<p>Die Explosion hatte sich in der Nacht auf Mittwoch (02.09.) ereignet. Weil zudem ein verd\u00e4chtiger Gegenstand aufgetaucht war, wurde der Bahnhof zeitweise ger\u00e4umt und gesperrt. Sowohl Z\u00fcge als auch Busse und Stra\u00dfenbahnen fuhren einige Zeit lang nicht. Um welchen letztlich ungef\u00e4hrlichen Gegenstand es sich gehandelt hat und ob ein Zusammenhang mit der Explosion besteht, ist derzeit nicht bekannt. <\/p>\n","protected":false},"excerpt":{"rendered":"Einen Tag nach der Explosion direkt gegen\u00fcber vom Augsburger Hauptbahnhof sind die dortigen Gesch\u00e4fte wieder ge\u00f6ffnet. Die besch\u00e4digte&hellip;\n","protected":false},"author":2,"featured_media":1278199,"comment_status":"","ping_status":"","sticky":false,"template":"","format":"standard","meta":{"footnotes":"","_share_on_mastodon":"0"},"categories":[1846],"tags":[680,772,3364,29,548,663,3934,2805,30,13,3824,14,15,121,12,7727],"class_list":["post-1278198","post","type-post","status-publish","format-standard","has-post-thumbnail","category-augsburg","tag-augsburg","tag-bayern","tag-de","tag-deutschland","tag-eu","tag-europa","tag-europe","tag-explosion","tag-germany","tag-headlines","tag-lka","tag-nachrichten","tag-news","tag-polizei","tag-schlagzeilen","tag-schwaben"],"share_on_mastodon":{"url":"https:\/\/pubeurope.com\/@de\/117207521566127510","error":""},"_links":{"self":[{"href":"https:\/\/www.europesays.com\/de\/wp-json\/wp\/v2\/posts\/1278198","targetHints":{"allow":["GET"]}}],"collection":[{"href":"https:\/\/www.europesays.com\/de\/wp-json\/wp\/v2\/posts"}],"about":[{"href":"https:\/\/www.europesays.com\/de\/wp-json\/wp\/v2\/types\/post"}],"author":[{"embeddable":true,"href":"https:\/\/www.europesays.com\/de\/wp-json\/wp\/v2\/users\/2"}],"replies":[{"embeddable":true,"href":"https:\/\/www.europesays.com\/de\/wp-json\/wp\/v2\/comments?post=1278198"}],"version-history":[{"count":0,"href":"https:\/\/www.europesays.com\/de\/wp-json\/wp\/v2\/posts\/1278198\/revisions"}],"wp:featuredmedia":[{"embeddable":true,"href":"https:\/\/www.europesays.com\/de\/wp-json\/wp\/v2\/media\/1278199"}],"wp:attachment":[{"href":"https:\/\/www.europesays.com\/de\/wp-json\/wp\/v2\/media?parent=1278198"}],"wp:term":[{"taxonomy":"category","embeddable":true,"href":"https:\/\/www.europesays.com\/de\/wp-json\/wp\/v2\/categories?post=1278198"},{"taxonomy":"post_tag","embeddable":true,"href":"https:\/\/www.europesays.com\/de\/wp-json\/wp\/v2\/tags?post=1278198"}],"curies":[{"name":"wp","href":"https:\/\/api.w.org\/{rel}","templated":true}]}}