{"id":1278244,"date":"2026-09-03T14:57:16","date_gmt":"2026-09-03T14:57:16","guid":{"rendered":"https:\/\/www.europesays.com\/de\/1278244\/"},"modified":"2026-09-03T14:57:16","modified_gmt":"2026-09-03T14:57:16","slug":"pol-del-landkreis-wesermarsch-sachbeschaedigung-durch-inbrandsetzen-eines-lkw","status":"publish","type":"post","link":"https:\/\/www.europesays.com\/de\/1278244\/","title":{"rendered":"POL-DEL: Landkreis Wesermarsch: Sachbesch\u00e4digung durch Inbrandsetzen eines Lkw +++ &#8230;"},"content":{"rendered":"<p class=\"date\">03.09.2026 \u2013 15:22<\/p>\n<p class=\"customer\">\n                        <a class=\"story-customer\" title=\"weiter zum newsroom von Polizeiinspektion Delmenhorst \/ Oldenburg - Land \/ Wesermarsch\" href=\"https:\/\/www.presseportal.de\/blaulicht\/nr\/68438\" rel=\"nofollow noopener\" target=\"_blank\">Polizeiinspektion Delmenhorst \/ Oldenburg &#8211; Land \/ Wesermarsch<\/a>\n                    <\/p>\n<p><a data-category=\"citylink-story-view\" data-action=\"click\" data-label=\"Citylink in Meldungsansicht\" class=\"story-city event-trigger\" href=\"https:\/\/www.presseportal.de\/regional\/Delmenhorst\" title=\"News aus Delmenhorst \" rel=\"nofollow noopener\" target=\"_blank\">Delmenhorst<\/a> (ots)<\/p>\n<p>In den fr\u00fchen Morgenstunden des 3. September 2026 ist es hinter der Stadthalle in Elsfleth zu einer Sachbesch\u00e4digung durch Inbrandsetzen eines Lkw gekommen.<\/p>\n<p>Gegen 04:15 Uhr wurde der Brand eines Lkw \u00fcber den Notruf gemeldet. Beim Eintreffen der Polizei und der Feuerwehr stand die Ladefl\u00e4che des Fahrzeuges in Brand. Die Einsatzkr\u00e4fte der Freiwilligen Feuerwehr Elsfleth, die mit rund 25 Einsatzkr\u00e4ften vor Ort waren, konnten das Feuer z\u00fcgig l\u00f6schen.<\/p>\n<p>Durch das schnelle Eingreifen blieb ein Gro\u00dfteil des Lkw unbesch\u00e4digt. Die auf der Ladefl\u00e4che befindliche Ladung wurde jedoch durch das Feuer besch\u00e4digt. Die H\u00f6he des entstandenen Schadens kann derzeit noch nicht beziffert werden.<\/p>\n<p>Aufgrund der Gesamtumst\u00e4nde gehen die Ermittlerinnen und Ermittler derzeit von einer vors\u00e4tzlichen Brandstiftung aus. Die Polizei hat entsprechende Ermittlungen aufgenommen.<\/p>\n<p>Zeuginnen und Zeugen, die in der Nacht verd\u00e4chtige Personen oder Fahrzeuge im Bereich der Stadthalle in Elsfleth beobachtet haben oder sonstige Hinweise zum Geschehen geben k\u00f6nnen, werden gebeten, sich mit der Polizei in Brake unter der Telefonnummer 04401\/ 935-0 in Verbindung zu setzen.<\/p>\n<p class=\"contact-headline\">R\u00fcckfragen bitte an:<\/p>\n<p class=\"contact-text\">Ronja Weser<br \/>Polizeiinspektion Delmenhorst\/Oldenburg-Land\/Wesermarsch<br \/>Pressestelle<br \/>Telefon: 04221-1559104<br \/>E-Mail: <a href=\"https:\/\/www.presseportal.de\/blaulicht\/pm\/68438\/mailto:pressestelle@pi-del.polizei.niedersachsen.de\" class=\"uri-mailto\" rel=\"nofollow noopener\" target=\"_blank\">pressestelle@pi-del.polizei.niedersachsen.de<\/a> <br \/>Homepage: <a target=\"_blank\" class=\"uri-ext outbound\" rel=\"noopener nofollow\" href=\"https:\/\/t.co\/aQZG7qf8EJ\">https:\/\/t.co\/aQZG7qf8EJ<\/a><br \/>Social Media: <a target=\"_blank\" class=\"uri-ext outbound\" rel=\"noopener nofollow\" href=\"https:\/\/x.com\/Polizei_DEL\">https:\/\/x.com\/Polizei_DEL<\/a><\/p>\n<p class=\"originator\">Original-Content von: Polizeiinspektion Delmenhorst \/ Oldenburg &#8211; Land \/ Wesermarsch, \u00fcbermittelt durch news aktuell<\/p>\n","protected":false},"excerpt":{"rendered":"03.09.2026 \u2013 15:22 Polizeiinspektion Delmenhorst \/ Oldenburg &#8211; Land \/ Wesermarsch Delmenhorst (ots) In den fr\u00fchen Morgenstunden des&hellip;\n","protected":false},"author":2,"featured_media":1266941,"comment_status":"","ping_status":"","sticky":false,"template":"","format":"standard","meta":{"footnotes":"","_share_on_mastodon":"0"},"categories":[1824],"tags":[2420,3364,29,30,177,5404,121,178,180,179,181],"class_list":["post-1278244","post","type-post","status-publish","format-standard","has-post-thumbnail","category-bremen","tag-bremen","tag-de","tag-deutschland","tag-germany","tag-kriminalitt","tag-ni","tag-polizei","tag-presse","tag-pressemeldung","tag-pressemitteilung","tag-pressemitteilungen"],"share_on_mastodon":{"url":"https:\/\/pubeurope.com\/@de\/117207698551405323","error":""},"_links":{"self":[{"href":"https:\/\/www.europesays.com\/de\/wp-json\/wp\/v2\/posts\/1278244","targetHints":{"allow":["GET"]}}],"collection":[{"href":"https:\/\/www.europesays.com\/de\/wp-json\/wp\/v2\/posts"}],"about":[{"href":"https:\/\/www.europesays.com\/de\/wp-json\/wp\/v2\/types\/post"}],"author":[{"embeddable":true,"href":"https:\/\/www.europesays.com\/de\/wp-json\/wp\/v2\/users\/2"}],"replies":[{"embeddable":true,"href":"https:\/\/www.europesays.com\/de\/wp-json\/wp\/v2\/comments?post=1278244"}],"version-history":[{"count":0,"href":"https:\/\/www.europesays.com\/de\/wp-json\/wp\/v2\/posts\/1278244\/revisions"}],"wp:featuredmedia":[{"embeddable":true,"href":"https:\/\/www.europesays.com\/de\/wp-json\/wp\/v2\/media\/1266941"}],"wp:attachment":[{"href":"https:\/\/www.europesays.com\/de\/wp-json\/wp\/v2\/media?parent=1278244"}],"wp:term":[{"taxonomy":"category","embeddable":true,"href":"https:\/\/www.europesays.com\/de\/wp-json\/wp\/v2\/categories?post=1278244"},{"taxonomy":"post_tag","embeddable":true,"href":"https:\/\/www.europesays.com\/de\/wp-json\/wp\/v2\/tags?post=1278244"}],"curies":[{"name":"wp","href":"https:\/\/api.w.org\/{rel}","templated":true}]}}