{"id":1278255,"date":"2026-09-03T15:07:17","date_gmt":"2026-09-03T15:07:17","guid":{"rendered":"https:\/\/www.europesays.com\/de\/1278255\/"},"modified":"2026-09-03T15:07:17","modified_gmt":"2026-09-03T15:07:17","slug":"hitzeschutz-an-schulen-was-duesseldorf-jetzt-besser-machen-will","status":"publish","type":"post","link":"https:\/\/www.europesays.com\/de\/1278255\/","title":{"rendered":"Hitzeschutz an Schulen: Was D\u00fcsseldorf jetzt besser machen will"},"content":{"rendered":"<p class=\"text_ohne_einzug richtext text-em-55 !leading-serif mx-6 desktop:mx-0\">Die Stadt will den Hitzeschutz an Schulen weiter verbessern. \u201eWir planen ein neues Austauschformat, zu dem bereits alle Schulleitungen eingeladen wurden\u201c, sagt Dagmar Wandt, Leiterin des Amtes f\u00fcr Schule und Bildung. Denn ein hundertprozentiger Schutz vor extremen Au\u00dfentemperaturen k\u00f6nne nicht allein durch bauliche Mittel erreicht werden. Deshalb sei es wichtig, im direkten Gespr\u00e4ch auch organisatorische Ma\u00dfnahmen im t\u00e4glichen Schulbetrieb in den Blick zu nehmen.<\/p>\n<p class=\"richtext text-em-55 !leading-serif mx-6 desktop:mx-0\">Kostenpflichtiger Inhalt <a href=\"https:\/\/rp-online.de\/nrw\/staedte\/duesseldorf\/hitzefrei-in-duesseldorf-schulen-weiten-regelungen-aus_aid-150356187\" rel=\"nofollow noopener\" target=\"_blank\">Tats\u00e4chlich hatte die Hitze in diesem Sommer die D\u00fcsseldorfer Schulgemeinden herausgefordert. <\/a>Eine Reihe der insgesamt 180 Standorte gab an verschiedenen Tagen \u201ehitzefrei\u201c, die Sch\u00fcler der Primarstufe und der Sekundarstufe konnten dann am fr\u00fchen Mittag nach Hause gehen. Die Betreuung j\u00fcngerer Kinder im Ganztag blieb dennoch gew\u00e4hrleistet. Auf dem H\u00f6hepunkt der Hitzewelle mit Prognosen bis zu 39 Grad gaben einige Schulleiter auch gleich f\u00fcr mehrere Tage hitzefrei, was gelegentlich zu Nachfragen von Eltern gef\u00fchrt hatte.<\/p>\n<p class=\"richtext text-em-55 !leading-serif mx-6 desktop:mx-0\">Hitzeschutz ist an den D\u00fcsseldorfer Schulen kein neues Thema. \u201eJedes Geb\u00e4ude entspricht mindestens dem Stand der Technik des jeweiligen Bau- oder Sanierungszeitpunkts\u201c, betonte Wandt im Schulausschuss. Hier hatte die Fraktion SPD\/Volt mit einer ausf\u00fchrlichen Anfrage nachgehakt. Die Amtsleiterin erl\u00e4uterte, man habe mit Anpassungsma\u00dfnahmen auf die Klimaver\u00e4nderung der vergangenen Jahre reagiert. Dabei liege der Fokus auf einer schrittweisen Verbesserung der energetischen Geb\u00e4uded\u00e4mmung, auf Verschattungen, zeitgem\u00e4\u00dfen Sonnenschutzsystemen und optimierten L\u00fcftungssystemen. Grenzen setzten hierbei die baulichen Gegebenheiten sowie die f\u00fcr Schulbau und Schulsanierung zur Verf\u00fcgung stehenden Budgets.<\/p>\n<p class=\"richtext text-em-55 !leading-serif mx-6 desktop:mx-0\">Hakim El Ghazali, Vize-Vorsitzender der SPD-Volt-Fraktion, hakte im Ausschuss nach. Er wollte wissen, ob nach den Erfahrungen dieses Sommers mehr Hitzeschutz-Folien als kurzfristige Ma\u00dfnahme m\u00f6glich seien. \u201eWas im Rahmen des Masterplans Schulen geht, machen wir\u201c, antwortete Wandt. Klar sei, dass auch solche Folien am Ende finanziert werden m\u00fcssten. Bislang habe man an einzelnen Standorten damit gearbeitet und \u201egute Ergebnisse erzielt\u201c. Eine zentrale Rolle spiele im Gesamtkonzept zudem die Entsiegelung und Verschattung von Schulh\u00f6fen. Hierf\u00fcr nutze die Stadt teilweise auch F\u00f6rdermittel, die Bund, Land, EU und die Kreditanstalt f\u00fcr Wiederaufbau bereitstellten. Als Beispiel nannte die Amtsleiterin den Hof der katholischen St.-Benedikt-Hauptschule in Stadtmitte, der vom Landesprogramm \u201eCoole Schulh\u00f6fe\u201c profitiere.<\/p>\n<p class=\"text_ohne_einzug richtext text-em-55 !leading-serif mx-6 desktop:mx-0\">Die F\u00f6rdersumme decke jedoch nur einen marginalen Teil der erforderlichen Gesamtinvestition und werde als Teilprojekt in eine umfassendere Neugestaltung eingebunden. Im Rahmen der EU-F\u00f6rderung \u201eKlimaanpassung.Kommunen.NRW\u201c habe man zudem einen Antrag f\u00fcr Sonnenschutz am Heinrich-Hertz-Berufskolleg eingereicht.<\/p>\n<p class=\"richtext text-em-55 !leading-serif mx-6 desktop:mx-0\">Einen wichtigen Beitrag zur Klimaanpassung an Schulen leistet nach Angaben der Stadt auch die B\u00fcrgerstiftung D\u00fcsseldorf. Sie hatte 2021 500.000 Euro f\u00fcr die Entsiegelung von Schulh\u00f6fen zugesichert. Diese F\u00f6rderung sei dann durch die Deutsche Postcode Lotterie im Rahmen des \u201eTraumtaler\u201c-Programms erm\u00f6glicht worden, das herausragende lokale Projekte unterst\u00fctzte. Bis 2024 wurden laut Stadt insgesamt rund 384.000 Euro f\u00fcr Entsiegelungsma\u00dfnahmen an sieben Schulstandorten (Graf-Recke-Stra\u00dfe 95,<\/p>\n<p class=\"text_ohne_einzug richtext text-em-55 !leading-serif mx-6 desktop:mx-0\">Carl-Friedrich-Goerdeler-Stra\u00dfe, Stettiner Stra\u00dfe, Siegburger Stra\u00dfe 39, Kempgensweg, Bachstra\u00dfe und Sonnenstra\u00dfe) investiert. Die verbleibenden Mittel in H\u00f6he von fast 116.000 Euro sollen in diesem Jahr f\u00fcr die Umgestaltung des Schulhofes der Gemeinschaftsgrundschule Helmholtzstra\u00dfe verausgabt werden.<\/p>\n<p class=\"richtext text-em-55 !leading-serif mx-6 desktop:mx-0\">Auf ein Dilemma machte im Ausschuss B\u00fcrgermeisterin Clara Gerlach (Gr\u00fcne) aufmerksam. Sie bemerkte, dass man bei diesem Thema h\u00e4ufiger hinterherhinke: \u201eAm Ende setzen wir ja meist das um, was vor ein paar Jahren der Stand der Dinge war und m\u00fcssen immer wieder nachbessern.\u201c Man m\u00fcsse aufpassen, dass man \u201eam Ende nicht Schulh\u00f6fe entsiegele, die man gerade erst gebaut hat\u201c. Wandt bemerkte dazu, dass es sich nicht immer vermeiden lasse, weiterf\u00fchrende Ma\u00dfnahmen, wie beispielsweise Sonnensegel, erst nachtr\u00e4glich auf den Weg zu bringen.<\/p>\n","protected":false},"excerpt":{"rendered":"Die Stadt will den Hitzeschutz an Schulen weiter verbessern. \u201eWir planen ein neues Austauschformat, zu dem bereits alle&hellip;\n","protected":false},"author":2,"featured_media":1278256,"comment_status":"","ping_status":"","sticky":false,"template":"","format":"standard","meta":{"footnotes":"","_share_on_mastodon":"0"},"categories":[1831],"tags":[3364,29,3405,30,33452,7006,7013,1209,20668],"class_list":["post-1278255","post","type-post","status-publish","format-standard","has-post-thumbnail","category-duesseldorf","tag-de","tag-deutschland","tag-duesseldorf","tag-germany","tag-hitzeschutz","tag-janssen","tag-joerg","tag-nordrhein-westfalen","tag-verbessern"],"share_on_mastodon":{"url":"https:\/\/pubeurope.com\/@de\/117207737869303324","error":""},"_links":{"self":[{"href":"https:\/\/www.europesays.com\/de\/wp-json\/wp\/v2\/posts\/1278255","targetHints":{"allow":["GET"]}}],"collection":[{"href":"https:\/\/www.europesays.com\/de\/wp-json\/wp\/v2\/posts"}],"about":[{"href":"https:\/\/www.europesays.com\/de\/wp-json\/wp\/v2\/types\/post"}],"author":[{"embeddable":true,"href":"https:\/\/www.europesays.com\/de\/wp-json\/wp\/v2\/users\/2"}],"replies":[{"embeddable":true,"href":"https:\/\/www.europesays.com\/de\/wp-json\/wp\/v2\/comments?post=1278255"}],"version-history":[{"count":0,"href":"https:\/\/www.europesays.com\/de\/wp-json\/wp\/v2\/posts\/1278255\/revisions"}],"wp:featuredmedia":[{"embeddable":true,"href":"https:\/\/www.europesays.com\/de\/wp-json\/wp\/v2\/media\/1278256"}],"wp:attachment":[{"href":"https:\/\/www.europesays.com\/de\/wp-json\/wp\/v2\/media?parent=1278255"}],"wp:term":[{"taxonomy":"category","embeddable":true,"href":"https:\/\/www.europesays.com\/de\/wp-json\/wp\/v2\/categories?post=1278255"},{"taxonomy":"post_tag","embeddable":true,"href":"https:\/\/www.europesays.com\/de\/wp-json\/wp\/v2\/tags?post=1278255"}],"curies":[{"name":"wp","href":"https:\/\/api.w.org\/{rel}","templated":true}]}}