{"id":1278283,"date":"2026-09-03T15:32:21","date_gmt":"2026-09-03T15:32:21","guid":{"rendered":"https:\/\/www.europesays.com\/de\/1278283\/"},"modified":"2026-09-03T15:32:21","modified_gmt":"2026-09-03T15:32:21","slug":"gladbach-tomas-cvancara-wechsel-zum-fc-hradec-kralove","status":"publish","type":"post","link":"https:\/\/www.europesays.com\/de\/1278283\/","title":{"rendered":"Gladbach: Tomas Cvancara &#8211; Wechsel zum FC Hradec Kralove"},"content":{"rendered":"<p class=\"text_ohne_einzug richtext text-em-55 !leading-serif mx-6 desktop:mx-0\">An Borussias Trainingseinheiten der vergangenen Tage nahm Tomas Cvancara schon nicht mehr teil. Der St\u00fcrmer, der keine Rolle mehr in den Planungen von Trainer Eugen Polanski spielt, durfte sich auf die Suche nach einem neuen Arbeitgeber begeben. Und hat nun Erfolg gehabt.<\/p>\n<p class=\"richtext text-em-55 !leading-serif mx-6 desktop:mx-0\">Am Donnerstag vermeldete Borussia, dass der tschechische Erstligist FC Hradec Kralove den Angreifer f\u00fcr ein Jahr ausleiht. Es handelt sich dabei um eine Leihe ohne Kaufoption, der Medizincheck ging am Donnerstag \u00fcber die B\u00fchne.<\/p>\n<p class=\"richtext text-em-55 !leading-serif mx-6 desktop:mx-0\">\u201eWir haben klar kommuniziert, dass er in dieser Saison in unseren Kaderplanungen keine Rolle spielt. Wir hoffen, dass es ihm nun hilft, dass er in einem bekannten Umfeld in seiner Heimat sportlich wieder zur\u00fcck in die Spur findet. F\u00fcr diesen Schritt hat auch Tomas ein gro\u00dfes Interesse gezeigt\u201c, sagte Sportchef Rouven Schr\u00f6der.<\/p>\n<p class=\"richtext text-em-55 !leading-serif mx-6 desktop:mx-0\">Am Dienstag schloss mit dem Deadline Day zwar das Transferfenster f\u00fcr die europ\u00e4ischen Top-Ligen, in <a href=\"https:\/\/rp-online.de\/thema\/tschechien\/\" rel=\"nofollow noopener\" target=\"_blank\">Tschechien<\/a> sind jedoch Transfers noch bis zum 8. September m\u00f6glich. In den vergangenen Tagen war der 26-J\u00e4hrige auch mit dem d\u00e4nischen Erstligisten Aarhus GF in Verbindung gebracht worden. Nun geht es aber zur\u00fcck in die tschechische Heimat.<\/p>\n<p class=\"richtext text-em-55 !leading-serif mx-6 desktop:mx-0\">Borussia verkleinert damit den Kader, der durch die Verpflichtung von Nicolas K\u00fchn am Deadline Day angewachsen war, wieder etwas.<\/p>\n<p class=\"richtext text-em-55 !leading-serif mx-6 desktop:mx-0\">Cvancara war 2023 f\u00fcr 10,5 Millionen Euro von Sparta Prag zur Borussia gekommen und galt als Toptransfer f\u00fcr die Offensive.<\/p>\n<p class=\"richtext text-em-55 !leading-serif mx-6 desktop:mx-0\">Doch nach gutem Beginn tat sich Cvancara auf seiner ersten Auslandsstation schwer und konnte den Erwartungen nicht mehr gerecht werden.<\/p>\n<p class=\"richtext text-em-55 !leading-serif mx-6 desktop:mx-0\">Schon in der vergangenen Saison war der Tscheche zweimal verliehen. Die erste Leihe brach er vorzeitig ab, nachdem Gehaltszahlungen bei Antalyaspor ausgeblieben waren.<\/p>\n<p class=\"richtext text-em-55 !leading-serif mx-6 desktop:mx-0\">Im Winter transferierte ihn der neue Sportchef Rouven Schr\u00f6der zu <a href=\"https:\/\/rp-online.de\/thema\/celtic-glasgow\/\" rel=\"nofollow noopener\" target=\"_blank\">Celtic Glasgow<\/a>, doch nach einem hoffnungsvollen Start konnte der Angreifer auch auf der Insel nicht \u00fcberzeugen, zudem kehrte er mit einer Adduktorenverletzung zur\u00fcck nach Gladbach. Bei der Borussia hat Cvancara noch einen Vertrag bis zum Sommer 2028.<\/p>\n<p class=\"richtext text-em-55 !leading-serif mx-6 desktop:mx-0\">Der Marktwert des Tschechen ist inzwischen auf zwei Millionen Euro abgesackt. F\u00fcr einen Verkauf gab es dennoch angesichts seines Gehalts und seiner Leistungen in den vergangenen Jahren keinen Markt.<\/p>\n<p class=\"richtext text-em-55 !leading-serif mx-6 desktop:mx-0\">Die Gladbacher Verantwortlichen werden hoffen, dass Cvancara in seiner Heimat wieder zu der Form zur\u00fcckfindet, in der er einst f\u00fcr den Klub erst interessant wurde.<\/p>\n<p class=\"richtext text-em-55 !leading-serif mx-6 desktop:mx-0\">\u201eEr braucht Spielzeit, braucht Tore und muss wieder ein Grundgef\u00fchl entwickeln. Von daher w\u00fcnschen wir ihm eine sorgenfreie Saison und Verletzungsfreiheit, damit er sein vorhandenes Potenzial auch zeigen kann\u201c, sagte Schr\u00f6der.<\/p>\n<p class=\"richtext text-em-55 !leading-serif mx-6 desktop:mx-0\">In Jonas Omlin, Nathan Ngoumou und Gio Reyna hat Schr\u00f6der bereits Gro\u00dfverdiener abgegeben, klappt der Cvancara-Deal, d\u00fcrften da auch zumindest Teile des Sal\u00e4rs des St\u00fcrmers wegfallen f\u00fcr die diese Saison.<\/p>\n<p class=\"richtext text-em-55 !leading-serif mx-6 desktop:mx-0\">F\u00fcr den Moment geht f\u00fcr Gladbach es auch eine Entlastung des eigenen Haushalts.<\/p>\n","protected":false},"excerpt":{"rendered":"An Borussias Trainingseinheiten der vergangenen Tage nahm Tomas Cvancara schon nicht mehr teil. Der St\u00fcrmer, der keine Rolle&hellip;\n","protected":false},"author":2,"featured_media":1278284,"comment_status":"","ping_status":"","sticky":false,"template":"","format":"standard","meta":{"footnotes":"","_share_on_mastodon":"0"},"categories":[136],"tags":[168898,9835,37489,29,7770,30,12515,8836,9392,19763,4222,265,4131,12475],"class_list":["post-1278283","post","type-post","status-publish","format-standard","has-post-thumbnail","category-sport","tag-ausleihen","tag-borussia","tag-cvancara","tag-deutschland","tag-eugen-polanski","tag-germany","tag-heimat","tag-kaufoption","tag-klub","tag-leihe","tag-sky","tag-sport","tag-tomas","tag-tschechien"],"share_on_mastodon":{"url":"https:\/\/pubeurope.com\/@de\/117207835967501911","error":""},"_links":{"self":[{"href":"https:\/\/www.europesays.com\/de\/wp-json\/wp\/v2\/posts\/1278283","targetHints":{"allow":["GET"]}}],"collection":[{"href":"https:\/\/www.europesays.com\/de\/wp-json\/wp\/v2\/posts"}],"about":[{"href":"https:\/\/www.europesays.com\/de\/wp-json\/wp\/v2\/types\/post"}],"author":[{"embeddable":true,"href":"https:\/\/www.europesays.com\/de\/wp-json\/wp\/v2\/users\/2"}],"replies":[{"embeddable":true,"href":"https:\/\/www.europesays.com\/de\/wp-json\/wp\/v2\/comments?post=1278283"}],"version-history":[{"count":0,"href":"https:\/\/www.europesays.com\/de\/wp-json\/wp\/v2\/posts\/1278283\/revisions"}],"wp:featuredmedia":[{"embeddable":true,"href":"https:\/\/www.europesays.com\/de\/wp-json\/wp\/v2\/media\/1278284"}],"wp:attachment":[{"href":"https:\/\/www.europesays.com\/de\/wp-json\/wp\/v2\/media?parent=1278283"}],"wp:term":[{"taxonomy":"category","embeddable":true,"href":"https:\/\/www.europesays.com\/de\/wp-json\/wp\/v2\/categories?post=1278283"},{"taxonomy":"post_tag","embeddable":true,"href":"https:\/\/www.europesays.com\/de\/wp-json\/wp\/v2\/tags?post=1278283"}],"curies":[{"name":"wp","href":"https:\/\/api.w.org\/{rel}","templated":true}]}}