{"id":1278285,"date":"2026-09-03T15:33:29","date_gmt":"2026-09-03T15:33:29","guid":{"rendered":"https:\/\/www.europesays.com\/de\/1278285\/"},"modified":"2026-09-03T15:33:29","modified_gmt":"2026-09-03T15:33:29","slug":"rentner-tour-2-0-von-max-schradin-im-live-ticker-montanablack-in-unfall-verwickelt-unterhaltung","status":"publish","type":"post","link":"https:\/\/www.europesays.com\/de\/1278285\/","title":{"rendered":"Rentner-Tour 2.0 von Max Schradin im Live-Ticker: MontanaBlack in Unfall verwickelt | Unterhaltung"},"content":{"rendered":"<p><img loading=\"lazy\" decoding=\"async\" src=\"https:\/\/www.europesays.com\/de\/wp-content\/uploads\/2026\/09\/vgzm.2150080-6a97e471c53a6557d48dcf15.gif\" width=\"1\" height=\"1\" alt=\"\" class=\"vgwort-pixel\"\/>Auf Senioren-Scootern durch Frankreich: MontanaBlack hat Unfall bei Tour von Max Schradin<img fetchpriority=\"high\" decoding=\"async\" width=\"992\" height=\"1178\" alt=\"Max Schradin (48) veranstaltet zum zweiten Mal seine \u201eRenter-Tour\u201c\" loading=\"eager\" src=\"https:\/\/www.europesays.com\/de\/wp-content\/uploads\/2026\/09\/374e1a8bcd3fa742f042532e54949d35,ab6830b3.jpeg\"   class=\"portrait\"\/><\/p>\n<p class=\"fig__caption__text\">Nach dem Erfolg von 2025: Max Schradin (48) veranstaltet nun zum zweiten Mal seine sogenannte \u201eRentner-Tour\u201c<\/p>\n<p>Foto: Max Schradin\/Instagram<\/p>\n<p>03.09.2026 &#8211; 17:18 Uhr <a class=\"skip-content skip-content--link\" href=\"#in-content-skip-link-target-v-0-0\">TTS-Player \u00fcberspringen\u21b5<\/a><a id=\"in-content-skip-link-target-v-0-0\" class=\"skip-content--target-link-hidden skip-content skip-content--target-link\" href=\"#in-content-skip-link-target-v-0-0\">Artikel weiterlesen<\/a><\/p>\n<p>Frankreich \u2013 <b>Senioren-Scooter statt Luxus-Limousine: Rapper Sido (45) geht erstmals bei Max Schradins (48) skurriler \u201eRentner-Tour\u201c an den Start. Gemeinsam mit den Internetstars MontanaBlack (38), Zarbex (28), Trymacs (32), Aditotoro (27), Clemens Brock (31), Paul Frege (30), Nici Stemmler (28), Marc Eggers (39) und Ali Bumaye (41) fahren sie mehrere Tage durch Frankreich. Das Abenteuer wird rund um die Uhr auf Twitch \u00fcbertragen.<\/b><\/p>\n<p>BILD begleitet im Live-Ticker den Auftakt des Livestream-Events!<\/p>\n<ul class=\"live-ticker__list\">\n<li id=\"6a9991657cdc6e46442b65d3\" class=\"live-ticker__message\">\n<p>03.09.2026 &#8211; 17:24 Uhr <\/p>\n<p> Nach dem Crash posiert die Tour am \u00c4rmelkanal<\/p>\n<p>Vom Unfall-Streit geht es abrupt ins Postkartenbild: Die Gruppe h\u00e4lt am Wasser, sammelt sich f\u00fcr ein Foto und versucht kurz, den Crash hinter sich zu lassen. Das ist der erste klare Szenenwechsel nach der Sicherheitsdebatte \u2013 weg von Bremsweg und \u00dcbelkeit, hin zum geplanten Tourmoment mit Meerblick.<\/p>\n<\/li>\n<li id=\"6a998da9240b302c8a838442\" class=\"live-ticker__message\">\n<p>03.09.2026 &#8211; 17:09 Uhr <\/p>\n<p> MontanaBlack und Trymacs: Unfall mit \u00dcbertragungswagen<\/p>\n<p>Als sie ein Plastikst\u00fcck auf der Stra\u00dfe liegen sehen, wollen MontanaBlack und Trymacs anhalten, um es aufzuheben. Doch dann kracht es! Wegen des pl\u00f6tzlichen Stopps st\u00f6\u00dft der \u00dcbertragungswagen mit ihnen zusammen. Denn der hat den vierfachen Bremsweg. Das Rentnermobil nimmt Schaden. MontanaBlack und Trymacs brauchen danach einen Moment \u2013 Monte klagt anschlie\u00dfend \u00fcber \u00dcbelkeit.<\/p>\n<\/li>\n<li id=\"6a998a64240b302c8a8383fb\" class=\"live-ticker__message\">\n<p>03.09.2026 &#8211; 16:52 Uhr <\/p>\n<p> 100.000 sehen zu \u2013 dann zieht Schradin die Bremse<\/p>\n<p>Mitten im Crash-Chaos knackt der Stream die Marke von 100.000 Zuschauern. Die Runde jubelt kurz, dann greift Max Schradin sofort ein und ruft alle runter: Nach Hecken-Rutscher, verlorener Radkappe und Dauer-Remplern soll die Kolonne sich erst mal beruhigen.<\/p>\n<p><img decoding=\"async\" width=\"992\" height=\"558\" alt=\"Zur Feier der 100.000 Zuschauer crashen die anderen erst mal in Schradins Rentnermobil\" loading=\"lazy\" src=\"https:\/\/www.europesays.com\/de\/wp-content\/uploads\/2026\/09\/30219386e401a117f84cd221828ac4d4,cad4b5cd.jpeg\"   class=\"landscape\"\/><\/p>\n<p class=\"fig__caption__text\">Zur Feier der 100.000 Zuschauer crashen die anderen erst mal in Schradins Rentnermobil<\/p>\n<p>Foto: twitch.tv\/schradin<\/p>\n<\/li>\n<li id=\"6a99885c240b302c8a8383d3\" class=\"live-ticker__message\">\n<p>03.09.2026 &#8211; 16:46 Uhr <\/p>\n<p> Rempler-Jagd auf Max Schradin<\/p>\n<p>MontanaBlack und Trymacs geben auf der zweiten Etappe Vollgas \u2013 und wollen es wissen. Das Ziel: vor allem in das Rentnermobil von Max Schradin hineinfahren! Aber auch der Rest der Gruppe ist vor der Verfolgungsjagd durch das Duo nicht sicher.<\/p>\n<\/li>\n<li id=\"6a997f5fdde98c92361806ad\" class=\"live-ticker__message\">\n<p>03.09.2026 &#8211; 16:04 Uhr <\/p>\n<p> Trymacs und MontanaBlack \u00fcbernehmen den Zweisitzer<\/p>\n<p>Die n\u00e4chste Etappe beginnt! Der Doppelsitzer wird gleich neu vergeben: Trymacs und MontanaBlack steigen jetzt gemeinsam aufs Mobil. Nach der Mittagspause und dem Stadtbummel geht es damit zur\u00fcck in den Fahr-Block \u2013 Schradin fordert vom Duo dabei extra \u201eein bisschen Content\u201c ein.<\/p>\n<p><img decoding=\"async\" width=\"992\" height=\"558\" alt=\"Nicht im selben Boot, aber auf demselben Rentnermobil: MontanaBlack und Trymacs fahren nun zusammen\" loading=\"lazy\" src=\"https:\/\/www.europesays.com\/de\/wp-content\/uploads\/2026\/09\/5b52eddd3af7755035f9eae4f1b60d2f,253101a6.jpeg\"   class=\"landscape\"\/><\/p>\n<p class=\"fig__caption__text\">Nicht im selben Boot, aber auf demselben Rentnermobil: MontanaBlack (l.) und Trymacs (r.) fahren nun zusammen<\/p>\n<p>Foto: twitch.tv\/schradin<\/p>\n<\/li>\n<li id=\"6a99799edde98c92361805cc\" class=\"live-ticker__message\">\n<p>03.09.2026 &#8211; 15:40 Uhr <\/p>\n<p> Schradin will in der Stadt H\u00fcte f\u00fcr alle holen<\/p>\n<p>Nach dem Karussell sammelt Max Schradin die Gruppe ein und marschiert weiter in die Stadt. Prio eins beim Bummel: H\u00fcte und Deko f\u00fcr die Senioren-Scooter. Schradin lockt die Runde sogar mit Einkaufshilfe an \u2013 alles unter 10.000 Euro gehe auf ihn.<\/p>\n<p><img decoding=\"async\" width=\"992\" height=\"558\" alt=\"Zarbex, MontanaBlack, Paul Frege, Ali Bumaye und Sido (v. l. n. r.) haben sich neue H\u00fcte spendieren lassen\" loading=\"lazy\" src=\"https:\/\/www.europesays.com\/de\/wp-content\/uploads\/2026\/09\/a426afc934e71e18e443f2340097ebc6,3bf2ddef.jpeg\"   class=\"landscape\"\/><\/p>\n<p class=\"fig__caption__text\">Zarbex, MontanaBlack, Paul Frege, Ali Bumaye und Sido (v. l. n. r.) haben sich neue H\u00fcte spendieren lassen<\/p>\n<p>Foto: twitch.tv\/schradin<\/p>\n<\/li>\n<li id=\"6a997824ca00b4462f06a271\" class=\"live-ticker__message\">\n<p>03.09.2026 &#8211; 15:34 Uhr <\/p>\n<p> Schradin f\u00e4hrt im Kinderkarussell ohne Ticket mit<\/p>\n<p>Aus der Aktion wird direkt der n\u00e4chste virale Clip: Max Schradin sitzt pl\u00f6tzlich selbst im Kinderkarussell \u2013 und hat nach gro\u00dfem Durcheinander erst mal kein Ticket. Das Ticketkontingent sei bereits verschenkt. In der Runde wird er vor allem von Zarbex sofort als Schwarzfahrer aufgezogen.<\/p>\n<p><img decoding=\"async\" width=\"992\" height=\"558\" alt=\"Max Schradin (l.) wird von Zarbex (Mitte) so lange im Karussell aufgehalten, bis es losf\u00e4hrt\" loading=\"lazy\" src=\"https:\/\/www.europesays.com\/de\/wp-content\/uploads\/2026\/09\/1f319c6db2cf4d9c0d9a3a89e65149e3,aeb36ee2.jpeg\"   class=\"landscape\"\/><\/p>\n<p class=\"fig__caption__text\">Max Schradin (l.) wird von Zarbex (Mitte) so lange im Karussell aufgehalten, bis es losf\u00e4hrt<\/p>\n<p>Foto: twitch.tv\/schradin<\/p>\n<\/li>\n<li id=\"6a9977b9240b302c8a8381fe\" class=\"live-ticker__message\">\n<p>03.09.2026 &#8211; 15:31 Uhr <\/p>\n<p> Eine Karussell-Fahrt, die ist lustig<\/p>\n<p>Beim historischen Karussell an der Promenade der Stadt kauf Max Schradin 20 Tickets. Eigentlich soll die Runde sie an die Kinder verteilen. Doch spontan entscheiden einige, auch selbst mitzufahren \u2013 Kindheitsnostalgie auf der Rentner-Tour!<\/p>\n<\/li>\n<li id=\"6a9974ee240b302c8a8381af\" class=\"live-ticker__message\">\n<p>03.09.2026 &#8211; 15:22 Uhr <\/p>\n<p> Nach dem Restaurant geht die Tour zu Fu\u00df weiter<\/p>\n<p>Die Scooter bleiben nach dem XXL-Essen erst mal stehen: Die Gruppe zieht jetzt zu Fu\u00df durch die Gassen weiter. Max Schradin bremst dabei direkt neue W\u00fcnsche aus der Kasse ab \u2013 nach 1100 Euro f\u00fcrs Essen soll erst das Budget gepr\u00fcft werden. Im Restaurant hatte Schradin den Nachbartisch eingeladen und gro\u00dfz\u00fcgig Trinkgeld gegeben.<\/p>\n<\/li>\n<li id=\"6a996effca00b4462f06a145\" class=\"live-ticker__message\">\n<p>03.09.2026 &#8211; 14:55 Uhr <\/p>\n<p> MontanaBlack sorgt mit nasser Hose f\u00fcr Alarm<\/p>\n<p>Pl\u00f6tzlich dreht sich am Tisch alles um MontanaBlacks Hose: In der Runde f\u00e4llt auf, dass sie hinten nass aussieht. Sofort wird spekuliert, ob da mehr als nur Wasser im Spiel ist \u2013 der Betroffene schaut selbst nach und pr\u00fcft sogar die Unterhose.<\/p>\n<p><img decoding=\"async\" width=\"992\" height=\"558\" alt=\"Ein harmloser Wasserfleck am Ges\u00e4\u00df \u2026 oder etwas anderes? MontanaBlacks Begleiter und die Zuschauer sind sich einig: Das sieht verd\u00e4chtig aus!\" loading=\"lazy\" src=\"https:\/\/www.europesays.com\/de\/wp-content\/uploads\/2026\/09\/3c47dd8d3952316d9c81d726c4e5e641,870281d4.jpeg\"   class=\"landscape\"\/><\/p>\n<p class=\"fig__caption__text\">Ein harmloser Wasserfleck am Ges\u00e4\u00df \u2026 oder etwas anderes? MontanaBlacks Begleiter und die Zuschauer sind sich einig: Das sieht verd\u00e4chtig aus!<\/p>\n<p>Foto: twitch.tv\/schradin<\/p>\n<\/li>\n<\/ul>\n<p class=\"article-content-user-report\"><a href=\"mailto:fehler-melden-show@bild.de?body=%0A%0A%0AURL%3A%20https%3A%2F%2Fwww.bild.de%2Funterhaltung%2Fbildgg%2Frenter-tour-2-0-von-max-schradin-im-live-ticker-sido-faehrt-auf-senioren-scooter-mit-6a97e471c53a6557d48dcf15%0ADatum%3A%203.9.2026%2C%2017%3A33%3A01%0A\" target=\"_blank\" rel=\"noopener\" class=\"anchor anchor--external\">Haben Sie Fehler entdeckt? M\u00f6chten Sie etwas kritisieren? Dann schreiben Sie uns gerne!<\/a><\/p>\n","protected":false},"excerpt":{"rendered":"Auf Senioren-Scootern durch Frankreich: MontanaBlack hat Unfall bei Tour von Max Schradin Nach dem Erfolg von 2025: Max&hellip;\n","protected":false},"author":2,"featured_media":1278286,"comment_status":"","ping_status":"","sticky":false,"template":"","format":"standard","meta":{"footnotes":"","_share_on_mastodon":"0"},"categories":[155],"tags":[29,214,30,153,1508,1509,1505,21489,1504,215],"class_list":["post-1278285","post","type-post","status-publish","format-standard","has-post-thumbnail","category-unterhaltung","tag-deutschland","tag-entertainment","tag-germany","tag-influencer","tag-internet-stars","tag-live-stream","tag-montanablack","tag-sido","tag-twitch","tag-unterhaltung"],"share_on_mastodon":{"url":"https:\/\/pubeurope.com\/@de\/117207843459792201","error":""},"_links":{"self":[{"href":"https:\/\/www.europesays.com\/de\/wp-json\/wp\/v2\/posts\/1278285","targetHints":{"allow":["GET"]}}],"collection":[{"href":"https:\/\/www.europesays.com\/de\/wp-json\/wp\/v2\/posts"}],"about":[{"href":"https:\/\/www.europesays.com\/de\/wp-json\/wp\/v2\/types\/post"}],"author":[{"embeddable":true,"href":"https:\/\/www.europesays.com\/de\/wp-json\/wp\/v2\/users\/2"}],"replies":[{"embeddable":true,"href":"https:\/\/www.europesays.com\/de\/wp-json\/wp\/v2\/comments?post=1278285"}],"version-history":[{"count":0,"href":"https:\/\/www.europesays.com\/de\/wp-json\/wp\/v2\/posts\/1278285\/revisions"}],"wp:featuredmedia":[{"embeddable":true,"href":"https:\/\/www.europesays.com\/de\/wp-json\/wp\/v2\/media\/1278286"}],"wp:attachment":[{"href":"https:\/\/www.europesays.com\/de\/wp-json\/wp\/v2\/media?parent=1278285"}],"wp:term":[{"taxonomy":"category","embeddable":true,"href":"https:\/\/www.europesays.com\/de\/wp-json\/wp\/v2\/categories?post=1278285"},{"taxonomy":"post_tag","embeddable":true,"href":"https:\/\/www.europesays.com\/de\/wp-json\/wp\/v2\/tags?post=1278285"}],"curies":[{"name":"wp","href":"https:\/\/api.w.org\/{rel}","templated":true}]}}