{"id":1278293,"date":"2026-09-03T15:38:22","date_gmt":"2026-09-03T15:38:22","guid":{"rendered":"https:\/\/www.europesays.com\/de\/1278293\/"},"modified":"2026-09-03T15:38:22","modified_gmt":"2026-09-03T15:38:22","slug":"russland-ich-war-entsetzt-lawrow-attackiert-merz-und-prophezeit-nato-ende","status":"publish","type":"post","link":"https:\/\/www.europesays.com\/de\/1278293\/","title":{"rendered":"Russland: \u201eIch war entsetzt\u201c \u2013 Lawrow attackiert Merz und prophezeit Nato-Ende"},"content":{"rendered":"<p class=\"is-first-paragraph\" data-external=\"Article.FirstParagraph\">Der russische <a class=\"is-link c-block-items__link c-link--rich-text-renderer\" href=\"https:\/\/www.welt.de\/themen\/sergej-lawrow\/\" data-internal-tracking-enabled=\"true\" data-internal-tracking=\"{&quot;action&quot;:&quot;click&quot;,&quot;label&quot;:&quot;link&quot;,&quot;name&quot;:&quot;Inline Element&quot;,&quot;data&quot;:{&quot;source&quot;:&quot;&quot;,&quot;target&quot;:&quot;https:\/\/www.welt.de\/themen\/sergej-lawrow\/&quot;,&quot;trackingName&quot;:&quot;&quot;,&quot;trackingLabel&quot;:&quot;&quot;}}\" rel=\"nofollow noopener\" target=\"_blank\">Au\u00dfenminister Sergej Lawrow<\/a> \u00fcbt scharfe Kritik an Bundeskanzler Friedrich Merz und sieht langfristig ein Ende des Verteidigungsb\u00fcndnis Nato. <\/p>\n<p>Bei einem Auftritt beim \u00d6stlichen Wirtschaftsforum im russischen Wladiwostok sagte er der <a class=\"is-link c-block-items__link is-external c-link--rich-text-renderer\" href=\"https:\/\/tass.com\/politics\/2181985\" target=\"_blank\" title=\"Link wird in einem neuen Tab ge\u00f6ffnet\" rel=\"nofollow noopener\" data-internal-tracking-enabled=\"true\" data-internal-tracking=\"{&quot;action&quot;:&quot;click&quot;,&quot;label&quot;:&quot;link&quot;,&quot;name&quot;:&quot;Inline Element&quot;,&quot;data&quot;:{&quot;source&quot;:&quot;&quot;,&quot;target&quot;:&quot;https:\/\/tass.com\/politics\/2181985&quot;,&quot;trackingName&quot;:&quot;&quot;,&quot;trackingLabel&quot;:&quot;&quot;}}\">russischen Nachrichtenagentur Tass<\/a> zufolge: \u201eIch glaube nicht, dass das Nordatlantikb\u00fcndnis noch lange Bestand haben wird. Die Versuche, neue Gr\u00fcnde f\u00fcr die Verl\u00e4ngerung ihres Bestehens zu finden \u2013 unter anderem durch die Ausweitung seiner Dominanz auf S\u00fcdost- und Nordostasien unter dem Motto \u201aEind\u00e4mmung Chinas\u2018 \u2013 k\u00f6nnen nicht unbegrenzt fortgesetzt werden.\u201c<\/p>\n<p>Deutschlands Aufr\u00fcstungspl\u00e4ne kritisierte er hart. Er sei \u201eentsetzt\u201c gewesen, als er davon geh\u00f6rt habe, dass Kanzler Merz \u201eDeutschland wieder zur f\u00fchrenden Milit\u00e4rmacht Europas machen\u201c wolle. Man habe bereits zuvor gesehen, \u201ewie die Metastasen des Nationalsozialismus in Deutschland wieder auftauchten\u201c.<\/p>\n<p>Lawrow bezog sich mutma\u00dflich auf Merz\u2019 Pl\u00e4ne, Deutschland \u201eschnellstm\u00f6glich zur st\u00e4rksten konventionellen Armee Europas\u201c zu machen. Das hatte der Bundeskanzler unter anderem auf der <a class=\"is-link c-block-items__link is-external c-link--rich-text-renderer\" href=\"https:\/\/www.bundesregierung.de\/breg-de\/aktuelles\/rede-kanzler-msc-2407218\" target=\"_blank\" title=\"Link wird in einem neuen Tab ge\u00f6ffnet\" rel=\"nofollow noopener\" data-internal-tracking-enabled=\"true\" data-internal-tracking=\"{&quot;action&quot;:&quot;click&quot;,&quot;label&quot;:&quot;link&quot;,&quot;name&quot;:&quot;Inline Element&quot;,&quot;data&quot;:{&quot;source&quot;:&quot;&quot;,&quot;target&quot;:&quot;https:\/\/www.bundesregierung.de\/breg-de\/aktuelles\/rede-kanzler-msc-2407218&quot;,&quot;trackingName&quot;:&quot;&quot;,&quot;trackingLabel&quot;:&quot;&quot;}}\">M\u00fcnchner Sicherheitskonferenz formuliert<\/a> \u2013 jedoch ohne das Wort \u201ewieder\u201c in den Mund zu nehmen. <\/p>\n<p>Lawrow argumentierte dennoch so, als habe Merz genau das gesagt: \u201eWenn dieser Mann nicht versteht, was das Wort \u201awieder\u2018 in diesem Zusammenhang bedeutet, ist das nat\u00fcrlich sehr traurig f\u00fcr Europa und \u00e4u\u00dferst gef\u00e4hrlich. Europa wird erneut zu einer Quelle von Ideen \u00fcber nationale und rassische \u00dcberlegenheit\u201c, behauptete er.<\/p>\n<p>Lawrow bezeichnet EU-Kommissionspr\u00e4sidentin als \u201eF\u00fchrerin Ursula\u201c<\/p>\n<p>Die EU-Kommissionspr\u00e4sidentin Ursula von der Leyen bezeichnete Lawrow unterdessen als \u201eF\u00fchrerin Ursula\u201c, die Europa zur\u00fcck in den Nationalsozialismus ziehe. \u201eSie versucht, Befugnisse und Zust\u00e4ndigkeiten an die Europ\u00e4ische Kommission zu ziehen, die gem\u00e4\u00df Beschl\u00fcssen der Europ\u00e4ischen Union als Ganzes niemals an Br\u00fcssel \u00fcbertragen wurden und bei den nationalen Regierungen verbleiben.\u201c<\/p>\n<p>Er sprach zudem von Unzufriedenheit in der europ\u00e4ischen Bev\u00f6lkerung angesichts der Migrationspolitik, die er als \u201ePolitik der offenen T\u00fcren\u201c bezeichnete. Dabei schloss er auch explizit ukrainische Staatsb\u00fcrger ein, deren \u201eDominanz zu einem Problem f\u00fcr die innenpolitische Entwicklung\u201c w\u00fcrde. <\/p>\n<p>Die deutsch-russischen Beziehungen haben sich zuletzt weiter verschlechtert. Die deutsche Regierung macht Russland f\u00fcr einen <a class=\"is-link c-block-items__link c-link--rich-text-renderer\" href=\"https:\/\/www.welt.de\/politik\/ausland\/article6a96a117518a586e1855f465\/leipzig-russland-laut-regierung-verantwortlich-fuer-drohnen-attacke-wadephul-schliesst-russisches-konsulat.html\" data-internal-tracking-enabled=\"true\" data-internal-tracking=\"{&quot;action&quot;:&quot;click&quot;,&quot;label&quot;:&quot;link&quot;,&quot;name&quot;:&quot;Inline Element&quot;,&quot;data&quot;:{&quot;source&quot;:&quot;&quot;,&quot;target&quot;:&quot;https:\/\/www.welt.de\/politik\/ausland\/article6a96a117518a586e1855f465\/leipzig-russland-laut-regierung-verantwortlich-fuer-drohnen-attacke-wadephul-schliesst-russisches-konsulat.html&quot;,&quot;trackingName&quot;:&quot;&quot;,&quot;trackingLabel&quot;:&quot;&quot;}}\" rel=\"nofollow noopener\" target=\"_blank\">Anschlagsversuch mit einer Sprengstoffdrohne auf dem Flughafen Leipzig\/Halle<\/a> verantwortlich.<\/p>\n<p>Am Dienstag wurde ein ganzes <a class=\"is-link c-block-items__link c-link--rich-text-renderer\" href=\"https:\/\/www.welt.de\/politik\/deutschland\/article6a970cb0518a586e1855fec5\/medwedjew-deutschland-hat-direkten-schlag-verdient-putin-nennt-sanktionen-schweren-fehler.html\" data-internal-tracking-enabled=\"true\" data-internal-tracking=\"{&quot;action&quot;:&quot;click&quot;,&quot;label&quot;:&quot;link&quot;,&quot;name&quot;:&quot;Inline Element&quot;,&quot;data&quot;:{&quot;source&quot;:&quot;&quot;,&quot;target&quot;:&quot;https:\/\/www.welt.de\/politik\/deutschland\/article6a970cb0518a586e1855fec5\/medwedjew-deutschland-hat-direkten-schlag-verdient-putin-nennt-sanktionen-schweren-fehler.html&quot;,&quot;trackingName&quot;:&quot;&quot;,&quot;trackingLabel&quot;:&quot;&quot;}}\" rel=\"nofollow noopener\" target=\"_blank\">B\u00fcndel von Vergeltungsma\u00dfnahmen<\/a> gegen Russland angek\u00fcndigt. Dazu z\u00e4hlen auch die Schlie\u00dfung des Generalkonsulats in Bonn sowie die damit verbundene Ausweisung zahlreicher Diplomaten. Zudem soll es versch\u00e4rfte Einreisekontrollen f\u00fcr Russen geben sowie ein h\u00e4rteres Vorgehen gegen die russische Schattenflotte.<\/p>\n<p>Wie erwartet reagierte Moskau darauf mit der Ank\u00fcndigung, die verbleibenden Goethe-Institute in Russland zu schlie\u00dfen. Es werden jedoch noch weitere russische Gegenma\u00dfnahmen erwartet.<\/p>\n","protected":false},"excerpt":{"rendered":"Der russische Au\u00dfenminister Sergej Lawrow \u00fcbt scharfe Kritik an Bundeskanzler Friedrich Merz und sieht langfristig ein Ende des&hellip;\n","protected":false},"author":2,"featured_media":1278294,"comment_status":"","ping_status":"","sticky":false,"template":"","format":"standard","meta":{"footnotes":"","_share_on_mastodon":"0"},"categories":[5],"tags":[7736,183,13,4871,9497,182,14,15,110,111,115,12,27169,45,10,8,9,11,9498,112],"class_list":["post-1278293","post","type-post","status-publish","format-standard","has-post-thumbnail","category-nachrichten","tag-europaeische-union-eu","tag-friedrich-cdu","tag-headlines","tag-lawrow","tag-leyen","tag-merz","tag-nachrichten","tag-news","tag-newsteam","tag-putin","tag-russland-ukraine-krieg-24-2-2022","tag-schlagzeilen","tag-sergej","tag-texttospeech","tag-top-news","tag-top-meldungen","tag-topmeldungen","tag-topnews","tag-ursula-von-der","tag-wladimir"],"share_on_mastodon":{"url":"https:\/\/pubeurope.com\/@de\/117207859592504987","error":""},"_links":{"self":[{"href":"https:\/\/www.europesays.com\/de\/wp-json\/wp\/v2\/posts\/1278293","targetHints":{"allow":["GET"]}}],"collection":[{"href":"https:\/\/www.europesays.com\/de\/wp-json\/wp\/v2\/posts"}],"about":[{"href":"https:\/\/www.europesays.com\/de\/wp-json\/wp\/v2\/types\/post"}],"author":[{"embeddable":true,"href":"https:\/\/www.europesays.com\/de\/wp-json\/wp\/v2\/users\/2"}],"replies":[{"embeddable":true,"href":"https:\/\/www.europesays.com\/de\/wp-json\/wp\/v2\/comments?post=1278293"}],"version-history":[{"count":0,"href":"https:\/\/www.europesays.com\/de\/wp-json\/wp\/v2\/posts\/1278293\/revisions"}],"wp:featuredmedia":[{"embeddable":true,"href":"https:\/\/www.europesays.com\/de\/wp-json\/wp\/v2\/media\/1278294"}],"wp:attachment":[{"href":"https:\/\/www.europesays.com\/de\/wp-json\/wp\/v2\/media?parent=1278293"}],"wp:term":[{"taxonomy":"category","embeddable":true,"href":"https:\/\/www.europesays.com\/de\/wp-json\/wp\/v2\/categories?post=1278293"},{"taxonomy":"post_tag","embeddable":true,"href":"https:\/\/www.europesays.com\/de\/wp-json\/wp\/v2\/tags?post=1278293"}],"curies":[{"name":"wp","href":"https:\/\/api.w.org\/{rel}","templated":true}]}}