{"id":1278303,"date":"2026-09-03T15:46:26","date_gmt":"2026-09-03T15:46:26","guid":{"rendered":"https:\/\/www.europesays.com\/de\/1278303\/"},"modified":"2026-09-03T15:46:26","modified_gmt":"2026-09-03T15:46:26","slug":"cremlingen-an-dieser-schule-konnte-jetzt-richtfest-gefeiert-werden","status":"publish","type":"post","link":"https:\/\/www.europesays.com\/de\/1278303\/","title":{"rendered":"Cremlingen: An dieser Schule konnte jetzt Richtfest gefeiert werden"},"content":{"rendered":"<p>Beim Familienrichtfest bekamen die Schulkinder einen eigenen Richtkranz.  | Foto: Grundschule Schandelah<\/p>\n<p class=\"datum\">03.09.2026, 16:40 Uhr,<br \/>zuletzt aktualisiert: 03.09.2026, 16:40 Uhr<\/p>\n<p><strong>Cremlingen. Nachdem bereits am vergangenen Samstag Eltern und Kinder der Sandbachschule in Schandelah ein gemeinsames Richtfest gefeiert hatten, war es am Montag an den Bauschaffenden, ihr Richtfest zu begehen. Das berichtet die Gemeinde Cremlingen in einer Pressemeldung.<br \/><\/strong><br \/>\n<\/p>\n<p>\u201eWir liegen gut im Plan. Wir hatten etwas \u00fcber f\u00fcnf Millionen Euro geplant, das passt\u201c, erkl\u00e4rte B\u00fcrgermeister Detlef Kaatz. \u201eWir wollen das Geb\u00e4ude im ersten Halbjahr 2027 in Betrieb nehmen. Im Idealfall wird es Ostern fertig\u201c, sagte er.<\/p>\n<p>Ganz gro\u00dfes Kino f\u00fcr die Kinder<\/p>\n<p>\u201eDer Bauprozess war ganz gro\u00dfes Kino f\u00fcr unsere Kinder\u201c, sagte Schulleiterin Annegret Otte. \u201eWir konnten uns das Geb\u00e4ude schon am Freitag zusammen mit Eltern und Kindern ansehen. Ich glaube, alle waren begeistert\u201c, berichtete sie. \u201eJetzt bekommen wir alles, was uns bisher gefehlt hat\u201c, freute sie sich. \u201eIn der Schule sind alle ganz hei\u00df darauf, in das Geb\u00e4ude zu kommen\u201c, fuhr sie fort.<\/p>\n<p><a href=\"https:\/\/cdn.regionalheute.de\/images\/2026\/9\/1000\/315e0ab868474a4892fbaa6953906543.jpg\" target=\"_new\" rel=\"nofollow noopener\"><img decoding=\"async\" src=\"https:\/\/www.europesays.com\/de\/wp-content\/uploads\/2026\/09\/315e0ab868474a4892fbaa6953906543.jpg\" loading=\"lazy\" alt=\"Nach dem Richtfest gab es eine F\u00fchrung f\u00fcr die Vertreter aus Rat und Verwaltung. \"\/><\/a><br \/>Nach dem Richtfest gab es eine F\u00fchrung f\u00fcr die Vertreter aus Rat und Verwaltung.  Foto: Frank Schildener \/ Gemeinde Cremlingen<\/p>\n<p>Der gro\u00dfe Kran hat sich inzwischen zu einer Ortsmarke f\u00fcr die Kinder entwickelt. Wenn das Geb\u00e4ude fertig ist, stehen der Schule neue R\u00e4ume zur Verf\u00fcgung, welche sie dringend ben\u00f6tigt. Angefangen von Lager- und Technikr\u00e4umen im Keller, \u00fcber die gr\u00f6\u00dfere Mensa mit K\u00fcche bis zu B\u00fcros und Funktions- und Klassenr\u00e4umen f\u00fcr den Schulbetrieb.<\/p>\n","protected":false},"excerpt":{"rendered":"Beim Familienrichtfest bekamen die Schulkinder einen eigenen Richtkranz. | Foto: Grundschule Schandelah 03.09.2026, 16:40 Uhr,zuletzt aktualisiert: 03.09.2026, 16:40&hellip;\n","protected":false},"author":2,"featured_media":1278304,"comment_status":"","ping_status":"","sticky":false,"template":"","format":"standard","meta":{"footnotes":"","_share_on_mastodon":"0"},"categories":[1850],"tags":[6429,3364,29,548,663,3934,30,13,14,15,1411,12],"class_list":["post-1278303","post","type-post","status-publish","format-standard","has-post-thumbnail","category-braunschweig","tag-braunschweig","tag-de","tag-deutschland","tag-eu","tag-europa","tag-europe","tag-germany","tag-headlines","tag-nachrichten","tag-news","tag-niedersachsen","tag-schlagzeilen"],"share_on_mastodon":{"url":"https:\/\/pubeurope.com\/@de\/117207892774832564","error":""},"_links":{"self":[{"href":"https:\/\/www.europesays.com\/de\/wp-json\/wp\/v2\/posts\/1278303","targetHints":{"allow":["GET"]}}],"collection":[{"href":"https:\/\/www.europesays.com\/de\/wp-json\/wp\/v2\/posts"}],"about":[{"href":"https:\/\/www.europesays.com\/de\/wp-json\/wp\/v2\/types\/post"}],"author":[{"embeddable":true,"href":"https:\/\/www.europesays.com\/de\/wp-json\/wp\/v2\/users\/2"}],"replies":[{"embeddable":true,"href":"https:\/\/www.europesays.com\/de\/wp-json\/wp\/v2\/comments?post=1278303"}],"version-history":[{"count":0,"href":"https:\/\/www.europesays.com\/de\/wp-json\/wp\/v2\/posts\/1278303\/revisions"}],"wp:featuredmedia":[{"embeddable":true,"href":"https:\/\/www.europesays.com\/de\/wp-json\/wp\/v2\/media\/1278304"}],"wp:attachment":[{"href":"https:\/\/www.europesays.com\/de\/wp-json\/wp\/v2\/media?parent=1278303"}],"wp:term":[{"taxonomy":"category","embeddable":true,"href":"https:\/\/www.europesays.com\/de\/wp-json\/wp\/v2\/categories?post=1278303"},{"taxonomy":"post_tag","embeddable":true,"href":"https:\/\/www.europesays.com\/de\/wp-json\/wp\/v2\/tags?post=1278303"}],"curies":[{"name":"wp","href":"https:\/\/api.w.org\/{rel}","templated":true}]}}