{"id":1278305,"date":"2026-09-03T15:47:17","date_gmt":"2026-09-03T15:47:17","guid":{"rendered":"https:\/\/www.europesays.com\/de\/1278305\/"},"modified":"2026-09-03T15:47:17","modified_gmt":"2026-09-03T15:47:17","slug":"groesste-freiflaechen-pv-anlage-in-willich-entsteht","status":"publish","type":"post","link":"https:\/\/www.europesays.com\/de\/1278305\/","title":{"rendered":"Gr\u00f6\u00dfte Freifl\u00e4chen-PV-Anlage in Willich entsteht"},"content":{"rendered":"<p class=\"text_ohne_einzug richtext text-em-55 !leading-serif mx-6 desktop:mx-0\">Auf einer bislang ungenutzten Freifl\u00e4che des Unternehmens Saint-Gobain Performance Plastics Pampus im Schiefbahner Industriegebiet Am Nordkanal entsteht derzeit Willichs gr\u00f6\u00dfte Freifl\u00e4chen-Photovoltaik-Anlage: Rund 10.000 Quadratmeter an Solarmodulen sollen voraussichtlich ab Oktober Strom produzieren \u2013 und der flie\u00dft dann direkt \u00fcber eine neu verlegte Mittelspannungsleitung in das rund 300 Meter entfernte Werk des Unternehmens. Mit im Boot sind die Stadtwerke Willich, die rund 1,2 Millionen Euro in die Anlage investieren.<\/p>\n<p class=\"richtext text-em-55 !leading-serif mx-6 desktop:mx-0\">Die Stadtwerke und Saint-Gobain Pampus haben miteinander vereinbart, dass die Stadtwerke vom Unternehmen die ungenutzte Freifl\u00e4che pachten, dort eine Solaranlage errichten und den Strom in den kommenden 20 Jahren zu einem fest vereinbarten Preis direkt an das Werk liefern, teilen die Stadtwerke mit. \u201eWir ben\u00f6tigen in unserem Willicher Werk j\u00e4hrlich fast sechs Millionen Kilowattstunden an Strom, da bringt uns ein fester Preis in diesen volatilen Zeiten Planungssicherheit. Au\u00dferdem entfallen f\u00fcr den in der PV-Anlage produzierten Strom die Netzentgelte, wir sparen Umlagen und Abgaben. Vor allem aber leisten wir einen Beitrag zu den kommunalen Klimazielen durch vollst\u00e4ndig aus Sonnenenergie erzeugten Strom\u201c, so Oliver Otto, Projektleiter bei Saint Gobain Pampus. Die Anlage soll j\u00e4hrlich rund 1,6 Millionen Kilowattstunden Strom produzieren \u2013 mehr als ein F\u00fcnftel der Energie, die das Werk ben\u00f6tigt.<\/p>\n<p class=\"richtext text-em-55 !leading-serif mx-6 desktop:mx-0\">F\u00fcr die Stadtwerke ist es das erste Projekt dieser Art, an der Umsetzung habe man rund drei Jahre lang gearbeitet. Die Kombination aus gesicherten Einnahmen und reduzierten Kosten mache das Modell f\u00fcr den kommunalen Energieversorger wirtschaftlich reizvoll, so Stadtwerke-Projektleiter Mario Sagner. Kosten spare man unter anderem f\u00fcr Handel und Vermarktung.<\/p>\n<p class=\"richtext text-em-55 !leading-serif mx-6 desktop:mx-0\">Die Anlage sei auf maximalen Eigenverbrauch ausgerichtet: Auch zu Spitzenzeiten produzierter Strom, etwa mittags bei strahlendem Sonnenschein, k\u00f6nne von Saint-Gobain Pampus nahezu vollst\u00e4ndig verbraucht werden \u2014 nur wenig Strom flie\u00dfe zu niedrigeren Konditionen ins Netz. \u201eDamit der Strom m\u00f6glichst gleichm\u00e4\u00dfig produziert wird, haben wir die Module nach Ost-West ausgerichtet\u201c, sagt Projektleiter Mario Sagner. \u201eSo lassen sich auf der Fl\u00e4che auch mehr Module unterbringen.\u201c 1935 St\u00fcck werden es insgesamt sein.<\/p>\n<p class=\"richtext text-em-55 !leading-serif mx-6 desktop:mx-0\">Der Gesch\u00e4ftsf\u00fchrer der Stadtwerke, Tafil Pufja, sieht das Modell als ein wichtiges Gesch\u00e4ftsfeld: \u201eLokale Betriebe wissen es sehr zu sch\u00e4tzen, wenn Solarstrom in der Region erzeugt wird. Und auch bei Neuansiedlungen ist das ein bedeutsamer Standortfaktor.\u201c Insofern habe man durch die Kooperation mit Saint-Gobain Pampus wichtige Erfahrungen gesammelt, die sich multiplizieren lie\u00dfen. Derzeit pr\u00fcften die Stadtwerke zwei weitere Freifl\u00e4chen, die ebenfalls als \u201eOnsite Power Purchase Agreement\u201c, wie das vertragliche Konstrukt hei\u00dft, m\u00f6glich w\u00e4ren: eine in Anrath, die zweite in Alt-Willich.<\/p>\n<p class=\"richtext text-em-55 !leading-serif mx-6 desktop:mx-0\">Dabei sei das Gesch\u00e4ftsfeld durchaus anspruchsvoll, so die Stadtwerke. Denn solche Projekte seien kapitalintensiv und binden das Geld \u00fcber lange Laufzeiten. Unternehmen, die sich f\u00fcr einen Vertrag \u00fcber die Vor-Ort-Stromabnahme interessieren, sollten drei Faktoren in den Blick nehmen, so die Stadtwerke: die Gesamtmenge der j\u00e4hrlich verbrauchten Kilowattstunden Strom, die Eigenverbrauchsquote und eine geeignete Fl\u00e4che. \u201eDas kann eine Freifl\u00e4che mit Bebauungsplan sein oder eine Dachfl\u00e4che. In jedem Fall schauen wir uns immer alle drei Faktoren an und entscheiden, ob ihre Kombination passt\u201c, so Sagner.<\/p>\n","protected":false},"excerpt":{"rendered":"Auf einer bislang ungenutzten Freifl\u00e4che des Unternehmens Saint-Gobain Performance Plastics Pampus im Schiefbahner Industriegebiet Am Nordkanal entsteht derzeit&hellip;\n","protected":false},"author":2,"featured_media":1278306,"comment_status":"","ping_status":"","sticky":false,"template":"","format":"standard","meta":{"footnotes":"","_share_on_mastodon":"0"},"categories":[1849],"tags":[2164,3364,29,1149,1520,548,663,3934,263750,30,263746,13,4455,14,15,1209,263747,263745,263748,73091,12,20093,6770,2194,1731,6397,2185,263749,10421,27898],"class_list":["post-1278305","post","type-post","status-publish","format-standard","has-post-thumbnail","category-moenchengladbach","tag-anlage","tag-de","tag-deutschland","tag-energie","tag-energiewende","tag-eu","tag-europa","tag-europe","tag-fertigungsanlagen","tag-germany","tag-gobain","tag-headlines","tag-moenchengladbach","tag-nachrichten","tag-news","tag-nordrhein-westfalen","tag-onsite","tag-pampus","tag-ppa","tag-saint","tag-schlagzeilen","tag-solar","tag-solaranlage","tag-solarenergie","tag-solarstrom","tag-stadtwerke","tag-strom","tag-stromabnahme","tag-werk","tag-werke"],"share_on_mastodon":{"url":"https:\/\/pubeurope.com\/@de\/117207894989423271","error":""},"_links":{"self":[{"href":"https:\/\/www.europesays.com\/de\/wp-json\/wp\/v2\/posts\/1278305","targetHints":{"allow":["GET"]}}],"collection":[{"href":"https:\/\/www.europesays.com\/de\/wp-json\/wp\/v2\/posts"}],"about":[{"href":"https:\/\/www.europesays.com\/de\/wp-json\/wp\/v2\/types\/post"}],"author":[{"embeddable":true,"href":"https:\/\/www.europesays.com\/de\/wp-json\/wp\/v2\/users\/2"}],"replies":[{"embeddable":true,"href":"https:\/\/www.europesays.com\/de\/wp-json\/wp\/v2\/comments?post=1278305"}],"version-history":[{"count":0,"href":"https:\/\/www.europesays.com\/de\/wp-json\/wp\/v2\/posts\/1278305\/revisions"}],"wp:featuredmedia":[{"embeddable":true,"href":"https:\/\/www.europesays.com\/de\/wp-json\/wp\/v2\/media\/1278306"}],"wp:attachment":[{"href":"https:\/\/www.europesays.com\/de\/wp-json\/wp\/v2\/media?parent=1278305"}],"wp:term":[{"taxonomy":"category","embeddable":true,"href":"https:\/\/www.europesays.com\/de\/wp-json\/wp\/v2\/categories?post=1278305"},{"taxonomy":"post_tag","embeddable":true,"href":"https:\/\/www.europesays.com\/de\/wp-json\/wp\/v2\/tags?post=1278305"}],"curies":[{"name":"wp","href":"https:\/\/api.w.org\/{rel}","templated":true}]}}