{"id":1278307,"date":"2026-09-03T15:48:25","date_gmt":"2026-09-03T15:48:25","guid":{"rendered":"https:\/\/www.europesays.com\/de\/1278307\/"},"modified":"2026-09-03T15:48:25","modified_gmt":"2026-09-03T15:48:25","slug":"fw-e-gemeinsame-pressemitteilung-startschuss-der-kampagne-immer-da","status":"publish","type":"post","link":"https:\/\/www.europesays.com\/de\/1278307\/","title":{"rendered":"FW-E: Gemeinsame Pressemitteilung: Startschuss der Kampagne &#8222;Immer da!&#8220;"},"content":{"rendered":"<p class=\"date\">03.09.2026 \u2013 17:11<\/p>\n<p class=\"customer\">\n                        <a class=\"story-customer\" title=\"weiter zum newsroom von Feuerwehr Essen\" href=\"https:\/\/www.presseportal.de\/blaulicht\/nr\/56893\" rel=\"nofollow noopener\" target=\"_blank\">Feuerwehr Essen<\/a>\n                    <\/p>\n<p><a class=\"glightbox event-trigger\" href=\"https:\/\/cache.pressmailing.net\/thumbnail\/story_hires\/0b913fa2-8e5e-4cef-b0f4-b37b7d7a525c\/Netzwerkpartner_Bus_0.jpg.jpg\" data-description=\"Die Netzwerkpartner vor dem Linienbus der Ruhrbahn.\" data-category=\"medialightbox\" data-action=\"click\" data-label=\"single\" data-value=\"6a998e0d270000fd2cc77e75\" rel=\"nofollow noopener\" target=\"_blank\"><img decoding=\"async\" height=\"540\" with=\"720\" src=\"https:\/\/www.europesays.com\/de\/wp-content\/uploads\/2026\/09\/fw-e-gemeinsame-pressemitteilung-startschuss-der-kampagne-immer-da.jpeg\"   alt=\"FW-E: Gemeinsame Pressemitteilung: Startschuss der Kampagne &quot;Immer da!&quot;\" class=\"single\"\/><\/a><\/p>\n<p><a data-category=\"citylink-story-view\" data-action=\"click\" data-label=\"Citylink in Meldungsansicht\" class=\"story-city event-trigger\" href=\"https:\/\/www.presseportal.de\/regional\/Essen%2C%2003.09.2026\" title=\"News aus Essen, 03.09.2026 \" rel=\"nofollow noopener\" target=\"_blank\">Essen, 03.09.2026<\/a> (ots)<\/p>\n<p>Gestern Nachmittag (2. September) begann die Kampagne &#8222;Immer da!&#8220; auf dem Ruhrbahn-Betriebshof an der Econova-Allee. Mit dem Ziel, den B\u00fcrgerinnen und B\u00fcrgern zu zeigen, dass Essen und M\u00fclheim St\u00e4dte sind, in denen sie sich sicher f\u00fchlen k\u00f6nnen, weil die Garanten f\u00fcr Sicherheit und Ordnung &#8222;Immer da!&#8220; sind.<\/p>\n<p>An der Kampagne beteiligen sich die Feuerwehren und Kommunalen Ordnungsdienste der St\u00e4dte Essen und M\u00fclheim an der Ruhr, die Staatsanwaltschaften Duisburg und Essen sowie die Ruhrbahn und die Polizei Essen. Gestern kamen alle Netzwerkpartner zusammen, um gemeinsam den Startschuss f\u00fcr die Kampagne zu geben.<\/p>\n<p>Polizeipr\u00e4sident Andreas St\u00fcve betonte dabei: &#8222;Essen und M\u00fclheim geh\u00f6ren im landes- sowie bundesweiten Vergleich zu den sichersten St\u00e4dten, werden aber oftmals nicht so wahrgenommen. Mit der Kampagne wollen wir den B\u00fcrgerinnen und B\u00fcrgern zeigen, dass sie sich sicher f\u00fchlen k\u00f6nnen und verdeutlichen, wie viele Tausend Menschen tagt\u00e4glich in den unterschiedlichen Organisationen f\u00fcr ihre Sicherheit sorgen.&#8220;<\/p>\n<p>Die Verantwortlichen f\u00fcr Sicherheit und Ordnung beider St\u00e4dte zeigten somit deutlich, wie wichtig die Zusammenarbeit ist und dass f\u00fcr alle ein gemeinsames Ziel im Fokus steht: Die B\u00fcrgerinnen und B\u00fcrger der St\u00e4dte. Dazu fand Christian Kromberg, Ordnungsdezernent der Stadt Essen, passende Worte: &#8222;Immer da!&#8220; ist mehr als ein Slogan, es ist ein Versprechen. Ein Versprechen, das wir jeden Tag f\u00fcr die B\u00fcrgerinnen und B\u00fcrger unserer Stadt einl\u00f6sen.&#8220;<\/p>\n<p>Neben dem Versprechen an die Menschen in den Stadtgebieten sollen in der Kampagne aber auch die Kolleginnen und Kollegen, die jeden Tag ihren Dienst f\u00fcr die Gesellschaft antreten, wertgesch\u00e4tzt werden. &#8222;Die Kampagne ist auch ein Appell an die B\u00fcrgerinnen und B\u00fcrger: Zeigt denen Respekt, die &#8222;Immer da!&#8220; sind&#8220;, betonte David L\u00fcngen, Stadtdirektor in M\u00fclheim an der Ruhr. &#8222;In den Uniformen stecken Familienv\u00e4ter und -m\u00fctter, die eigenen Nachbarinnen und Nachbarn, die jeden Tag wieder sicher nach Hause kommen wollen.&#8220;<\/p>\n<p>Die Kampagne wird \u00fcber mehrere Monate durch Plakate, digitale Leinw\u00e4nde und sogar durch den heute eindrucksvoll pr\u00e4sentierten Linienbus der Ruhrbahn in den St\u00e4dten pr\u00e4sent sein. Dar\u00fcber hinaus wird die Kampagne durch alle Kooperationspartner in den sozialen Medien begleitet und erm\u00f6glicht spannende Blicke hinter die Kulissen der Netzwerkpartner.<\/p>\n<p class=\"contact-headline\">R\u00fcckfragen bitte an:<\/p>\n<p class=\"contact-text\">Feuerwehr Essen<br \/>Lukas Bartoszak<br \/>Telefon: 0201-12370103<br \/>E-Mail: <a href=\"https:\/\/www.presseportal.de\/blaulicht\/pm\/56893\/mailto:lukas.bartoszak@feuerwehr.essen.de\" class=\"uri-mailto\" rel=\"nofollow noopener\" target=\"_blank\">lukas.bartoszak@feuerwehr.essen.de<\/a><br \/><a target=\"_blank\" class=\"uri-ext outbound\" rel=\"noopener nofollow\" href=\"https:\/\/www.essen.de\/feuerwehr\">https:\/\/www.essen.de\/feuerwehr<\/a><\/p>\n<p class=\"originator\">Original-Content von: Feuerwehr Essen, \u00fcbermittelt durch news aktuell<\/p>\n","protected":false},"excerpt":{"rendered":"03.09.2026 \u2013 17:11 Feuerwehr Essen Essen, 03.09.2026 (ots) Gestern Nachmittag (2. September) begann die Kampagne &#8222;Immer da!&#8220; auf&hellip;\n","protected":false},"author":2,"featured_media":1278308,"comment_status":"","ping_status":"","sticky":false,"template":"","format":"standard","meta":{"footnotes":"","_share_on_mastodon":"0"},"categories":[1848],"tags":[2919,3364,29,548,663,3934,985,3658,30,13,14,15,1209,176,178,180,179,181,12],"class_list":["post-1278307","post","type-post","status-publish","format-standard","has-post-thumbnail","category-gelsenkirchen","tag-brand","tag-de","tag-deutschland","tag-eu","tag-europa","tag-europe","tag-feuerwehr","tag-gelsenkirchen","tag-germany","tag-headlines","tag-nachrichten","tag-news","tag-nordrhein-westfalen","tag-nrw","tag-presse","tag-pressemeldung","tag-pressemitteilung","tag-pressemitteilungen","tag-schlagzeilen"],"share_on_mastodon":{"url":"https:\/\/pubeurope.com\/@de\/117207900829350515","error":""},"_links":{"self":[{"href":"https:\/\/www.europesays.com\/de\/wp-json\/wp\/v2\/posts\/1278307","targetHints":{"allow":["GET"]}}],"collection":[{"href":"https:\/\/www.europesays.com\/de\/wp-json\/wp\/v2\/posts"}],"about":[{"href":"https:\/\/www.europesays.com\/de\/wp-json\/wp\/v2\/types\/post"}],"author":[{"embeddable":true,"href":"https:\/\/www.europesays.com\/de\/wp-json\/wp\/v2\/users\/2"}],"replies":[{"embeddable":true,"href":"https:\/\/www.europesays.com\/de\/wp-json\/wp\/v2\/comments?post=1278307"}],"version-history":[{"count":0,"href":"https:\/\/www.europesays.com\/de\/wp-json\/wp\/v2\/posts\/1278307\/revisions"}],"wp:featuredmedia":[{"embeddable":true,"href":"https:\/\/www.europesays.com\/de\/wp-json\/wp\/v2\/media\/1278308"}],"wp:attachment":[{"href":"https:\/\/www.europesays.com\/de\/wp-json\/wp\/v2\/media?parent=1278307"}],"wp:term":[{"taxonomy":"category","embeddable":true,"href":"https:\/\/www.europesays.com\/de\/wp-json\/wp\/v2\/categories?post=1278307"},{"taxonomy":"post_tag","embeddable":true,"href":"https:\/\/www.europesays.com\/de\/wp-json\/wp\/v2\/tags?post=1278307"}],"curies":[{"name":"wp","href":"https:\/\/api.w.org\/{rel}","templated":true}]}}