{"id":1278323,"date":"2026-09-03T15:59:14","date_gmt":"2026-09-03T15:59:14","guid":{"rendered":"https:\/\/www.europesays.com\/de\/1278323\/"},"modified":"2026-09-03T15:59:14","modified_gmt":"2026-09-03T15:59:14","slug":"bahnhof-gruiten-unterfuehrung-offen-pr-bleibt-gesperrt","status":"publish","type":"post","link":"https:\/\/www.europesays.com\/de\/1278323\/","title":{"rendered":"Bahnhof Gruiten: Unterf\u00fchrung offen, P&#038;R bleibt gesperrt"},"content":{"rendered":"<p class=\"text_ohne_einzug richtext text-em-55 !leading-serif mx-6 desktop:mx-0\"> Darauf haben Anwohner und Pendler lange gewartet: Die Personenunterf\u00fchrung am Gruitener Bahnhof ist ab sofort wieder vollst\u00e4ndig freigegeben. Das teilte die DB InfraGO am Donnerstagnachmittag mit. \u201eReisende k\u00f6nnen die Unterf\u00fchrung nun wieder nutzen\u201c, hei\u00dft es in einer Pressemitteilung. Auch der Zugang zu den Bahnsteigen \u00fcber den Kastanienweg sei wieder uneingeschr\u00e4nkt m\u00f6glich. Die zwischenzeitlich eingerichtete Ampelanlage an der Hochstra\u00dfe soll bis Ende dieser Woche zur\u00fcckgebaut werden.<\/p>\n<p class=\"richtext text-em-55 !leading-serif mx-6 desktop:mx-0\">Die DB InfraGO hatte die Unterf\u00fchrung im Februar dieses Jahres nach eigenen Angaben gesperrt, \u201eum die Modernisierung des Bahnhofs sicher umsetzen zu k\u00f6nnen\u201c. Das hatte anfangs zu gro\u00dfem Unmut im Ort und dar\u00fcber hinaus gef\u00fchrt.<\/p>\n<p class=\"richtext text-em-55 !leading-serif mx-6 desktop:mx-0\">Der P&amp;R-Parkplatz in Gruiten bleibt allerdings vorerst noch gesperrt. Der Parkplatz werde noch f\u00fcr die weiteren Arbeiten am Bahnhof ben\u00f6tigt, teilte die Bahn mit. Nach aktuellem Stand werde die Fl\u00e4che im November ger\u00e4umt, \u201esodass der Parkplatz dann wieder vollst\u00e4ndig genutzt werden kann\u201c.<\/p>\n","protected":false},"excerpt":{"rendered":"Darauf haben Anwohner und Pendler lange gewartet: Die Personenunterf\u00fchrung am Gruitener Bahnhof ist ab sofort wieder vollst\u00e4ndig freigegeben.&hellip;\n","protected":false},"author":2,"featured_media":1278324,"comment_status":"","ping_status":"","sticky":false,"template":"","format":"standard","meta":{"footnotes":"","_share_on_mastodon":"0"},"categories":[1840],"tags":[1739,2037,3364,29,30,5783,23696,97404,1209,4847,193477,66540,4418],"class_list":["post-1278323","post","type-post","status-publish","format-standard","has-post-thumbnail","category-wuppertal","tag-bahn","tag-bahnhof","tag-de","tag-deutschland","tag-germany","tag-gesperrt","tag-haan","tag-infrago","tag-nordrhein-westfalen","tag-parkplatz","tag-personenunterfuehrung","tag-unterfuehrung","tag-wuppertal"],"share_on_mastodon":{"url":"https:\/\/pubeurope.com\/@de\/117207942280591372","error":""},"_links":{"self":[{"href":"https:\/\/www.europesays.com\/de\/wp-json\/wp\/v2\/posts\/1278323","targetHints":{"allow":["GET"]}}],"collection":[{"href":"https:\/\/www.europesays.com\/de\/wp-json\/wp\/v2\/posts"}],"about":[{"href":"https:\/\/www.europesays.com\/de\/wp-json\/wp\/v2\/types\/post"}],"author":[{"embeddable":true,"href":"https:\/\/www.europesays.com\/de\/wp-json\/wp\/v2\/users\/2"}],"replies":[{"embeddable":true,"href":"https:\/\/www.europesays.com\/de\/wp-json\/wp\/v2\/comments?post=1278323"}],"version-history":[{"count":0,"href":"https:\/\/www.europesays.com\/de\/wp-json\/wp\/v2\/posts\/1278323\/revisions"}],"wp:featuredmedia":[{"embeddable":true,"href":"https:\/\/www.europesays.com\/de\/wp-json\/wp\/v2\/media\/1278324"}],"wp:attachment":[{"href":"https:\/\/www.europesays.com\/de\/wp-json\/wp\/v2\/media?parent=1278323"}],"wp:term":[{"taxonomy":"category","embeddable":true,"href":"https:\/\/www.europesays.com\/de\/wp-json\/wp\/v2\/categories?post=1278323"},{"taxonomy":"post_tag","embeddable":true,"href":"https:\/\/www.europesays.com\/de\/wp-json\/wp\/v2\/tags?post=1278323"}],"curies":[{"name":"wp","href":"https:\/\/api.w.org\/{rel}","templated":true}]}}