{"id":1278325,"date":"2026-09-03T16:00:28","date_gmt":"2026-09-03T16:00:28","guid":{"rendered":"https:\/\/www.europesays.com\/de\/1278325\/"},"modified":"2026-09-03T16:00:28","modified_gmt":"2026-09-03T16:00:28","slug":"museum-eroeffnet-neues-forum-am-wuppertaler-wall","status":"publish","type":"post","link":"https:\/\/www.europesays.com\/de\/1278325\/","title":{"rendered":"Museum er\u00f6ffnet neues Forum am Wuppertaler Wall"},"content":{"rendered":"<p class=\"text_ohne_einzug richtext text-em-55 !leading-serif mx-6 desktop:mx-0\">Am Wall in Elberfeld hat das Von der Heydt-Museum am Mittwoch das Brennscheidt-Forum er\u00f6ffnet. Es handelt sich um einen 120 Quadratmeter gro\u00dfen Multifunktionsraum in einem ehemaligen Ladenlokal, direkt vor der Bushaltestelle \u201eAm Wall\u201c.<\/p>\n<p class=\"richtext text-em-55 !leading-serif mx-6 desktop:mx-0\">F\u00fcr Veranstaltungen und Formen der Kunstvermittlung sei bislang das Forum unterhalb des Museumsfoyers genutzt worden, erkl\u00e4rt Roland M\u00f6nig, Direktor des Von der Heydt-Museums. Dort sei zwar Platz f\u00fcr viele Menschen, aufgrund der Integration in die Ausstellungsr\u00e4ume sei jedoch das volle Sicherheitskonzept n\u00f6tig, au\u00dferdem w\u00fcrden Veranstaltungen parallel zum Besuchsverkehr laufen. \u201eWas uns seit Jahrzehnten gefehlt hat, ist ein Raum, der unabh\u00e4ngig von den \u00d6ffnungszeiten des Museums existiert.\u201c<\/p>\n<p class=\"richtext text-em-55 !leading-serif mx-6 desktop:mx-0\">Dies k\u00f6nne nun das Brennscheidt-Forum leisten. Angedacht sind Vortr\u00e4ge, Lesungen, kleine Konzerte, Tanz- oder auch Filmabende, Podiumsdiskussionen, Workshops und wissenschaftliche Tagungen. Der Name sei \u201eeine Verbeugung vor dem wichtigsten F\u00f6rderer, der dies m\u00f6glich gemacht hat\u201c, hebt M\u00f6nig hervor. Er erinnert an den Wuppertaler Unternehmer und Stiftungsgr\u00fcnder Heinz-Olof Brennscheidt.<\/p>\n<p>Empore bleibt aus Gr\u00fcnden des Denkmalschutzes bestehen      <\/p>\n<p class=\"text_ohne_einzug richtext text-em-55 !leading-serif mx-6 desktop:mx-0\">Der Raum zeichnet sich durch ein minimalistisches Industriedesign aus: grauer Betonboden, wei\u00dfe, zum Teil grob verspachtelte W\u00e4nde, die Deckenverkleidung besteht aus Leichtbauplatten. Die Holzst\u00fchle im skandinavischen Design sind mit Sitzkissen ausgestattet. Wie Roland M\u00f6nig ank\u00fcndigt, seien bei einer Vollauslastung 60 Sitzpl\u00e4tze oder 200 Stehpl\u00e4tze m\u00f6glich. Im hinteren Teil gibt es eine Holzbar, eine kleine Garderobe sowie eine barrierefreie Toilette. Auf den ersten Blick irritierend ist die Empore, zu der eine Stahltreppe f\u00fchrt und die wie ein Zwischengeschoss wirkt. \u201eZwei seitliche Emporen wurden entfernt, um der Nutzung des Raumes gerecht werden zu k\u00f6nnen.\u201c Die hintere Empore jedoch sei aus Denkmalschutzgr\u00fcnden erhalten geblieben. \u201eWir wollten damit auch die Verwandlung des Ortes pr\u00e4sent halten.\u201c Nach den Vorstellungen des Museums k\u00f6nnte die Empore f\u00fcr Kunst oder Performances genutzt werden, die Treppe als szenische Rampe dienen, denn auch Theater ist hier vorstellbar.<\/p>\n<p class=\"richtext text-em-55 !leading-serif mx-6 desktop:mx-0\">Bis 2016 war am Wall mit der Hausnummer 13 \u201eFoto Leimberg\u201c ans\u00e4ssig. Zuerst betrieben als Drogerie, konnte es sich zuletzt nur noch als Fotofachgesch\u00e4ft \u00fcber Wasser halten. \u201eEs ist schon unglaublich, dass es zehn Jahre gedauert hat, bis diese R\u00e4ume wieder nutzbar gemacht werden konnten\u201c, sagt Joachim Schmidt-Hermesdorf, Vorstand der Brennscheidt-Stiftung. Grunds\u00e4tzlich, so erkl\u00e4rte Roland M\u00f6nig bereits im Jahr 2021 gegen\u00fcber der WZ, m\u00fcsse das Lokal \u201eso in das komplizierte Raumprogramm des Hauses eingebunden werden, dass eine organische L\u00f6sung gefunden wird\u201c. Zudem d\u00fcrfte unter anderem der asbesthaltige Wandputz, der abgenommen wurde, eine Rolle gespielt haben. Sp\u00e4ter verz\u00f6gerte sich die \u00dcbergabe durch das st\u00e4dtische Geb\u00e4udemanagement.<\/p>\n<p class=\"richtext text-em-55 !leading-serif mx-6 desktop:mx-0\">Die Stiftung hat die R\u00e4ume, die \u201ezum Ort der Begegnung\u201c werden sollen, wie Schmidt-Hermesdorf es formuliert, zun\u00e4chst f\u00fcr zehn Jahre von der Stadt gemietet. Sie sieht das Forum, f\u00fcr dessen Sanierung sie rund 400\u2005000 Euro zur Verf\u00fcgung stellte, wie es zuletzt im Februar 2025 hie\u00df, nicht nur wegen der Deckenh\u00f6he bis zu 3,90 Meter als \u201eoffenen Raum\u201c, da er sich auch zur Stadt hin \u00f6ffne. Mitten in der Innenstadt, der Fu\u00dfg\u00e4ngerzone und an einer der am st\u00e4rksten frequentierten Bushaltestellen in Elberfeld. Durch die Doppelverglasung h\u00f6rt man die an- und abfahrenden Busse allerdings kaum, sodass Veranstaltungen nicht gest\u00f6rt werden. Die Planung lag in den H\u00e4nden des Architekturb\u00fcros Sieber aus D\u00fcsseldorf. Gesch\u00e4ftsf\u00fchrer Joachim Sieber war unter anderem f\u00fcr den Umbau und die Sanierung des D\u00fcsseldorfer Kunstpalastes zust\u00e4ndig, der 2023 wiederer\u00f6ffnet werden konnte.<\/p>\n<p class=\"richtext text-em-55 !leading-serif mx-6 desktop:mx-0\">Kommende Woche wird im Brennscheidt-Forum die erste Veranstaltung stattfinden. Das Von der Heydt Museum startet eine Reihe mit dem Titel \u201eMuseen im Dienste der Kunst\u201c. Darin geht es laut Ank\u00fcndigung um die Rolle von Museen in Vergangenheit, Gegenwart und Zukunft.<\/p>\n<p class=\"richtext text-em-55 !leading-serif mx-6 desktop:mx-0\">Auftakt ist am 9. September mit einem Gespr\u00e4ch zwischen Roland M\u00f6nig und Rainer Stamm, Direktor des Osthaus Museums Hagen. Weitere Termine folgen am 30. September (Zug\u00e4nge zur Kunst), 14. Oktober (Objektbiografien ausstellen und vermitteln), 25. November (Von Schubladen, Wohnzimmern und Museen) und 9. Dezember (Wie sich das Museum \u00e4ndert, wenn sich die Kunst \u00e4ndert). Die Veranstaltungen beginnen jeweils um 18 Uhr. Der Eintritt ist frei, eine Anmeldung nicht erforderlich.<\/p>\n<p class=\"richtext text-em-55 !leading-serif mx-6 desktop:mx-0\">Roland M\u00f6nig denkt derweil schon weiter: \u201eMan k\u00f6nnte theoretisch eine Wand zum Erdgeschoss des Museums durchbrechen\u201c, sagt er und zeigt einen Bauplan. Doch erst einmal muss sich das Forum selbst beweisen.<\/p>\n","protected":false},"excerpt":{"rendered":"Am Wall in Elberfeld hat das Von der Heydt-Museum am Mittwoch das Brennscheidt-Forum er\u00f6ffnet. Es handelt sich um&hellip;\n","protected":false},"author":2,"featured_media":1278326,"comment_status":"","ping_status":"","sticky":false,"template":"","format":"standard","meta":{"footnotes":"","_share_on_mastodon":"0"},"categories":[1840],"tags":[263752,263751,3364,29,258,30,18517,89654,2264,108450,263753,1209,10912,3699,20178,4418],"class_list":["post-1278325","post","type-post","status-publish","format-standard","has-post-thumbnail","category-wuppertal","tag-angedacht","tag-brennscheidt","tag-de","tag-deutschland","tag-forum","tag-germany","tag-heydt","tag-moenig","tag-museum","tag-museums","tag-museumsfoyers","tag-nordrhein-westfalen","tag-roland","tag-veranstaltung","tag-wall","tag-wuppertal"],"share_on_mastodon":{"url":"https:\/\/pubeurope.com\/@de\/117207946100668061","error":""},"_links":{"self":[{"href":"https:\/\/www.europesays.com\/de\/wp-json\/wp\/v2\/posts\/1278325","targetHints":{"allow":["GET"]}}],"collection":[{"href":"https:\/\/www.europesays.com\/de\/wp-json\/wp\/v2\/posts"}],"about":[{"href":"https:\/\/www.europesays.com\/de\/wp-json\/wp\/v2\/types\/post"}],"author":[{"embeddable":true,"href":"https:\/\/www.europesays.com\/de\/wp-json\/wp\/v2\/users\/2"}],"replies":[{"embeddable":true,"href":"https:\/\/www.europesays.com\/de\/wp-json\/wp\/v2\/comments?post=1278325"}],"version-history":[{"count":0,"href":"https:\/\/www.europesays.com\/de\/wp-json\/wp\/v2\/posts\/1278325\/revisions"}],"wp:featuredmedia":[{"embeddable":true,"href":"https:\/\/www.europesays.com\/de\/wp-json\/wp\/v2\/media\/1278326"}],"wp:attachment":[{"href":"https:\/\/www.europesays.com\/de\/wp-json\/wp\/v2\/media?parent=1278325"}],"wp:term":[{"taxonomy":"category","embeddable":true,"href":"https:\/\/www.europesays.com\/de\/wp-json\/wp\/v2\/categories?post=1278325"},{"taxonomy":"post_tag","embeddable":true,"href":"https:\/\/www.europesays.com\/de\/wp-json\/wp\/v2\/tags?post=1278325"}],"curies":[{"name":"wp","href":"https:\/\/api.w.org\/{rel}","templated":true}]}}