{"id":1278343,"date":"2026-09-03T16:20:19","date_gmt":"2026-09-03T16:20:19","guid":{"rendered":"https:\/\/www.europesays.com\/de\/1278343\/"},"modified":"2026-09-03T16:20:19","modified_gmt":"2026-09-03T16:20:19","slug":"pol-h-oeffentlichkeitsfahndung-15-jaehrige-aus-hannover-doehren-verschwunden-wer","status":"publish","type":"post","link":"https:\/\/www.europesays.com\/de\/1278343\/","title":{"rendered":"POL-H: \u00d6ffentlichkeitsfahndung: 15-J\u00e4hrige aus Hannover-D\u00f6hren verschwunden &#8211; Wer &#8230;"},"content":{"rendered":"<p class=\"date\">03.09.2026 \u2013 17:21<\/p>\n<p class=\"customer\">\n                        <a class=\"story-customer\" title=\"weiter zum newsroom von Polizeidirektion Hannover\" href=\"https:\/\/www.presseportal.de\/blaulicht\/nr\/66841\" rel=\"nofollow noopener\" target=\"_blank\">Polizeidirektion Hannover<\/a>\n                    <\/p>\n<p><a class=\"glightbox-pseudo event-trigger\" href=\"https:\/\/cache.pressmailing.net\/thumbnail\/story_hires\/5d5a4fcf-c972-4768-a276-473e25cb14d7\/Bild2.jpg.jpg\" data-description=\"Ein fr\u00fcheres Foto der Vermissten\" data-category=\"medialightbox\" data-action=\"click\" data-label=\"single\" data-value=\"6a99908b270000fd2cc78368\" rel=\"nofollow noopener\" target=\"_blank\"><img decoding=\"async\" height=\"540\" with=\"720\" src=\"https:\/\/www.europesays.com\/de\/wp-content\/uploads\/2026\/09\/pol-h-ffentlichkeitsfahndung-15-j-hrige-aus-hannover-d-hren-verschwunden-wer-hat-sie-gesehen.jpeg\"   alt=\"POL-H: \u00d6ffentlichkeitsfahndung: 15-J\u00e4hrige aus Hannover-D\u00f6hren verschwunden - Wer hat sie gesehen?\" class=\"single\"\/><\/a><\/p>\n<p><a data-category=\"citylink-story-view\" data-action=\"click\" data-label=\"Citylink in Meldungsansicht\" class=\"story-city event-trigger\" href=\"https:\/\/www.presseportal.de\/regional\/Hannover\" title=\"News aus Hannover \" rel=\"nofollow noopener\" target=\"_blank\">Hannover<\/a> (ots)<\/p>\n<p>Mittels \u00d6ffentlichkeitsfahndung bittet die Polizei Hannover die Bev\u00f6lkerung um Hilfe bei der Suche nach einer 15-J\u00e4hrigen. Das M\u00e4dchen wird seit Mittwochnachmittag, 02.09.2026, vermisst und kehrte auch bis zum Folgetag nicht nach Hause zur\u00fcck. Aufgrund des Alters der Vermissten ist von einer Gef\u00e4hrdung auszugehen. Zeugen, die Hinweise zum Aufenthaltsort der Teenagerin geben k\u00f6nnen, werden gebeten, sich bei der Polizei zu melden.<\/p>\n<p>Nach bisherigen Erkenntnissen des zust\u00e4ndigen Polizeikommissariats Hannover-D\u00f6hren verlie\u00df die 15 Jahre alte Leonie Ann-Kathrin B. am Mittwochnachmittag die Schule an der B\u00f6hmerstra\u00dfe in der S\u00fcdstadt, um einen privaten Termin wahrzunehmen. Gegen 13:45 Uhr teilte sie Familienangeh\u00f6rigen mit, dass sie auf dem Weg dorthin w\u00e4re. Allerdings kam sie dort nicht an und gilt seit dem letzten Kontakt als verschwunden. Hinweise auf ihren aktuellen Aufenthaltsort gibt es nicht. M\u00f6glicherweise ist sie in Begleitung ihres unbekannten Freundes unterwegs.<\/p>\n<p>Leonie Ann-Kathrin B. ist circa 1,66 Meter gro\u00df und von etwas kr\u00e4ftigerer Statur. Zum Zeitpunkt ihres Verschwindens trug sie rot-braune lange Haare. Zuletzt soll sie mit einer langen schwarzen, etwas legeren, Hose und mit einem schwarzen T-Shirt bekleidet gewesen sein. M\u00f6glicherweise hat sie einen schwarzen Rucksack der Marke &#8222;Puma&#8220; sowie eine blaue Jacke bei sich.<\/p>\n<p>Hinweise zu der Vermissten nimmt das Polizeikommissariat Hannover-D\u00f6hren unter der Telefonnummer 0511 109-3615 oder der Polizeinotruf 110 entgegen. \/ram<\/p>\n<p class=\"contact-headline\">R\u00fcckfragen bitte an:<\/p>\n<p class=\"contact-text\">Polizeidirektion Hannover<br \/>Michael Bertram<br \/>Telefon: 0511 109-1040<br \/>E-Mail: <a href=\"https:\/\/www.presseportal.de\/blaulicht\/pm\/66841\/mailto:pressestelle@pd-h.polizei.niedersachsen.de\" class=\"uri-mailto\" rel=\"nofollow noopener\" target=\"_blank\">pressestelle@pd-h.polizei.niedersachsen.de<\/a><br \/><a target=\"_blank\" class=\"uri-ext outbound\" rel=\"noopener nofollow\" href=\"https:\/\/www.pd-h.polizei-nds.de\">https:\/\/www.pd-h.polizei-nds.de<\/a><\/p>\n<p class=\"originator\">Original-Content von: Polizeidirektion Hannover, \u00fcbermittelt durch news aktuell<\/p>\n","protected":false},"excerpt":{"rendered":"03.09.2026 \u2013 17:21 Polizeidirektion Hannover Hannover (ots) Mittels \u00d6ffentlichkeitsfahndung bittet die Polizei Hannover die Bev\u00f6lkerung um Hilfe bei&hellip;\n","protected":false},"author":2,"featured_media":1278344,"comment_status":"","ping_status":"","sticky":false,"template":"","format":"standard","meta":{"footnotes":"","_share_on_mastodon":"0"},"categories":[1836],"tags":[3364,29,30,46,177,5404,1411,121,178,180,179,181],"class_list":["post-1278343","post","type-post","status-publish","format-standard","has-post-thumbnail","category-hannover","tag-de","tag-deutschland","tag-germany","tag-hannover","tag-kriminalitt","tag-ni","tag-niedersachsen","tag-polizei","tag-presse","tag-pressemeldung","tag-pressemitteilung","tag-pressemitteilungen"],"share_on_mastodon":{"url":"https:\/\/pubeurope.com\/@de\/117208026430620332","error":""},"_links":{"self":[{"href":"https:\/\/www.europesays.com\/de\/wp-json\/wp\/v2\/posts\/1278343","targetHints":{"allow":["GET"]}}],"collection":[{"href":"https:\/\/www.europesays.com\/de\/wp-json\/wp\/v2\/posts"}],"about":[{"href":"https:\/\/www.europesays.com\/de\/wp-json\/wp\/v2\/types\/post"}],"author":[{"embeddable":true,"href":"https:\/\/www.europesays.com\/de\/wp-json\/wp\/v2\/users\/2"}],"replies":[{"embeddable":true,"href":"https:\/\/www.europesays.com\/de\/wp-json\/wp\/v2\/comments?post=1278343"}],"version-history":[{"count":0,"href":"https:\/\/www.europesays.com\/de\/wp-json\/wp\/v2\/posts\/1278343\/revisions"}],"wp:featuredmedia":[{"embeddable":true,"href":"https:\/\/www.europesays.com\/de\/wp-json\/wp\/v2\/media\/1278344"}],"wp:attachment":[{"href":"https:\/\/www.europesays.com\/de\/wp-json\/wp\/v2\/media?parent=1278343"}],"wp:term":[{"taxonomy":"category","embeddable":true,"href":"https:\/\/www.europesays.com\/de\/wp-json\/wp\/v2\/categories?post=1278343"},{"taxonomy":"post_tag","embeddable":true,"href":"https:\/\/www.europesays.com\/de\/wp-json\/wp\/v2\/tags?post=1278343"}],"curies":[{"name":"wp","href":"https:\/\/api.w.org\/{rel}","templated":true}]}}