{"id":1278347,"date":"2026-09-03T16:22:27","date_gmt":"2026-09-03T16:22:27","guid":{"rendered":"https:\/\/www.europesays.com\/de\/1278347\/"},"modified":"2026-09-03T16:22:27","modified_gmt":"2026-09-03T16:22:27","slug":"stellenabbau-hoehere-gebuehren-und-elternbeitraege-dresden-muss-millionen-sparen","status":"publish","type":"post","link":"https:\/\/www.europesays.com\/de\/1278347\/","title":{"rendered":"Stellenabbau, h\u00f6here Geb\u00fchren und Elternbeitr\u00e4ge: Dresden muss Millionen sparen"},"content":{"rendered":"<p>        <img decoding=\"async\" src=\"https:\/\/www.europesays.com\/de\/wp-content\/uploads\/2026\/09\/sparen-haushalt-entwurf-dresden-100.webp\" alt=\"Ein roter Stift ist in Stuttgart neben einem Aktenordner mit der Aufschrift &quot;Stadtb\u00fccherei, Schwimmb\u00e4der, Theater&quot; zu sehen (Symbolfoto zum Thema &quot;Kommunale Finanzen&quot; vom 08.04.2010).\" title=\"Ein roter Stift ist in Stuttgart neben einem Aktenordner mit der Aufschrift &quot;Stadtb\u00fccherei, Schwimmb\u00e4der, Theater&quot; zu sehen (Symbolfoto zum Thema &quot;Kommunale Finanzen&quot; vom 08.04.2010). | Uwe Anspach\" class=\"responsive\"\/><\/p>\n<p>AUDIO: Dresden vor Sparkurs: H\u00f6here Geb\u00fchren, weniger Stellen, mehr Belastungen (1 Min)<\/p>\n<p class=\"topline\">Kommunalfinanzen<\/p>\n<p class=\"author\">von MDR SACHSEN<\/p>\n<p>\n                Stand: 03.09.2026 18:15 Uhr<\/p>\n<p class=\"\">Dresden muss in den kommenden f\u00fcnf Jahren Hunderte Millionen Euro sparen. Darauf hat Oberb\u00fcrgermeister Dirk Hilbert am Donnerstagabend den Stadtrat eingeschworen, als er den Entwurf des Haushaltsplans 2027\/2028 vorlegte. &#8222;Wir m\u00fcssen ein Defizit hinnehmen. Belastungen f\u00fcr die B\u00fcrger werden nicht zu vermeiden sein&#8220;, sagte Hilbert.<\/p>\n<p>    580 Millionen Euro Defizit im n\u00e4chsten Doppelhaushalt<\/p>\n<p class=\"\">Einige der Sparvorschl\u00e4ge nannte Hilbert &#8222;unpopul\u00e4rste Ma\u00dfnahmen&#8220;, vor allem die geplante Erh\u00f6hung der Elternbeitr\u00e4ge f\u00fcr Kinderbetreuungseinrichtungen. F\u00fcr 2027 betr\u00e4gt das Defizit laut Stadtverwaltung 217,8 Millionen Euro und im Folgejahr 370,4 Millionen Euro.<\/p>\n<p>    So will Dresden Geld sparen<\/p>\n<ul>\n<li>Rund 500 Stellen in der Stadtverwaltung sollen wegfallen, aber ohne betriebsbedingte K\u00fcndigungen. (Das soll 300 Millionen Euro Einsparung bringen.)<\/li>\n<li>Bis zum Jahr 2031 m\u00fcssten 1.200 Stellen wegfallen, um 780 Millionen Euro zu sparen.<\/li>\n<li>Anhebung der Grundsteuer B<\/li>\n<li>Erh\u00f6hung der Parkgeb\u00fchren<\/li>\n<li>Anpassung des DVB-Liniennetzes (Das soll 9 Millionen Euro Einsparung bringen.)<\/li>\n<li>Erh\u00f6hung der Elternbeitr\u00e4ge f\u00fcr Horte (6,5 Prozent mehr) und Krippen\/Kitas (9 Prozent mehr)<\/li>\n<li>Trennung von sanierungsbed\u00fcrftigen Objekten und Standorten, beispielsweise von der ehemaligen<a href=\"https:\/\/www.mdr.de\/nachrichten\/sachsen\/dresden\/dresden-radebeul\/brand-staatsoperette-plaene-wohnen-bibliothek-kritik-100.html\" title=\"Stadt stellt Pl\u00e4ne f\u00fcr Gel\u00e4nde der abgebrannten Staatsoperette vor\" rel=\"nofollow noopener\" target=\"_blank\"> Staatsoperette<\/a> und der Dienststelle des Gesundheitsamtes in der Braunsdorfer Stra\u00dfe 13<\/li>\n<li>Verkauf von &#8222;unattraktiven Grundst\u00fccken&#8220;<\/li>\n<li>Zusammenlegung von Kulturtr\u00e4gern wie Philharmonie und Musikfestspielen<\/li>\n<li>Einnahmen aus dem Sparkassenverbund (ca. 4 Millionen Euro pro Jahr)<\/li>\n<\/ul>\n<p class=\"\">\n <br \/>Quelle: Rede OB Hilbert im Stadtrat, 3. September 2026\n<\/p>\n<p>                    <a href=\"https:\/\/www.europesays.com\/de\/wp-content\/uploads\/2026\/09\/kinder-spielplatz-kita-104.webp\" class=\"zoomimage\" title=\"Bild vergr\u00f6\u00dfern\"><\/p>\n<p>        <img decoding=\"async\" src=\"https:\/\/www.europesays.com\/de\/wp-content\/uploads\/2026\/09\/kinder-spielplatz-kita-104.webp\" alt=\"Kinder spielen im Kindergarten\" title=\"Dresden kann Gelder in der Stadt nicht mehr in gewohntem Umfang ausgeben. Auch f\u00fcr Kitas, Krippen und Horte sollen die Elternbeitr\u00e4ge steigen. |  IMAGO \/ Funke Foto Services | Martin M\u00f6ller\" class=\"responsive\" loading=\"lazy\"\/><\/p>\n<p>                    <\/a><\/p>\n<p>                    Dresden kann Gelder in der Stadt nicht mehr in gewohntem Umfang ausgeben. Auch f\u00fcr Kitas, Krippen und Horte sollen die Elternbeitr\u00e4ge steigen.<\/p>\n<p>    B\u00fcrger sollen Haushaltspl\u00e4ne diskutieren<\/p>\n<p class=\"\">An die Stadtratsfraktionen gerichtet, sagte der Rathauschef am Donnerstag: &#8222;Es ist einfach, einzelne Ma\u00dfnahmen zu verdammen. Viel schwieriger ist es, eine finanzielle Alternative zu finden. Wir brauchen einen Kompromiss.&#8220; Sollte Dresden weiter so handeln, wie bislang, w\u00e4re Dresden 2031 &#8222;handlungsunf\u00e4hig&#8220;.<\/p>\n<p class=\"\">Im Herbst sollen die Sparvorschl\u00e4ge mit den Dresdnern bei B\u00fcrgerdialogen diskutiert werden. OB Hilbert hofft, dass der Stadtrat Ende November den Doppelhaushalt 2027\/2028 beschlie\u00dft.<\/p>\n<p>        <img decoding=\"async\" src=\"https:\/\/www.europesays.com\/de\/wp-content\/uploads\/2026\/08\/1787969123_972_google-handy-100.webp\" alt=\"Ein Handy liegt auf einer Laptoptastatur. Das Display zeigt das Google Logo\" title=\"Ein Handy liegt auf einer Laptoptastatur. Das Display zeigt das Google Logo |  IMAGO \/ SOPA Images\" class=\"responsive\" loading=\"lazy\"\/><\/p>\n<p>Nachrichten personalisieren<\/p>\n<p>Mehr zur Finanzpolitik in Dresden<\/p>\n<p>        <img decoding=\"async\" src=\"https:\/\/www.europesays.com\/de\/wp-content\/uploads\/2026\/09\/strassenbahn-dresden-140.webp\" alt=\"Eine Stra\u00dfenbahn der Dresdner Verkehrsbetriebe\" title=\"Eine Stra\u00dfenbahn der Dresdner Verkehrsbetriebe | picture alliance \/ Monika Skolimowska\/dpa-Zentralbild\/dpa | Monika Skolimowska\" class=\"responsive\" loading=\"lazy\"\/><\/p>\n<p>        <img decoding=\"async\" src=\"https:\/\/www.europesays.com\/de\/wp-content\/uploads\/2026\/07\/haushaltssperre-104.webp\" alt=\"Budget-Lockdown-Schriftzug auf einem roten kaputten Sparschwein mit einer Euro-Banknote.\" title=\"Budget-Lockdown-Schriftzug auf einem roten kaputten Sparschwein mit einer Euro-Banknote. | IMAGO\/Bihlmayerfotografie\" class=\"responsive\" loading=\"lazy\"\/><\/p>\n<p>        <img decoding=\"async\" src=\"https:\/\/www.europesays.com\/de\/wp-content\/uploads\/2026\/07\/kommunalhaushalt-100.webp\" alt=\"Ein Schild mit der Aufschrift &quot;Stadthaushalt&quot; liegt zwischen Euro-Banknoten.\" title=\"Ein Schild mit der Aufschrift &quot;Stadthaushalt&quot; liegt zwischen Euro-Banknoten. | CHROMORANGE | Michael Bihlmayer\" class=\"responsive\" loading=\"lazy\"\/><\/p>\n<p class=\"\">MDR (kk)<\/p>\n","protected":false},"excerpt":{"rendered":"AUDIO: Dresden vor Sparkurs: H\u00f6here Geb\u00fchren, weniger Stellen, mehr Belastungen (1 Min) Kommunalfinanzen von MDR SACHSEN Stand: 03.09.2026&hellip;\n","protected":false},"author":2,"featured_media":1278348,"comment_status":"","ping_status":"","sticky":false,"template":"","format":"standard","meta":{"footnotes":"","_share_on_mastodon":"0"},"categories":[1835],"tags":[3364,29,12431,2386,98291,1721,30,1109,14,263754,859,1620,1074,1108],"class_list":["post-1278347","post","type-post","status-publish","format-standard","has-post-thumbnail","category-dresden","tag-de","tag-deutschland","tag-doppelhaushalt","tag-dresden","tag-etat","tag-finanzen","tag-germany","tag-haushalt","tag-nachrichten","tag-ob-hiloebert","tag-sachsen","tag-schulden","tag-sparen","tag-stadtrat"],"share_on_mastodon":{"url":"https:\/\/pubeurope.com\/@de\/117208035831095438","error":""},"_links":{"self":[{"href":"https:\/\/www.europesays.com\/de\/wp-json\/wp\/v2\/posts\/1278347","targetHints":{"allow":["GET"]}}],"collection":[{"href":"https:\/\/www.europesays.com\/de\/wp-json\/wp\/v2\/posts"}],"about":[{"href":"https:\/\/www.europesays.com\/de\/wp-json\/wp\/v2\/types\/post"}],"author":[{"embeddable":true,"href":"https:\/\/www.europesays.com\/de\/wp-json\/wp\/v2\/users\/2"}],"replies":[{"embeddable":true,"href":"https:\/\/www.europesays.com\/de\/wp-json\/wp\/v2\/comments?post=1278347"}],"version-history":[{"count":0,"href":"https:\/\/www.europesays.com\/de\/wp-json\/wp\/v2\/posts\/1278347\/revisions"}],"wp:featuredmedia":[{"embeddable":true,"href":"https:\/\/www.europesays.com\/de\/wp-json\/wp\/v2\/media\/1278348"}],"wp:attachment":[{"href":"https:\/\/www.europesays.com\/de\/wp-json\/wp\/v2\/media?parent=1278347"}],"wp:term":[{"taxonomy":"category","embeddable":true,"href":"https:\/\/www.europesays.com\/de\/wp-json\/wp\/v2\/categories?post=1278347"},{"taxonomy":"post_tag","embeddable":true,"href":"https:\/\/www.europesays.com\/de\/wp-json\/wp\/v2\/tags?post=1278347"}],"curies":[{"name":"wp","href":"https:\/\/api.w.org\/{rel}","templated":true}]}}