{"id":1278359,"date":"2026-09-03T16:30:30","date_gmt":"2026-09-03T16:30:30","guid":{"rendered":"https:\/\/www.europesays.com\/de\/1278359\/"},"modified":"2026-09-03T16:30:30","modified_gmt":"2026-09-03T16:30:30","slug":"gewaltvorwuerfe-gegen-jp-kraemer-fans-planen-grosses-treffen-in-dortmund","status":"publish","type":"post","link":"https:\/\/www.europesays.com\/de\/1278359\/","title":{"rendered":"Gewaltvorw\u00fcrfe gegen JP Kraemer: Fans planen gro\u00dfes Treffen in Dortmund"},"content":{"rendered":"<p>Gewaltvorw\u00fcrfe gegen Dortmunder <\/p>\n<p>Unterst\u00fctzer organisieren sich f\u00fcr JP Kraemer<\/p>\n<p>03.09.2026 &#8211; 17:05 UhrLesedauer: 3 Min.<\/p>\n<p><a href=\"#focus-0\" class=\"transition-colors block text-current relative\" data-sctrack=\"FocusGalleryImage.Reference\"><img fetchpriority=\"high\" data-testid=\"Opener.Image\"   loading=\"eager\" src=\"https:\/\/www.europesays.com\/de\/wp-content\/uploads\/2026\/09\/jp-kraemer-auf-instagram-folgen-ihm-fast-1-5-millionen-menschen.jpg\" alt=\"JP Kraemer: Auf Instagram folgen ihm fast 1,5 Millionen Menschen.\" title=\"JP Kraemer: Auf Instagram folgen ihm fast 1,5 Millionen Menschen.\" width=\"3349\" height=\"1883\" class=\"bg-[url:var(--lqipURL)] bg-cover bg-center flex h-full w-full max-w-full\" style=\"--lqipURL:url('https:\/\/images.t-online.de\/2026\/08\/3oYle0stggYz\/706x994:3349x1883\/fit-in\/150x0\/filters:blur(25)\/jp-kraemer-auf-instagram-folgen-ihm-fast-1-5-millionen-menschen.jpg')\" decoding=\"async\"\/><img loading=\"lazy\" src=\"https:\/\/dortmund.t-online.de\/s\/paper\/_next\/static\/media\/zoom-in.f7dae02f.svg\" alt=\"Vergr\u00f6\u00dfern des Bildes\" title=\"Vergr\u00f6\u00dfern des Bildes\" class=\"block h-[calc(var(--height)_\/_16_*_1rem)] w-[calc(var(--width)_\/_16_*_1rem)] max-w-none absolute right-8 bottom-8 rounded-4 bg-snow p-8\" style=\"--width:32;--height:32\" decoding=\"async\"\/><\/a><\/p>\n<p>JP Kraemer am Lenkrad (Archivbild): Auf Instagram folgen dem Tuning-Unternehmer fast 1,5 Millionen Menschen. (Quelle: IMAGO\/Gruppe C Photography)<\/p>\n<p><img loading=\"lazy\" src=\"https:\/\/dortmund.t-online.de\/s\/paper\/_next\/static\/media\/audio-volume.6689034c.svg\" alt=\"\" title=\"\" class=\"block h-[calc(var(--height)_\/_16_*_1rem)] w-[calc(var(--width)_\/_16_*_1rem)] max-w-none group-hover:brightness-0 group-hover:invert\" style=\"--width:16;--height:16\" decoding=\"async\"\/>Vorlesen<\/p>\n<p>Aktuelle Zeit:0:00Gesamtdauer:0:00<\/p>\n<p>1x<img loading=\"lazy\" src=\"https:\/\/dortmund.t-online.de\/s\/paper\/_next\/static\/media\/font-sizes.32942e33.svg\" alt=\"\" title=\"\" class=\"block h-[calc(var(--height)_\/_16_*_1rem)] w-[calc(var(--width)_\/_16_*_1rem)] max-w-none group-hover:hidden group-aria-expanded:hidden\" style=\"--width:16;--height:16\" decoding=\"async\"\/><img loading=\"lazy\" src=\"https:\/\/dortmund.t-online.de\/s\/paper\/_next\/static\/media\/font-sizes-dark-mode.e382645c.svg\" alt=\"\" title=\"\" class=\"block h-[calc(var(--height)_\/_16_*_1rem)] w-[calc(var(--width)_\/_16_*_1rem)] max-w-none hidden group-hover:block group-aria-expanded:block\" style=\"--width:16;--height:16\" decoding=\"async\"\/><img loading=\"lazy\" src=\"https:\/\/dortmund.t-online.de\/s\/paper\/_next\/static\/media\/sharing-menu-icon.1eb71368.svg\" alt=\"\" title=\"\" class=\"block h-[calc(var(--height)_\/_16_*_1rem)] w-[calc(var(--width)_\/_16_*_1rem)] max-w-none group-hover:brightness-0 group-hover:invert\" style=\"--width:16;--height:16\" decoding=\"async\"\/>Artikel teilen<\/p>\n<p class=\"font-bold text-18 leading-17 user-text-lg:text-22 user-text-xl:text-24\">Mehr als 1.000 Menschen organisieren sich derzeit in sozialen Netzwerken f\u00fcr ein Treffen f\u00fcr JP Kraemer. Eine Auskunft der Dortmunder Polizei dazu \u00fcberrascht.<\/p>\n<p class=\"text-18 leading-17 user-text-lg:text-22 user-text-xl:text-24\">Nach bekannt gewordenen Gewaltvorw\u00fcrfen gegen den Dortmunder Tuning-Unternehmer JP Kraemer organisieren sich Unterst\u00fctzer f\u00fcr ein Treffen f\u00fcr den Dortmunder YouTuber . <a href=\"https:\/\/www.t-online.de\/unterhaltung\/stars\/id_101412742\/youtuber-und-tv-moderator-jp-kraemer-gibt-haeusliche-gewalt-zu.html\" class=\"transition-colors cursor-pointer no-underline md:hover:text-magenta md:focus:text-magenta border-b border-solid border-current text-salemsfur md:hover:border-magenta\" data-tracking=\"{&quot;action&quot;:&quot;click&quot;,&quot;category&quot;:&quot;intextLink&quot;,&quot;label&quot;:&quot;https:\/\/www.t-online.de\/unterhaltung\/stars\/id_101412742\/youtuber-und-tv-moderator-jp-kraemer-gibt-haeusliche-gewalt-zu.html&quot;}\" data-sctrack=\"BodyAnchor\" rel=\"nofollow noopener\" target=\"_blank\">Kraemer hatte zuletzt k\u00f6rperliche \u00dcbergriffe gegen seine Noch-Ehefrau Julia Meck einger\u00e4umt<\/a>. Die Vorw\u00fcrfe und seine anschlie\u00dfende Ank\u00fcndigung, sich aus seinen Unternehmen zur\u00fcckzuziehen, haben in seiner gro\u00dfen Online-Community zum Teil heftige Reaktionen ausgel\u00f6st.<\/p>\n<p class=\"text-18 leading-17 user-text-lg:text-22 user-text-xl:text-24\">F\u00fcr Samstag, 5. September, 12 Uhr, wird nun in einer \u00f6ffentlichen WhatsApp-Community zu einem Treffen vor den Geb\u00e4uden von JP Performance in Dortmund aufgerufen. Allein eine Informationsgruppe z\u00e4hlt mehr als 1.000 Mitglieder, in einer weiteren Gruppe organisieren mehr als 800 Menschen Kolonnenfahrten und Mitfahrgelegenheiten.<\/p>\n<p class=\"text-18 leading-17 user-text-lg:text-22 user-text-xl:text-24\">Ein Organisator der Community spricht jedoch von einem &#8222;gro\u00dfen Event&#8220; und dem &#8222;letzten Tanz&#8220;. Zugleich betont er: &#8222;Eine Veranstaltung ist es ja nicht, sondern jeder kommt, wie er kann.&#8220;<\/p>\n<p>Organisator spricht von bis zu 10.000 Menschen<\/p>\n<p class=\"text-18 leading-17 user-text-lg:text-22 user-text-xl:text-24\">Nach Angaben des Organisators k\u00f6nnte die Zusammenkunft sehr gro\u00df werden. Die Polizei Dortmund gehe von 5.000 bis 10.000 Menschen aus, behauptet er. Das sei ihm so &#8222;herangetragen&#8220; worden.<\/p>\n<p class=\"text-18 leading-17 user-text-lg:text-22 user-text-xl:text-24\">Auf Nachfrage der t-online-Redaktion best\u00e4tigte das Polizeipr\u00e4sidium Dortmund die Angaben jedoch nicht, sondern teilte lediglich mit: &#8222;Der Polizei Dortmund liegt keine entsprechende Versammlungsanmeldung vor.&#8220; In der WhatsApp-Gruppe kursieren sogar noch h\u00f6here Zahlen: Ein Teilnehmer behauptet dort, die Polizei gehe von 15.000 bis 20.000 Menschen aus.<\/p>\n<ul class=\"text-18 leading-17 block pl-24 *:pb-16 *:before:inline-block *:before:size-8 *:before:bg-magenta *:before:mt-0 *:before:mr-12 *:before:mb-2 *:before:-ml-[20px]\">\n<li><strong class=\"font-bold\">&#8222;T\u00e4ter sch\u00fctzen T\u00e4ter&#8220;:<\/strong> <a href=\"https:\/\/www.t-online.de\/digital\/kolumne-nicole-diekmann\/id_101415418\/kommentare-in-den-sozialen-medien-zu-jp-kraemer-taeter-schuetzen-taeter.html\" class=\"transition-colors cursor-pointer no-underline md:hover:text-magenta md:focus:text-magenta border-b border-solid border-current text-salemsfur md:hover:border-magenta\" data-tracking=\"{&quot;action&quot;:&quot;click&quot;,&quot;category&quot;:&quot;intextLink&quot;,&quot;label&quot;:&quot;https:\/\/www.t-online.de\/digital\/kolumne-nicole-diekmann\/id_101415418\/kommentare-in-den-sozialen-medien-zu-jp-kraemer-taeter-schuetzen-taeter.html&quot;}\" data-sctrack=\"BodyAnchor\" rel=\"nofollow noopener\" target=\"_blank\">Nicole Diekmann \u00fcber die Reaktionen zu JP Kraemer im Netz<\/a><\/li>\n<li><strong class=\"font-bold\">Widerspr\u00fcche:<\/strong> <a href=\"https:\/\/dortmund.t-online.de\/region\/dortmund\/id_101418502\/jp-kraemer-dortmunder-tuner-gibt-luege-zum-tod-seiner-mutter-zu.html\" class=\"transition-colors cursor-pointer no-underline md:hover:text-magenta md:focus:text-magenta border-b border-solid border-current text-salemsfur md:hover:border-magenta\" data-tracking=\"{&quot;action&quot;:&quot;click&quot;,&quot;category&quot;:&quot;intextLink&quot;,&quot;label&quot;:&quot;\/region\/dortmund\/id_101418502\/jp-kraemer-dortmunder-tuner-gibt-luege-zum-tod-seiner-mutter-zu.html&quot;}\" data-sctrack=\"BodyAnchor\" rel=\"nofollow noopener\" target=\"_blank\">JP Kraemer gibt L\u00fcge \u00fcber Tod seiner Mutter zu<\/a><\/li>\n<\/ul>\n<p class=\"text-18 leading-17 user-text-lg:text-22 user-text-xl:text-24\">\u00d6ffentliche Versammlungen unter freiem Himmel m\u00fcssen in Nordrhein-Westfalen grunds\u00e4tzlich vorab angezeigt werden. Ob das JP-Treffen versammlungsrechtlich als solche einzustufen ist, hat die Polizei auf Anfrage nicht beantwortet. Das Gesetz stellt dabei auf den Zweck einer Zusammenkunft ab.<\/p>\n<p>Reaktion auf JP Kraemer: &#8222;Es gibt immer zwei Seiten&#8220;<\/p>\n<p class=\"text-18 leading-17 user-text-lg:text-22 user-text-xl:text-24\">Die Unterst\u00fctzer wollen Kraemer nach eigenen Angaben vor allem f\u00fcr die vergangenen Jahre danken. Der Organisator spricht davon, ihm &#8222;noch ein bisschen Liebe&#8220;, Mut und Hoffnung mitzugeben. Die Teilnehmer ruft er dazu auf, nicht zu rasen, keine Burnouts oder Donuts zu fahren und sich friedlich zu verhalten.<\/p>\n<p class=\"text-18 leading-17 user-text-lg:text-22 user-text-xl:text-24\">Auch Influencerin Chiara Mich\u00e8lle, die das Treffen mitorganisiert, \u00e4u\u00dfert sich in einer Sprachnachricht zu den Gewaltvorw\u00fcrfen gegen Kraemer. Zun\u00e4chst nennt sie die dokumentierten \u00dcbergriffe &#8222;absolut nicht in Ordnung&#8220;. Dann schr\u00e4nkt sie ein: &#8222;Es gibt immer zwei Seiten.&#8220; Man wisse nicht, &#8222;wie die ganze Hinterstory da ist&#8220; und was beide vor den \u00dcbergriffen gesagt h\u00e4tten. Sp\u00e4ter spekuliert sie, weshalb Julia Meck Kraemer trotz der Vorw\u00fcrfe geheiratet habe.<\/p>\n<p>Im Video | Abschied: JP Kraemer bricht in Tr\u00e4nen aus<\/p>\n<p><img loading=\"lazy\" src=\"https:\/\/dortmund.t-online.de\/s\/paper\/_next\/static\/media\/loading-indicator-magenta.1f35d8de.svg\" alt=\"Video l\u00e4dt\" title=\"Video l\u00e4dt\" class=\"block h-[calc(var(--height)_\/_16_*_1rem)] w-[calc(var(--width)_\/_16_*_1rem)] max-w-none undefined\" style=\"--width:32;--height:32\" decoding=\"async\"\/>Player wird geladenQuelle: Social Media<\/p>\n","protected":false},"excerpt":{"rendered":"Gewaltvorw\u00fcrfe gegen Dortmunder Unterst\u00fctzer organisieren sich f\u00fcr JP Kraemer 03.09.2026 &#8211; 17:05 UhrLesedauer: 3 Min. JP Kraemer am&hellip;\n","protected":false},"author":2,"featured_media":1278360,"comment_status":"","ping_status":"","sticky":false,"template":"","format":"standard","meta":{"footnotes":"","_share_on_mastodon":"0"},"categories":[1833],"tags":[722,3364,29,217,30,152,263008,263759,1209,121,226],"class_list":["post-1278359","post","type-post","status-publish","format-standard","has-post-thumbnail","category-dortmund","tag-722","tag-de","tag-deutschland","tag-dortmund","tag-germany","tag-instagram","tag-julia-meck","tag-julia-meck-kraemer","tag-nordrhein-westfalen","tag-polizei","tag-t-online"],"share_on_mastodon":{"url":"","error":""},"_links":{"self":[{"href":"https:\/\/www.europesays.com\/de\/wp-json\/wp\/v2\/posts\/1278359","targetHints":{"allow":["GET"]}}],"collection":[{"href":"https:\/\/www.europesays.com\/de\/wp-json\/wp\/v2\/posts"}],"about":[{"href":"https:\/\/www.europesays.com\/de\/wp-json\/wp\/v2\/types\/post"}],"author":[{"embeddable":true,"href":"https:\/\/www.europesays.com\/de\/wp-json\/wp\/v2\/users\/2"}],"replies":[{"embeddable":true,"href":"https:\/\/www.europesays.com\/de\/wp-json\/wp\/v2\/comments?post=1278359"}],"version-history":[{"count":0,"href":"https:\/\/www.europesays.com\/de\/wp-json\/wp\/v2\/posts\/1278359\/revisions"}],"wp:featuredmedia":[{"embeddable":true,"href":"https:\/\/www.europesays.com\/de\/wp-json\/wp\/v2\/media\/1278360"}],"wp:attachment":[{"href":"https:\/\/www.europesays.com\/de\/wp-json\/wp\/v2\/media?parent=1278359"}],"wp:term":[{"taxonomy":"category","embeddable":true,"href":"https:\/\/www.europesays.com\/de\/wp-json\/wp\/v2\/categories?post=1278359"},{"taxonomy":"post_tag","embeddable":true,"href":"https:\/\/www.europesays.com\/de\/wp-json\/wp\/v2\/tags?post=1278359"}],"curies":[{"name":"wp","href":"https:\/\/api.w.org\/{rel}","templated":true}]}}