{"id":1278369,"date":"2026-09-03T16:36:44","date_gmt":"2026-09-03T16:36:44","guid":{"rendered":"https:\/\/www.europesays.com\/de\/1278369\/"},"modified":"2026-09-03T16:36:44","modified_gmt":"2026-09-03T16:36:44","slug":"bpoli-s-person-im-gleis-triebfahrzeugfuehrer-leitet-schnellbremsung-ein","status":"publish","type":"post","link":"https:\/\/www.europesays.com\/de\/1278369\/","title":{"rendered":"BPOLI S: Person im Gleis &#8211; Triebfahrzeugf\u00fchrer leitet Schnellbremsung ein"},"content":{"rendered":"<p class=\"date\">03.09.2026 \u2013 13:12<\/p>\n<p class=\"customer\">\n                        <a class=\"story-customer\" title=\"weiter zum newsroom von Bundespolizeiinspektion Stuttgart\" href=\"https:\/\/www.presseportal.de\/blaulicht\/nr\/116091\" rel=\"nofollow noopener\" target=\"_blank\">Bundespolizeiinspektion Stuttgart<\/a>\n                    <\/p>\n<p><a data-category=\"citylink-story-view\" data-action=\"click\" data-label=\"Citylink in Meldungsansicht\" class=\"story-city event-trigger\" href=\"https:\/\/www.presseportal.de\/regional\/Korntal\" title=\"News aus Korntal \" rel=\"nofollow noopener\" target=\"_blank\">Korntal<\/a> (ots)<\/p>\n<p>Am Mittwochnachmittag (02.09.2026) kam es auf der Bahnstrecke zwischen Korntal und Neuwirtshaus zu einem gef\u00e4hrlichen Eingriff in den Bahnverkehr.<br \/>\nErsten Erkenntnissen zufolge, befand sich gegen 15:00 Uhr eine bislang unbekannte Person im Gleisbereich. Der Triebfahrzeugf\u00fchrer eines herannahenden Zuges erkannte die Person und leitete bei einer Geschwindigkeit von rund 90 km\/h eine Schnellbremsung ein. Verletzt wurde nach bisherigem Kenntnisstand niemand.<br \/>\nNach dem Stillstand des Zuges befand sich die unbekannte Person weiterhin im Gleisbereich. Zwischen dem Triebfahrzeugf\u00fchrer und der Person kam es zun\u00e4chst zu einem kurzen Gespr\u00e4ch. Anschlie\u00dfend entfernte sich die Person aus dem Gleisbereich und fl\u00fcchtete in Richtung Neuwirtshaus. Eine eingeleitete Fahndung verlief ohne Erfolg.<br \/>\nKurze Zeit sp\u00e4ter soll sich erneut eine unbekannte Person in den Gleisbereich begeben haben, diesmal auf der Strecke zwischen Korntal und Ditzingen. Ob es sich um dieselbe Person handelte ist unklar. Zu einer weiteren Schnellbremsung kam es nach derzeitigem Kenntnisstand nicht.<br \/>\nDie Bundespolizei hat die Ermittlungen wegen des Verdachts des gef\u00e4hrlichen Eingriffs in den Bahnverkehr aufgenommen.<br \/>\nZeuginnen und Zeugen, die die unbekannte Person im Gleisbereich festgestellt oder den Vorfall beobachtet haben, werden gebeten, sich bei der Bundespolizeiinspektion Stuttgart unter der Telefonnummer 0711 55049-1020 oder per E-Mail an <a href=\"https:\/\/www.presseportal.de\/blaulicht\/pm\/116091\/mailto:bpoli.stuttgart.oea@polizei.bund.de\" class=\"uri-mailto\" rel=\"nofollow noopener\" target=\"_blank\">bpoli.stuttgart.oea@polizei.bund.de<\/a> zu melden.<\/p>\n<p class=\"contact-headline\">R\u00fcckfragen bitte an:<\/p>\n<p class=\"contact-text\">Bundespolizeiinspektion Stuttgart<br \/>Pressestelle<br \/>Janna K\u00fcntzle<br \/>Telefon: 0711 \/ 55049 &#8211; 1051<br \/>E-Mail: <a href=\"https:\/\/www.presseportal.de\/blaulicht\/pm\/116091\/mailto:bpoli.stuttgart.oea@polizei.bund.de\" class=\"uri-mailto\" rel=\"nofollow noopener\" target=\"_blank\">bpoli.stuttgart.oea@polizei.bund.de<\/a><br \/><a target=\"_blank\" class=\"uri-ext outbound\" rel=\"noopener nofollow\" href=\"https:\/\/www.bundespolizei.de\">www.bundespolizei.de<\/a><br \/><a target=\"_blank\" class=\"uri-ext outbound\" rel=\"noopener nofollow\" href=\"http:\/\/www.twitter.com\/bpol_bw\">http:\/\/www.twitter.com\/bpol_bw<\/a><\/p>\n<p class=\"originator\">Original-Content von: Bundespolizeiinspektion Stuttgart, \u00fcbermittelt durch news aktuell<\/p>\n<p>            <script async src=\"https:\/\/platform.twitter.com\/widgets.js\" charset=\"utf-8\"><\/script><\/p>\n","protected":false},"excerpt":{"rendered":"03.09.2026 \u2013 13:12 Bundespolizeiinspektion Stuttgart Korntal (ots) Am Mittwochnachmittag (02.09.2026) kam es auf der Bahnstrecke zwischen Korntal und&hellip;\n","protected":false},"author":2,"featured_media":1266941,"comment_status":"","ping_status":"","sticky":false,"template":"","format":"standard","meta":{"footnotes":"","_share_on_mastodon":"0"},"categories":[1830],"tags":[1634,6187,3364,29,30,177,121,178,180,179,181,1441],"class_list":["post-1278369","post","type-post","status-publish","format-standard","has-post-thumbnail","category-stuttgart","tag-baden-wuerttemberg","tag-bw","tag-de","tag-deutschland","tag-germany","tag-kriminalitt","tag-polizei","tag-presse","tag-pressemeldung","tag-pressemitteilung","tag-pressemitteilungen","tag-stuttgart"],"share_on_mastodon":{"url":"https:\/\/pubeurope.com\/@de\/117208087758341086","error":""},"_links":{"self":[{"href":"https:\/\/www.europesays.com\/de\/wp-json\/wp\/v2\/posts\/1278369","targetHints":{"allow":["GET"]}}],"collection":[{"href":"https:\/\/www.europesays.com\/de\/wp-json\/wp\/v2\/posts"}],"about":[{"href":"https:\/\/www.europesays.com\/de\/wp-json\/wp\/v2\/types\/post"}],"author":[{"embeddable":true,"href":"https:\/\/www.europesays.com\/de\/wp-json\/wp\/v2\/users\/2"}],"replies":[{"embeddable":true,"href":"https:\/\/www.europesays.com\/de\/wp-json\/wp\/v2\/comments?post=1278369"}],"version-history":[{"count":0,"href":"https:\/\/www.europesays.com\/de\/wp-json\/wp\/v2\/posts\/1278369\/revisions"}],"wp:featuredmedia":[{"embeddable":true,"href":"https:\/\/www.europesays.com\/de\/wp-json\/wp\/v2\/media\/1266941"}],"wp:attachment":[{"href":"https:\/\/www.europesays.com\/de\/wp-json\/wp\/v2\/media?parent=1278369"}],"wp:term":[{"taxonomy":"category","embeddable":true,"href":"https:\/\/www.europesays.com\/de\/wp-json\/wp\/v2\/categories?post=1278369"},{"taxonomy":"post_tag","embeddable":true,"href":"https:\/\/www.europesays.com\/de\/wp-json\/wp\/v2\/tags?post=1278369"}],"curies":[{"name":"wp","href":"https:\/\/api.w.org\/{rel}","templated":true}]}}