{"id":1278390,"date":"2026-09-03T16:50:18","date_gmt":"2026-09-03T16:50:18","guid":{"rendered":"https:\/\/www.europesays.com\/de\/1278390\/"},"modified":"2026-09-03T16:50:18","modified_gmt":"2026-09-03T16:50:18","slug":"mutmasslicher-cannabis-handel-berliner-polizei-findet-neun-scharfe-schusswaffen-bei-drogenkontrolle","status":"publish","type":"post","link":"https:\/\/www.europesays.com\/de\/1278390\/","title":{"rendered":"Mutma\u00dflicher Cannabis-Handel: Berliner Polizei findet neun scharfe Schusswaffen bei Drogenkontrolle"},"content":{"rendered":"<p class=\"tspBOmb tspBOmc\">Die Polizei hat bei einer Kontrolle im Zusammenhang mit Drogenhandel in Berlin insgesamt neun scharfe Schusswaffen gefunden. Ein 38 Jahre alter Mann sei vorl\u00e4ufig festgenommen worden, teilte die Polizei mit. Zuvor hatten Beamte in Zivil einen mutma\u00dflichen Cannabis-Drogenhandel in Gropiusstadt beobachtet und waren dem Tatverd\u00e4chtigen und seinem Transporter gefolgt.\u00a0<\/p>\n<p>Mehr aktuelle Nachrichten aus Berlin:<a href=\"https:\/\/www.tagesspiegel.de\/berlin\/bezirke\/spandau\/kiezmeile-im-berliner-westen-jetzt-wird-endlich-auch-der-metzer-platz-saniert--doch-was-passiert-mit-dem-wc-16014518.html?icid=topic-list_16014785___\" data-gtm-class=\"article-mzt-link\" data-hydrate-fingerprint=\"09740a54944caac75fd2c0c63fd5c5df\" data-hydrate-props=\"{&amp;escapedquot;element&amp;escapedquot;:{&amp;escapedquot;type&amp;escapedquot;:&amp;escapedquot;relatedContent&amp;escapedquot;,&amp;escapedquot;fieldMap&amp;escapedquot;:{},&amp;escapedquot;relation&amp;escapedquot;:{&amp;escapedquot;fields&amp;escapedquot;:{&amp;escapedquot;isPaid&amp;escapedquot;:null},&amp;escapedquot;href&amp;escapedquot;:&amp;escapedquot;\/berlin\/bezirke\/spandau\/kiezmeile-im-berliner-westen-jetzt-wird-endlich-auch-der-metzer-platz-saniert--doch-was-passiert-mit-dem-wc-16014518.html&amp;escapedquot;,&amp;escapedquot;teaserTitle&amp;escapedquot;:{&amp;escapedquot;kicker&amp;escapedquot;:&amp;escapedquot;Kiezmeile im Berliner Westen&amp;escapedquot;,&amp;escapedquot;headline&amp;escapedquot;:&amp;escapedquot;Jetzt wird endlich auch der Metzer Platz saniert\u00a0\u2013 doch was passiert mit dem WC?&amp;escapedquot;},&amp;escapedquot;id&amp;escapedquot;:&amp;escapedquot;16014518&amp;escapedquot;,&amp;escapedquot;type&amp;escapedquot;:&amp;escapedquot;story&amp;escapedquot;},&amp;escapedquot;isPartOfList&amp;escapedquot;:true,&amp;escapedquot;topicListType&amp;escapedquot;:&amp;escapedquot;topic-list&amp;escapedquot;},&amp;escapedquot;showArrow&amp;escapedquot;:true}\" data-hydrate-slots=\"{&#039;default&#039;:[]}\" class=\"tspDCr5 tspCWqd\" rel=\"nofollow noopener\" target=\"_blank\">Kiezmeile im Berliner Westen Jetzt wird endlich auch der Metzer Platz saniert\u00a0\u2013 doch was passiert mit dem WC? <\/a><a href=\"https:\/\/www.tagesspiegel.de\/berlin\/dpa-fur-das-quartier-206-steht-der-nachste-verkaufstermin-fest-16013615.html?icid=topic-list_16014785___\" data-gtm-class=\"article-mzt-link\" data-hydrate-fingerprint=\"09740a54944caac75fd2c0c63fd5c5df\" data-hydrate-props=\"{&amp;escapedquot;element&amp;escapedquot;:{&amp;escapedquot;type&amp;escapedquot;:&amp;escapedquot;relatedContent&amp;escapedquot;,&amp;escapedquot;fieldMap&amp;escapedquot;:{},&amp;escapedquot;relation&amp;escapedquot;:{&amp;escapedquot;fields&amp;escapedquot;:{&amp;escapedquot;isPaid&amp;escapedquot;:null},&amp;escapedquot;href&amp;escapedquot;:&amp;escapedquot;\/berlin\/dpa-fur-das-quartier-206-steht-der-nachste-verkaufstermin-fest-16013615.html&amp;escapedquot;,&amp;escapedquot;teaserTitle&amp;escapedquot;:{&amp;escapedquot;kicker&amp;escapedquot;:&amp;escapedquot;Zweiter Anlauf in der Berliner Friedrichstra\u00dfe&amp;escapedquot;,&amp;escapedquot;headline&amp;escapedquot;:&amp;escapedquot;F\u00fcr das Quartier 206 steht der n\u00e4chste Verkaufstermin fest&amp;escapedquot;},&amp;escapedquot;id&amp;escapedquot;:&amp;escapedquot;16013615&amp;escapedquot;,&amp;escapedquot;type&amp;escapedquot;:&amp;escapedquot;story&amp;escapedquot;},&amp;escapedquot;isPartOfList&amp;escapedquot;:true,&amp;escapedquot;topicListType&amp;escapedquot;:&amp;escapedquot;topic-list&amp;escapedquot;},&amp;escapedquot;showArrow&amp;escapedquot;:true}\" data-hydrate-slots=\"{&#039;default&#039;:[]}\" class=\"tspDCr5 tspCWqd\" rel=\"nofollow noopener\" target=\"_blank\">Zweiter Anlauf in der Berliner Friedrichstra\u00dfe F\u00fcr das Quartier 206 steht der n\u00e4chste Verkaufstermin fest <\/a><a href=\"https:\/\/www.tagesspiegel.de\/berlin\/dpa-ermittler-sind-sicher-holt-wieder-zu-fassen-16013418.html?icid=topic-list_16014785___\" data-gtm-class=\"article-mzt-link\" data-hydrate-fingerprint=\"09740a54944caac75fd2c0c63fd5c5df\" data-hydrate-props=\"{&amp;escapedquot;element&amp;escapedquot;:{&amp;escapedquot;type&amp;escapedquot;:&amp;escapedquot;relatedContent&amp;escapedquot;,&amp;escapedquot;fieldMap&amp;escapedquot;:{},&amp;escapedquot;relation&amp;escapedquot;:{&amp;escapedquot;fields&amp;escapedquot;:{&amp;escapedquot;isPaid&amp;escapedquot;:null},&amp;escapedquot;href&amp;escapedquot;:&amp;escapedquot;\/berlin\/dpa-ermittler-sind-sicher-holt-wieder-zu-fassen-16013418.html&amp;escapedquot;,&amp;escapedquot;teaserTitle&amp;escapedquot;:{&amp;escapedquot;kicker&amp;escapedquot;:&amp;escapedquot;\u201eWindkraft-Schwindler\u201c floh aus Berliner JVA&amp;escapedquot;,&amp;escapedquot;headline&amp;escapedquot;:&amp;escapedquot;Ermittler sind sicher, Holt wieder zu fassen&amp;escapedquot;},&amp;escapedquot;id&amp;escapedquot;:&amp;escapedquot;16013418&amp;escapedquot;,&amp;escapedquot;type&amp;escapedquot;:&amp;escapedquot;story&amp;escapedquot;},&amp;escapedquot;isPartOfList&amp;escapedquot;:true,&amp;escapedquot;topicListType&amp;escapedquot;:&amp;escapedquot;topic-list&amp;escapedquot;},&amp;escapedquot;showArrow&amp;escapedquot;:true}\" data-hydrate-slots=\"{&#039;default&#039;:[]}\" class=\"tspDCr5 tspCWqd\" rel=\"nofollow noopener\" target=\"_blank\">\u201eWindkraft-Schwindler\u201c floh aus Berliner JVA Ermittler sind sicher, Holt wieder zu fassen <\/a> Sechs Schusswaffen in einer Kleingartenanlage <\/p>\n<p class=\"tspBOmb\">Bei der Kontrolle leistete der Mann den Angaben zufolge Widerstand und versuchte demnach, nach einer Tasche im Transporter zu greifen. Die Beamten fixierten den Verd\u00e4chtigen, bei der folgenden Durchsuchung fanden sie im Fahrzeug unter anderem drei scharfe Schusswaffen und Munition. Sp\u00e4ter stellte die Polizei sechs weitere Schusswaffen in einer Kleingartenanlage sicher, die in Verbindung zu dem 38-J\u00e4hrigen stehe. Der Verd\u00e4chtige soll einem Haftrichter vorgef\u00fchrt werden. (dpa)<\/p>\n","protected":false},"excerpt":{"rendered":"Die Polizei hat bei einer Kontrolle im Zusammenhang mit Drogenhandel in Berlin insgesamt neun scharfe Schusswaffen gefunden. Ein&hellip;\n","protected":false},"author":2,"featured_media":1278391,"comment_status":"","ping_status":"","sticky":false,"template":"","format":"standard","meta":{"footnotes":"","_share_on_mastodon":"0"},"categories":[1825],"tags":[1941,1939,296,1937,652,29,30,1940,526,1938,5917],"class_list":["post-1278390","post","type-post","status-publish","format-standard","has-post-thumbnail","category-berlin","tag-aktuelle-nachrichten-aus-berlin","tag-aktuelle-news-aus-berlin","tag-berlin","tag-berlin-news","tag-cannabis","tag-deutschland","tag-germany","tag-nachrichten-aus-berlin","tag-neukoelln","tag-news-aus-berlin","tag-treptow-koepenick"],"share_on_mastodon":{"url":"https:\/\/pubeurope.com\/@de\/117208142866984503","error":""},"_links":{"self":[{"href":"https:\/\/www.europesays.com\/de\/wp-json\/wp\/v2\/posts\/1278390","targetHints":{"allow":["GET"]}}],"collection":[{"href":"https:\/\/www.europesays.com\/de\/wp-json\/wp\/v2\/posts"}],"about":[{"href":"https:\/\/www.europesays.com\/de\/wp-json\/wp\/v2\/types\/post"}],"author":[{"embeddable":true,"href":"https:\/\/www.europesays.com\/de\/wp-json\/wp\/v2\/users\/2"}],"replies":[{"embeddable":true,"href":"https:\/\/www.europesays.com\/de\/wp-json\/wp\/v2\/comments?post=1278390"}],"version-history":[{"count":0,"href":"https:\/\/www.europesays.com\/de\/wp-json\/wp\/v2\/posts\/1278390\/revisions"}],"wp:featuredmedia":[{"embeddable":true,"href":"https:\/\/www.europesays.com\/de\/wp-json\/wp\/v2\/media\/1278391"}],"wp:attachment":[{"href":"https:\/\/www.europesays.com\/de\/wp-json\/wp\/v2\/media?parent=1278390"}],"wp:term":[{"taxonomy":"category","embeddable":true,"href":"https:\/\/www.europesays.com\/de\/wp-json\/wp\/v2\/categories?post=1278390"},{"taxonomy":"post_tag","embeddable":true,"href":"https:\/\/www.europesays.com\/de\/wp-json\/wp\/v2\/tags?post=1278390"}],"curies":[{"name":"wp","href":"https:\/\/api.w.org\/{rel}","templated":true}]}}