{"id":1278394,"date":"2026-09-03T16:52:19","date_gmt":"2026-09-03T16:52:19","guid":{"rendered":"https:\/\/www.europesays.com\/de\/1278394\/"},"modified":"2026-09-03T16:52:19","modified_gmt":"2026-09-03T16:52:19","slug":"verschollener-druck-von-1594-kehrt-in-staatsbibliothek-berlin-zurueck","status":"publish","type":"post","link":"https:\/\/www.europesays.com\/de\/1278394\/","title":{"rendered":"Verschollener Druck von 1594 kehrt in Staatsbibliothek Berlin zur\u00fcck"},"content":{"rendered":"<p>Nach einem \u00fcberraschenden Fund in einem Sozialkaufhaus ist ein historischer Druck von 1594 nach mehr als 80 Jahren in die Staatsbibliothek zu Berlin zur\u00fcckgekehrt. Das Werk &#8222;Pauli Sententiae&#8220; ist in Fl\u00f6rsheim bei Frankfurt am Main zwischen anderen B\u00fcchern einer Spende entdeckt worden, wie Heike Rosa vom Sozialkaufhaus \u201eTisch und Teller\u201c dem epd sagte. Demnach war der wertvolle Druck eines sp\u00e4tantiken Rechtsbuchs seit dem Zweiten Weltkrieg verschollen. Nach intensiver Recherche sei er aber innerhalb von zwei Wochen wieder an seinem rechtm\u00e4\u00dfigen Platz angekommen, hie\u00df es. Laut Rosa gab es in dem Buch den Stempel der K\u00f6niglichen Bibliothek zu Erfurt. Diese gab an, dass es 1908 nach Berlin verkauft worden war. Im Zweiten Weltkriegs sei es vermutlich nach Hessen in das Kalibergwerk Hattorf ausgelagert worden &#8211; wo es dann abhandengekommen war. Der nun zur\u00fcckgekehrte Band wurde 1594 in N\u00fcrnberg gedruckt und von dem niederl\u00e4ndischen Humanisten, Juristen und Hochschullehrer Conradus Rittershusius herausgegeben.<\/p>\n","protected":false},"excerpt":{"rendered":"Nach einem \u00fcberraschenden Fund in einem Sozialkaufhaus ist ein historischer Druck von 1594 nach mehr als 80 Jahren&hellip;\n","protected":false},"author":2,"featured_media":1278395,"comment_status":"","ping_status":"","sticky":false,"template":"","format":"standard","meta":{"footnotes":"","_share_on_mastodon":"0"},"categories":[1825],"tags":[296,29,30],"class_list":["post-1278394","post","type-post","status-publish","format-standard","has-post-thumbnail","category-berlin","tag-berlin","tag-deutschland","tag-germany"],"share_on_mastodon":{"url":"https:\/\/pubeurope.com\/@de\/117208150480106696","error":""},"_links":{"self":[{"href":"https:\/\/www.europesays.com\/de\/wp-json\/wp\/v2\/posts\/1278394","targetHints":{"allow":["GET"]}}],"collection":[{"href":"https:\/\/www.europesays.com\/de\/wp-json\/wp\/v2\/posts"}],"about":[{"href":"https:\/\/www.europesays.com\/de\/wp-json\/wp\/v2\/types\/post"}],"author":[{"embeddable":true,"href":"https:\/\/www.europesays.com\/de\/wp-json\/wp\/v2\/users\/2"}],"replies":[{"embeddable":true,"href":"https:\/\/www.europesays.com\/de\/wp-json\/wp\/v2\/comments?post=1278394"}],"version-history":[{"count":0,"href":"https:\/\/www.europesays.com\/de\/wp-json\/wp\/v2\/posts\/1278394\/revisions"}],"wp:featuredmedia":[{"embeddable":true,"href":"https:\/\/www.europesays.com\/de\/wp-json\/wp\/v2\/media\/1278395"}],"wp:attachment":[{"href":"https:\/\/www.europesays.com\/de\/wp-json\/wp\/v2\/media?parent=1278394"}],"wp:term":[{"taxonomy":"category","embeddable":true,"href":"https:\/\/www.europesays.com\/de\/wp-json\/wp\/v2\/categories?post=1278394"},{"taxonomy":"post_tag","embeddable":true,"href":"https:\/\/www.europesays.com\/de\/wp-json\/wp\/v2\/tags?post=1278394"}],"curies":[{"name":"wp","href":"https:\/\/api.w.org\/{rel}","templated":true}]}}