{"id":1278402,"date":"2026-09-03T16:57:17","date_gmt":"2026-09-03T16:57:17","guid":{"rendered":"https:\/\/www.europesays.com\/de\/1278402\/"},"modified":"2026-09-03T16:57:17","modified_gmt":"2026-09-03T16:57:17","slug":"vernissage-am-4-september-in-kempen-ingrid-filipczyk-zeigt-ihre-kuenstlerischen-wegmarken","status":"publish","type":"post","link":"https:\/\/www.europesays.com\/de\/1278402\/","title":{"rendered":"Vernissage am 4. September in Kempen: Ingrid Filipczyk zeigt ihre k\u00fcnstlerischen \u201eWegmarken\u201c"},"content":{"rendered":"<p class=\"text_ohne_einzug richtext text-em-55 !leading-serif mx-6 desktop:mx-0\"> Wer in diesen Tagen bei Ingrid Filipczyk an der Lilienstra\u00dfe in Kempen Flur und Arbeitszimmer betritt, sollte etwas Zeit mitbringen. F\u00fcr ihre Galerieausstellung, die am Freitag, 4. September, um 19 Uhr mit einer Vernissage beginnt, hat die Kempener K\u00fcnstlerin die W\u00e4nde schon best\u00fcckt \u2013 mit einer Auswahl von Schwerpunktarbeiten, die \u201eWegmarken\u201c f\u00fcr sie sind. So lautet der Titel der Ausstellung; die \u201eWegmarken\u201c beschreiben Richtungswechsel, die sie in ihrem k\u00fcnstlerischen Schaffen erlebte.<\/p>\n<p class=\"richtext text-em-55 !leading-serif mx-6 desktop:mx-0\">Die Kempenerin studierte von 2002 bis 2007 Malerei, Grafik und interdisziplin\u00e4re Arbeit bei Stephan Paul Schneider sowie Fotografie bei Thomas Zika an der Freien Akademie der bildenden K\u00fcnste in Essen. Von 2008 bis 2009 absolvierte sie ein Postgraduiertenstudium der Fotografie, Medien und interdisziplin\u00e4ren Arbeit bei Nicola Schrudde in Essen, von 2018 bis 2025 studierte sie Philosophie an der Heinrich-Heine-Universit\u00e4t D\u00fcsseldorf.<\/p>\n<p class=\"richtext text-em-55 !leading-serif mx-6 desktop:mx-0\">Kunstinteressierte aus Kempen und Umgebung werden sich an viele Ausstellungen erinnern, die Filipczyk in der Kempener Altstadt zeigte, zun\u00e4chst in der Produzentengalerie \u201eArtedos\u201c an der Moosgasse 1c, dann in der Produzentengalerie und Ateliergalerie \u201edreivier\u201c an der Moosgasse 9. Auch weitere K\u00fcnstler stellten dort aus. Anfang des Jahres war Schluss: Als das Haus modernisiert werden sollte, zog Filipczyk nach zehn Jahren einen Schlussstrich und beschloss, dorthin zur\u00fcckzukehren, wo sie auch anfangs ausgestellt hatte: zu Hause an der Lilienstra\u00dfe, wo immer ihr Hauptstandort war und sie im Atelier in Ruhe arbeiten konnte.<\/p>\n<p class=\"richtext text-em-55 !leading-serif mx-6 desktop:mx-0\">Zur Neuausrichtung mit Standortwechsel hat sie nun Arbeiten ausgew\u00e4hlt, die ihren k\u00fcnstlerischen Weg beschreiben sollen. Im Flur h\u00e4ngt im Treppenabgang beispielsweise eine Arbeit, die aus mehreren Modulen besteht. So, wie sie jetzt h\u00e4nge, h\u00e4nge sie nicht immer, \u201eman kann damit spielen, und das tue ich auch\u201c, sagt sie schmunzelnd. Eine Vierteldrehung in der H\u00e4ngung schenkt auch bei anderen Werken im Arbeitszimmer immer wieder neue Ansichten. Die Arbeiten \u00fcber dem Klavier kann man sogar ganz nach Belieben drehen, sie zum Beispiel auf die Spitze stellen. Gro\u00df sind Flur und Arbeitszimmer nicht, doch Filipczyks Ideen kennenlernen k\u00f6nnen Besucher durchaus: In Ordnern ist weit mehr zu sehen als an den W\u00e4nden.<\/p>\n<p class=\"richtext text-em-55 !leading-serif mx-6 desktop:mx-0\">Ge\u00f6ffnet ist die Ausstellung in der Produzentengalerie an der Lilienstra\u00dfe 182 in Kempen nach der Vernissage am Freitag dann bis zum 26. September, freitags von 15 bis 18 Uhr, samstags von 11 bis 14 Uhr, sowie nach Vereinbarung. Mehr erfahren Interessierte unter <a href=\"https:\/\/ingrid-filipczyk.de\/\" target=\"_blank\" rel=\"nofollow noopener\">www.ingrid-filipczyk.de<\/a>. Am Wochenende, 5. und 6. September, \u00f6ffnet Filipczyk im Rahmen der Tage der offenen Gartenpforte auch ihren Garten. An beiden Tagen k\u00f6nnen Besucher von 11 bis 17 Uhr durchs Gartent\u00f6rchen kommen, \u201e,meine kleine Parklandschaft\u201c mit Str\u00e4uchern, Stauden und Teich besichtigen und die Ausstellung sehen. Zum ersten Mal nehme sie an der offenen Gartenpforte teil, erz\u00e4hlt die K\u00fcnstlerin, \u201eals Anreiz f\u00fcr die Kempener, die mich aus der Altstadt kennen und sich fragen, wo ich jetzt bin\u201c, f\u00fcgt sie an. Sie k\u00f6nnten gern mal gucken kommen, sagt Filipczyk: \u201eIch mache weiter. Nur woanders.\u201c<\/p>\n","protected":false},"excerpt":{"rendered":"Wer in diesen Tagen bei Ingrid Filipczyk an der Lilienstra\u00dfe in Kempen Flur und Arbeitszimmer betritt, sollte etwas&hellip;\n","protected":false},"author":2,"featured_media":1278403,"comment_status":"","ping_status":"","sticky":false,"template":"","format":"standard","meta":{"footnotes":"","_share_on_mastodon":"0"},"categories":[1775],"tags":[156212,1793,2076,29,214,263762,55046,1885,28932,30,45834,83350,263764,1794,3910,4819,163197,215,263763],"class_list":["post-1278402","post","type-post","status-publish","format-standard","has-post-thumbnail","category-kunst-und-design","tag-arbeitszimmer","tag-art-and-design","tag-ausstellung","tag-deutschland","tag-entertainment","tag-filipczyk","tag-flur","tag-fotografie","tag-galerieausstellung","tag-germany","tag-kempen","tag-kempener","tag-kempenerin","tag-kunst-und-design","tag-kuenstler","tag-kuenstlerin","tag-lilienstrasse","tag-unterhaltung","tag-wegmarken"],"share_on_mastodon":{"url":"https:\/\/pubeurope.com\/@de\/117208170305670183","error":""},"_links":{"self":[{"href":"https:\/\/www.europesays.com\/de\/wp-json\/wp\/v2\/posts\/1278402","targetHints":{"allow":["GET"]}}],"collection":[{"href":"https:\/\/www.europesays.com\/de\/wp-json\/wp\/v2\/posts"}],"about":[{"href":"https:\/\/www.europesays.com\/de\/wp-json\/wp\/v2\/types\/post"}],"author":[{"embeddable":true,"href":"https:\/\/www.europesays.com\/de\/wp-json\/wp\/v2\/users\/2"}],"replies":[{"embeddable":true,"href":"https:\/\/www.europesays.com\/de\/wp-json\/wp\/v2\/comments?post=1278402"}],"version-history":[{"count":0,"href":"https:\/\/www.europesays.com\/de\/wp-json\/wp\/v2\/posts\/1278402\/revisions"}],"wp:featuredmedia":[{"embeddable":true,"href":"https:\/\/www.europesays.com\/de\/wp-json\/wp\/v2\/media\/1278403"}],"wp:attachment":[{"href":"https:\/\/www.europesays.com\/de\/wp-json\/wp\/v2\/media?parent=1278402"}],"wp:term":[{"taxonomy":"category","embeddable":true,"href":"https:\/\/www.europesays.com\/de\/wp-json\/wp\/v2\/categories?post=1278402"},{"taxonomy":"post_tag","embeddable":true,"href":"https:\/\/www.europesays.com\/de\/wp-json\/wp\/v2\/tags?post=1278402"}],"curies":[{"name":"wp","href":"https:\/\/api.w.org\/{rel}","templated":true}]}}