{"id":1278408,"date":"2026-09-03T17:01:13","date_gmt":"2026-09-03T17:01:13","guid":{"rendered":"https:\/\/www.europesays.com\/de\/1278408\/"},"modified":"2026-09-03T17:01:13","modified_gmt":"2026-09-03T17:01:13","slug":"nur-fuer-erwachsene-das-sind-die-besten-ab-18-filme-bei-netflix","status":"publish","type":"post","link":"https:\/\/www.europesays.com\/de\/1278408\/","title":{"rendered":"Nur f\u00fcr Erwachsene: Das sind die besten Ab-18-Filme bei Netflix"},"content":{"rendered":"<p>Der Schacht ist ein klaustrophobisches Gef\u00e4ngnis, in dem auf zahllosen Ebenen jeweils zwei Menschen leben. Eine Plattform, die von oben nach unten f\u00e4hrt, transportiert t\u00e4glich Nahrung zu den Insassen. Doch diejenigen, die ganz oben leben, erhalten die freie Wahl, w\u00e4hrend diejenigen unter ihnen nur noch die Reste abbekommen \u2013 wenn \u00fcberhaupt.<\/p>\n<p><strong>Warum der Film bei Netflix ab 18 freigegeben ist:<\/strong><\/p>\n<p>\u201eDer Schacht\u201c erzeugt von Beginn an eine eindringlich-bedr\u00fcckende Atmosph\u00e4re. Der existenzialistische Horror entfaltet seine Wirkung in Kombination mit dem grauen Beton, sterilem Licht und unappetitlichen Essensszenen. Dazu kommen einige \u00e4u\u00dferst explizite Gewaltdarstellungen, die dem mysteri\u00f6sen Machwerk in Summe eine FSK-18-Wertung sichern.<\/p>\n","protected":false},"excerpt":{"rendered":"Der Schacht ist ein klaustrophobisches Gef\u00e4ngnis, in dem auf zahllosen Ebenen jeweils zwei Menschen leben. Eine Plattform, die&hellip;\n","protected":false},"author":2,"featured_media":1278409,"comment_status":"","ping_status":"","sticky":false,"template":"","format":"standard","meta":{"footnotes":"","_share_on_mastodon":"0"},"categories":[1771],"tags":[1778,29,214,30,95,1777,215],"class_list":["post-1278408","post","type-post","status-publish","format-standard","has-post-thumbnail","category-kino","tag-cinema","tag-deutschland","tag-entertainment","tag-germany","tag-kino","tag-movie","tag-unterhaltung"],"share_on_mastodon":{"url":"https:\/\/pubeurope.com\/@de\/117208186202049179","error":""},"_links":{"self":[{"href":"https:\/\/www.europesays.com\/de\/wp-json\/wp\/v2\/posts\/1278408","targetHints":{"allow":["GET"]}}],"collection":[{"href":"https:\/\/www.europesays.com\/de\/wp-json\/wp\/v2\/posts"}],"about":[{"href":"https:\/\/www.europesays.com\/de\/wp-json\/wp\/v2\/types\/post"}],"author":[{"embeddable":true,"href":"https:\/\/www.europesays.com\/de\/wp-json\/wp\/v2\/users\/2"}],"replies":[{"embeddable":true,"href":"https:\/\/www.europesays.com\/de\/wp-json\/wp\/v2\/comments?post=1278408"}],"version-history":[{"count":0,"href":"https:\/\/www.europesays.com\/de\/wp-json\/wp\/v2\/posts\/1278408\/revisions"}],"wp:featuredmedia":[{"embeddable":true,"href":"https:\/\/www.europesays.com\/de\/wp-json\/wp\/v2\/media\/1278409"}],"wp:attachment":[{"href":"https:\/\/www.europesays.com\/de\/wp-json\/wp\/v2\/media?parent=1278408"}],"wp:term":[{"taxonomy":"category","embeddable":true,"href":"https:\/\/www.europesays.com\/de\/wp-json\/wp\/v2\/categories?post=1278408"},{"taxonomy":"post_tag","embeddable":true,"href":"https:\/\/www.europesays.com\/de\/wp-json\/wp\/v2\/tags?post=1278408"}],"curies":[{"name":"wp","href":"https:\/\/api.w.org\/{rel}","templated":true}]}}