{"id":1278421,"date":"2026-09-03T17:09:15","date_gmt":"2026-09-03T17:09:15","guid":{"rendered":"https:\/\/www.europesays.com\/de\/1278421\/"},"modified":"2026-09-03T17:09:15","modified_gmt":"2026-09-03T17:09:15","slug":"jens-spahn-soll-nach-ruecktritt-neue-aufgabe-im-bundestag-bekommen","status":"publish","type":"post","link":"https:\/\/www.europesays.com\/de\/1278421\/","title":{"rendered":"Jens Spahn soll nach R\u00fccktritt neue Aufgabe im Bundestag bekommen"},"content":{"rendered":"<p class=\"is-first-paragraph\" data-external=\"Article.FirstParagraph\">Der zur\u00fcckgetretene Unionsfraktionschef Jens Spahn (CDU) bleibt im Bundestag und soll nun Mitglied des Haushaltsausschusses werden. Das best\u00e4tigte eine Fraktionssprecherin auf Anfrage in Berlin. Der 46-J\u00e4hrige hatte sich nach seinem R\u00fccktritt Mitte Juli bisher nicht \u00f6ffentlich zu seiner beruflichen Zukunft ge\u00e4u\u00dfert. <\/p>\n<p>Spahn gab den Fraktionsvorsitz auf, nachdem er publik gemacht hatte, dass er und sein Mann mithilfe einer Leihmutter in den USA ein Kind bekommen haben. Das l\u00f6ste Unmut auch in Unionsreihen aus.<\/p>\n<p>Aus der Opposition kam Kritik an Spahns k\u00fcnftiger T\u00e4tigkeit gerade in diesem Ausschuss. \u201eEr hat in der Vergangenheit gezeigt, dass er kein ausreichendes Verantwortungsgef\u00fchl im Umgang mit Steuergeldern hat\u201c, sagte die Gr\u00fcnen-Haush\u00e4lterin Paula Piechotta mit Blick auf umstrittene Maskenk\u00e4ufe zu Beginn der Corona-Pandemie in Spahns Amtszeit als Gesundheitsminister. <\/p>\n<p>Hat Spahn einen Interessenkonflikt?<\/p>\n<p>Zudem liege ein Interessenkonflikt vor, da er befangen sei bei weiterhin anfallenden Kosten f\u00fcr Maskendeals. Der Ausschuss habe nicht nur das letzte Wort beim Haushalt, sondern kontrolliere und sanktioniere auch die Regierung bei Fehlverhalten.<\/p>\n<p>Spahns Ministerium hatte sich 2020 in die Beschaffung eingeschaltet und ging Liefervertr\u00e4ge ohne Verhandlungen zu festen hohen Preisen ein. Wegen nicht abgenommener Masken klagten Lieferanten. Aus Streitigkeiten drohen dem Bund noch Milliardenrisiken. Spahn verteidigte sein Vorgehen in der Krise.<\/p>\n","protected":false},"excerpt":{"rendered":"Der zur\u00fcckgetretene Unionsfraktionschef Jens Spahn (CDU) bleibt im Bundestag und soll nun Mitglied des Haushaltsausschusses werden. Das best\u00e4tigte&hellip;\n","protected":false},"author":2,"featured_media":1278422,"comment_status":"","ping_status":"","sticky":false,"template":"","format":"standard","meta":{"footnotes":"","_share_on_mastodon":"0"},"categories":[2],"tags":[31,29,132132,30,263766,13,6837,14,15,250153,110,12,18479,45,10,8,9,11],"class_list":["post-1278421","post","type-post","status-publish","format-standard","has-post-thumbnail","category-deutschland","tag-cdu","tag-deutschland","tag-fraktionsfuehrung-ks","tag-germany","tag-haushaltsausschuss-ks","tag-headlines","tag-jens","tag-nachrichten","tag-news","tag-newsos-import-welt","tag-newsteam","tag-schlagzeilen","tag-spahn","tag-texttospeech","tag-top-news","tag-top-meldungen","tag-topmeldungen","tag-topnews"],"share_on_mastodon":{"url":"https:\/\/pubeurope.com\/@de\/117208217398973346","error":""},"_links":{"self":[{"href":"https:\/\/www.europesays.com\/de\/wp-json\/wp\/v2\/posts\/1278421","targetHints":{"allow":["GET"]}}],"collection":[{"href":"https:\/\/www.europesays.com\/de\/wp-json\/wp\/v2\/posts"}],"about":[{"href":"https:\/\/www.europesays.com\/de\/wp-json\/wp\/v2\/types\/post"}],"author":[{"embeddable":true,"href":"https:\/\/www.europesays.com\/de\/wp-json\/wp\/v2\/users\/2"}],"replies":[{"embeddable":true,"href":"https:\/\/www.europesays.com\/de\/wp-json\/wp\/v2\/comments?post=1278421"}],"version-history":[{"count":0,"href":"https:\/\/www.europesays.com\/de\/wp-json\/wp\/v2\/posts\/1278421\/revisions"}],"wp:featuredmedia":[{"embeddable":true,"href":"https:\/\/www.europesays.com\/de\/wp-json\/wp\/v2\/media\/1278422"}],"wp:attachment":[{"href":"https:\/\/www.europesays.com\/de\/wp-json\/wp\/v2\/media?parent=1278421"}],"wp:term":[{"taxonomy":"category","embeddable":true,"href":"https:\/\/www.europesays.com\/de\/wp-json\/wp\/v2\/categories?post=1278421"},{"taxonomy":"post_tag","embeddable":true,"href":"https:\/\/www.europesays.com\/de\/wp-json\/wp\/v2\/tags?post=1278421"}],"curies":[{"name":"wp","href":"https:\/\/api.w.org\/{rel}","templated":true}]}}