{"id":1278432,"date":"2026-09-03T17:17:24","date_gmt":"2026-09-03T17:17:24","guid":{"rendered":"https:\/\/www.europesays.com\/de\/1278432\/"},"modified":"2026-09-03T17:17:24","modified_gmt":"2026-09-03T17:17:24","slug":"braunschweig-ver-di-ruft-beschaeftige-zum-warnstreik-auf","status":"publish","type":"post","link":"https:\/\/www.europesays.com\/de\/1278432\/","title":{"rendered":"Braunschweig: Ver.di ruft Besch\u00e4ftige zum Warnstreik auf"},"content":{"rendered":"<p>        <img decoding=\"async\" src=\"https:\/\/www.europesays.com\/de\/wp-content\/uploads\/2026\/09\/klinikstreik-102.webp\" alt=\"Menschen in gelben Warnwesten stehen vor dem Klinikum Braunschweig.\" title=\"Rund 100 Mitarbeitende der Klinikdienste haben am Donnerstag f\u00fcr mehr Geld demonstriert. | Alysha Kraft\" class=\"responsive\"\/><\/p>\n<p>\n                Stand: 03.09.2026 17:43 Uhr<\/p>\n<p class=\"preface\">Besch\u00e4ftigte der Braunschweiger Klinikdienste haben am Donnerstag die Arbeit niedergelegt. Sie ringen um einen besseren Tarifvertrag bei der hundertprozentigen Tochter des st\u00e4dtischen Klinikums.<\/p>\n<p class=\"\">Anders als ihre Kolleginnen und Kollegen aus der Pflege sind Besch\u00e4ftigte des Tochterunternehmens laut der Gewerkschaft Ver.di bislang nicht Teil des Tarifvertrags des \u00f6ffentlichen Dienstes (TV\u00f6D). Sie reinigen Betten, Zimmer und Operationss\u00e4le, transportieren Medikamente, versorgen Patientinnen und Patienten &#8211; f\u00fcr oft 15 Euro pro Stunde, wie Ver.di erkl\u00e4rte. An der Demonstration am Donnerstag beteiligten sich rund 100 Besch\u00e4ftigte. Man wisse nicht, wie man das Auto volltanken, die Miete bezahlen oder am Monatsende den K\u00fchlschrank auff\u00fclle solle, schilderte einer von ihnen.<\/p>\n<p>    Ver.di fordert Aufnahme in den TV\u00d6D<\/p>\n<p class=\"\">Ver.di fordert in den laufenden Tarifgespr\u00e4chen f\u00fcr die insgesamt rund 800 Mitarbeitenden eine stufenweise Aufnahme in den Tarifvertrag des \u00f6ffentlichen Dienstes (TV\u00f6D). Laut Gewerkschaft w\u00fcrden sie dann bis zu 800 Euro im Monat mehr verdienen. Das St\u00e4dtische Klinikum habe eine f\u00fcr Freitag geplante n\u00e4chste Tarifrunde kurzfristig abgesagt, so ver.di. Die Klinikdienste-Besch\u00e4ftigte reinigen in Braunschweig auch Schulen, Kinderg\u00e4rten und das Rathaus. Au\u00dferdem sind sie f\u00fcr Transportdienste zust\u00e4ndig.<\/p>\n<p>    Klinikum Braunschweig: K\u00f6nnen Kosten nicht ausgleichen<\/p>\n<p class=\"\">Das St\u00e4dtische Klinikum Braunschweig hatte bereits Ende August erkl\u00e4rt, es bedauere den Warnstreik. Man habe in den Sondierungsgespr\u00e4chen mit der Gewerkschaft ein Gegenangebot unterbreitet &#8211; im Rahmen der wirtschaftlichen M\u00f6glichkeiten des Unternehmens. Derzeit w\u00fcrden die Klinkdienste-Besch\u00e4ftigte nach dem branchen\u00fcblichen Rahmentarifvertrag f\u00fcr Geb\u00e4udereiniger bezahlt. Eine Verg\u00fctung nach TV\u00f6D ist nach Ansicht der Klinikum Braunschweig Klinikdienste GmbH aus Kostengr\u00fcnden nicht m\u00f6glich.<\/p>\n<p>        <img decoding=\"async\" src=\"https:\/\/www.europesays.com\/de\/wp-content\/uploads\/2026\/09\/aerzte720.webp\" alt=\"Zwei \u00c4rztinnen und ein Arzt gehen auf einem Krankenhausflur entlang.\" title=\"Zwei \u00c4rztinnen und ein Arzt gehen auf einem Krankenhausflur entlang. | panthermedia, Kzenon\" class=\"responsive\" loading=\"lazy\"\/><\/p>\n<p>Die rot-gr\u00fcne Landesregierung stimmte einem entsprechenden Entwurf jetzt zu. Das Klinikum Braunschweig erh\u00e4lt den gr\u00f6\u00dften Anteil.<\/p>\n<p>        <img decoding=\"async\" src=\"https:\/\/www.europesays.com\/de\/wp-content\/uploads\/2026\/09\/krankenhaus748.webp\" alt=\"Eine Person schiebt ein Krankenhausbett \u00fcber einen Flur\" title=\"Eine Person schiebt ein Krankenhausbett \u00fcber einen Flur | Colourbox, Syda Productions\" class=\"responsive\" loading=\"lazy\"\/><\/p>\n<p>Das Krankenhaus im Stadtteil Bad steckt seit dem Fr\u00fchjahr in einem Insolvenzverfahren. Die Zukunft ist ungewiss.<\/p>\n","protected":false},"excerpt":{"rendered":"Stand: 03.09.2026 17:43 Uhr Besch\u00e4ftigte der Braunschweiger Klinikdienste haben am Donnerstag die Arbeit niedergelegt. Sie ringen um einen&hellip;\n","protected":false},"author":2,"featured_media":1278433,"comment_status":"","ping_status":"","sticky":false,"template":"","format":"standard","meta":{"footnotes":"","_share_on_mastodon":"0"},"categories":[1850],"tags":[590,6429,3364,29,548,663,3934,30,2526,13,263769,57692,14,15,1411,4097,12,263768,2332,1241,6816,2523],"class_list":["post-1278432","post","type-post","status-publish","format-standard","has-post-thumbnail","category-braunschweig","tag-aktuell","tag-braunschweig","tag-de","tag-deutschland","tag-eu","tag-europa","tag-europe","tag-germany","tag-gewerkschaften","tag-headlines","tag-klinikdienste","tag-lohnerhoehung","tag-nachrichten","tag-news","tag-niedersachsen","tag-reinigung","tag-schlagzeilen","tag-staedtisches-klinikum","tag-transport","tag-tvoed","tag-verdi","tag-warnstreik"],"share_on_mastodon":{"url":"https:\/\/pubeurope.com\/@de\/117208250995282249","error":""},"_links":{"self":[{"href":"https:\/\/www.europesays.com\/de\/wp-json\/wp\/v2\/posts\/1278432","targetHints":{"allow":["GET"]}}],"collection":[{"href":"https:\/\/www.europesays.com\/de\/wp-json\/wp\/v2\/posts"}],"about":[{"href":"https:\/\/www.europesays.com\/de\/wp-json\/wp\/v2\/types\/post"}],"author":[{"embeddable":true,"href":"https:\/\/www.europesays.com\/de\/wp-json\/wp\/v2\/users\/2"}],"replies":[{"embeddable":true,"href":"https:\/\/www.europesays.com\/de\/wp-json\/wp\/v2\/comments?post=1278432"}],"version-history":[{"count":0,"href":"https:\/\/www.europesays.com\/de\/wp-json\/wp\/v2\/posts\/1278432\/revisions"}],"wp:featuredmedia":[{"embeddable":true,"href":"https:\/\/www.europesays.com\/de\/wp-json\/wp\/v2\/media\/1278433"}],"wp:attachment":[{"href":"https:\/\/www.europesays.com\/de\/wp-json\/wp\/v2\/media?parent=1278432"}],"wp:term":[{"taxonomy":"category","embeddable":true,"href":"https:\/\/www.europesays.com\/de\/wp-json\/wp\/v2\/categories?post=1278432"},{"taxonomy":"post_tag","embeddable":true,"href":"https:\/\/www.europesays.com\/de\/wp-json\/wp\/v2\/tags?post=1278432"}],"curies":[{"name":"wp","href":"https:\/\/api.w.org\/{rel}","templated":true}]}}