{"id":1278436,"date":"2026-09-03T17:21:27","date_gmt":"2026-09-03T17:21:27","guid":{"rendered":"https:\/\/www.europesays.com\/de\/1278436\/"},"modified":"2026-09-03T17:21:27","modified_gmt":"2026-09-03T17:21:27","slug":"gelsenkirchen-nrw-tochter-19-niedergestochen-vater-in-u-haft-regional","status":"publish","type":"post","link":"https:\/\/www.europesays.com\/de\/1278436\/","title":{"rendered":"Gelsenkirchen (NRW): Tochter (19) niedergestochen! Vater in U-Haft | Regional"},"content":{"rendered":"<p><a class=\"skip-content skip-content--link\" href=\"#in-content-skip-link-target-v-0-0\">TTS-Player \u00fcberspringen\u21b5<\/a><a id=\"in-content-skip-link-target-v-0-0\" class=\"skip-content--target-link-hidden skip-content skip-content--target-link\" href=\"#in-content-skip-link-target-v-0-0\">Artikel weiterlesen<\/a><\/p>\n<p>Gelsenkirchen (NRW) \u2013 <b>In einer Wohnung wurde eine junge Frau (19) mit einem Messer attackiert. Der mutma\u00dfliche T\u00e4ter: Ihr eigener Vater (47). Mehrfach soll er laut Polizei auf sie eingestochen und sie schwer verletzt haben.<\/b><\/p>\n<p>Am Mittwochmittag um 11.50 Uhr rief eine Bewohnerin die Beamten zum Mehrfamilienhaus in die Stra\u00dfe Im M\u00fchlenfeld im Gelsenkirchener Stadtteil Bulmke-H\u00fcllen (<a href=\"https:\/\/www.bild.de\/regional\/nordrhein-westfalen\/home-npIP0qL0giWP1ZFIOHn2\" class=\"text-link\" rel=\"nofollow noopener\" target=\"_blank\">Nordrhein-Westfalen<\/a>). Sie hatte Schreie geh\u00f6rt. Die Einsatzkr\u00e4fte trafen auf die verletzte junge Frau. Auch der tatverd\u00e4chtige Vater war noch im Haus. Er wurde vorl\u00e4ufig festgenommen. \u201eErsten Erkenntnissen zufolge hatte der Vater seine Tochter mit mehreren Messerstichen schwer verletzt\u201c, hei\u00dft es in einer Mitteilung von Staatsanwaltschaft und <a href=\"https:\/\/www.bild.de\/regional\/aktuelles\/polizei\/polizeieinsatz-alle-infos-76681760.bild.html\" class=\"text-link\" rel=\"nofollow noopener\" target=\"_blank\">Polizei<\/a>. Die 19-J\u00e4hrige wurde vor Ort behandelt, dann mit einem Rettungswagen in eine Klinik gebracht. Lebensgefahr bestand zun\u00e4chst nicht.<\/p>\n<p><img decoding=\"async\" width=\"992\" height=\"558\" alt=\"Der Vater und seine drei Kinder sollen erst seit Anfang August in dem Mehrfamilienhaus in Gelsenkirchen gewohnt haben\" loading=\"lazy\" src=\"https:\/\/www.europesays.com\/de\/wp-content\/uploads\/2026\/09\/9c9bd0eab7f8495d809c83c6e6dab605,ea4e691c.jpeg\"   class=\"landscape\"\/><\/p>\n<p class=\"fig__caption__text\">Der Vater und seine drei Kinder sollen erst seit Anfang August in dem Mehrfamilienhaus in Gelsenkirchen gewohnt haben<\/p>\n<p>Foto: ALEX TALASH<\/p>\n<p>Tochter wollte zu Nachbarn fl\u00fcchten<\/p>\n<p>Laut einer Nachbarin fl\u00fcchtete die 19-J\u00e4hrige vor ihrem gewaltt\u00e4tigen Vater aus der Dachgeschosswohnung. Sie wollte sich zur Nachbarwohnung retten. Blutabdr\u00fccke am T\u00fcrrahmen zeugen von dem verzweifelten Versuch. Doch die Wohnung stehe seit zwei Monaten leer, so die Nachbarin. Niemand konnte der jungen Frau \u00f6ffnen.<\/p>\n<p><img decoding=\"async\" width=\"992\" height=\"558\" alt=\"Am T\u00fcrrahmen der Nachbarwohnung kleben Spuren der Tat. Hierhin wollte sich die 19-J\u00e4hrige laut einer Bewohnerin retten\" loading=\"lazy\" src=\"https:\/\/www.europesays.com\/de\/wp-content\/uploads\/2026\/09\/de952ce3a7a20329911a49de271a7b47,f265dd6.jpeg\"   class=\"landscape\"\/><\/p>\n<p class=\"fig__caption__text\">Am T\u00fcrrahmen der Nachbarwohnung kleben Spuren der Tat. Hierhin wollte sich die 19-J\u00e4hrige laut einer Bewohnerin retten<\/p>\n<p>Foto: ALEX TALASH<\/p>\n<p>Geschwister in Obhut des Jugendamts<\/p>\n<p>Zwei weitere, noch minderj\u00e4hrige Kinder bekamen den <a href=\"https:\/\/www.bild.de\/themen\/specials\/messerangriff\/news-fotos-videos-0h8oWhiUnMNXfTNwVJ1r\" class=\"text-link\" rel=\"nofollow noopener\" target=\"_blank\">Messerangriff<\/a> offenbar mit. Sie befanden sich laut Polizei zur Tatzeit in der Wohnung und wurden in die Obhut des Jugendamts gegeben. Nach BILD-Informationen sind es die j\u00fcngeren Geschwister des Opfers. Bei der <a href=\"https:\/\/www.bild.de\/themen\/specials\/familie\/news-fotos-videos-17007900.bild.html\" class=\"text-link\" rel=\"nofollow noopener\" target=\"_blank\">Familie<\/a> soll es sich um einen syrischen Vater mit seinen drei Kindern handeln. Sie sollen erst seit etwa einem Monat in der Wohnung leben.<\/p>\n<p>Die Polizei hat eine Mordkommission eingerichtet, sie ermittelt wegen des Verdachts eines versuchten T\u00f6tungsdelikts. Die Beamten konnten vor Ort das Tatmesser sicherstellen. Der verd\u00e4chtige 47-J\u00e4hrige sitzt in Untersuchungshaft. Zu den Hintergr\u00fcnden der <a href=\"https:\/\/www.bild.de\/themen\/ereignisse\/straftaten\/news-fotos-videos-17026252.bild.html\" class=\"text-link\" rel=\"nofollow noopener\" target=\"_blank\">Straftat<\/a> innerhalb der Familie wollte die zust\u00e4ndige Staatsanwaltschaft in Essen auf BILD-Anfrage keine Angaben machen.<\/p>\n","protected":false},"excerpt":{"rendered":"TTS-Player \u00fcberspringen\u21b5Artikel weiterlesen Gelsenkirchen (NRW) \u2013 In einer Wohnung wurde eine junge Frau (19) mit einem Messer attackiert.&hellip;\n","protected":false},"author":2,"featured_media":1278437,"comment_status":"","ping_status":"","sticky":false,"template":"","format":"standard","meta":{"footnotes":"","_share_on_mastodon":"0"},"categories":[1848],"tags":[3364,29,548,663,3934,3658,30,13,1981,14,15,1209,121,12,1996,138370,12468,4853,2627],"class_list":["post-1278436","post","type-post","status-publish","format-standard","has-post-thumbnail","category-gelsenkirchen","tag-de","tag-deutschland","tag-eu","tag-europa","tag-europe","tag-gelsenkirchen","tag-germany","tag-headlines","tag-messer","tag-nachrichten","tag-news","tag-nordrhein-westfalen","tag-polizei","tag-schlagzeilen","tag-straftaten","tag-team-first","tag-tochter","tag-untersuchungshaft","tag-verletzungen"],"share_on_mastodon":{"url":"https:\/\/pubeurope.com\/@de\/117208267464177332","error":""},"_links":{"self":[{"href":"https:\/\/www.europesays.com\/de\/wp-json\/wp\/v2\/posts\/1278436","targetHints":{"allow":["GET"]}}],"collection":[{"href":"https:\/\/www.europesays.com\/de\/wp-json\/wp\/v2\/posts"}],"about":[{"href":"https:\/\/www.europesays.com\/de\/wp-json\/wp\/v2\/types\/post"}],"author":[{"embeddable":true,"href":"https:\/\/www.europesays.com\/de\/wp-json\/wp\/v2\/users\/2"}],"replies":[{"embeddable":true,"href":"https:\/\/www.europesays.com\/de\/wp-json\/wp\/v2\/comments?post=1278436"}],"version-history":[{"count":0,"href":"https:\/\/www.europesays.com\/de\/wp-json\/wp\/v2\/posts\/1278436\/revisions"}],"wp:featuredmedia":[{"embeddable":true,"href":"https:\/\/www.europesays.com\/de\/wp-json\/wp\/v2\/media\/1278437"}],"wp:attachment":[{"href":"https:\/\/www.europesays.com\/de\/wp-json\/wp\/v2\/media?parent=1278436"}],"wp:term":[{"taxonomy":"category","embeddable":true,"href":"https:\/\/www.europesays.com\/de\/wp-json\/wp\/v2\/categories?post=1278436"},{"taxonomy":"post_tag","embeddable":true,"href":"https:\/\/www.europesays.com\/de\/wp-json\/wp\/v2\/tags?post=1278436"}],"curies":[{"name":"wp","href":"https:\/\/api.w.org\/{rel}","templated":true}]}}