{"id":1278442,"date":"2026-09-03T17:25:16","date_gmt":"2026-09-03T17:25:16","guid":{"rendered":"https:\/\/www.europesays.com\/de\/1278442\/"},"modified":"2026-09-03T17:25:16","modified_gmt":"2026-09-03T17:25:16","slug":"landfriedensbruch-ueberfall-auf-rechte-gruppierung-in-neckarstadt-mannheim","status":"publish","type":"post","link":"https:\/\/www.europesays.com\/de\/1278442\/","title":{"rendered":"Landfriedensbruch: \u00dcberfall auf rechte Gruppierung in Neckarstadt &#8211; Mannheim"},"content":{"rendered":"<p><b\/> Kriminalpolizei und  Staatsanwaltschaft <a class=\"rtr-entity\" data-rtr-entity=\"Mannheim\" data-rtr-id=\"8e39f98d121d00ffdaf4f78a2ae2e7dea2653ba7\" data-rtr-score=\"28.757549611734255\" data-rtr-etype=\"location\" data-rtr-index=\"11\" href=\"http:\/\/rheinpfalz.de\/lokal\/mannheim.html\" rel=\"nofollow noopener\" target=\"_blank\">Mannheim<\/a> haben Ermittlungen wegen schweren Landfriedensbruchs, gef\u00e4hrlicher K\u00f6rperverletzung und Bedrohung  aufgenommen. Laut einer  Presseerkl\u00e4rung der Staatsanwaltschaft und des Polizeipr\u00e4sidiums sind  bereits am Samstag  gegen 20 Uhr etwa 20 Mitglieder der Gruppierung \u201eGemeinsam Deutschland Gestalten\u201c in der Neckarstadt von zwei Gruppen, bestehend aus jeweils 15 bis 20 Personen, k\u00f6rperlich angegriffen worden. Es habe mehrere Verletzte gegeben.   \u201eGemeinsam Deutschland Gestalten\u201c ist eine rechte Gruppe, die sich fr\u00fcher \u201eGegen das Gendern\u201c nannte. Sie postet von sich Bilder von Vermummten beim Boxtraining im Park und  beschuldigt Antifa-Mitglieder des \u00dcberfalls, bei dem Pfefferspray und Teleskopschlagst\u00f6cke eingesetzt worden seien. <\/p>\n<p>Zeugen, die die Auseinandersetzung beobachtet oder sogar Videos hiervon gemacht haben, werden gebeten, sich unter 0621 174-4444 beim Kriminalpolizeilichen Hinweistelefon zu melden. Dar\u00fcber hinaus interessiert die Ermittler, ob sich verd\u00e4chtige Personengruppen bereits vor der eigentlichen Tat im Bereich Bonifatiuskirche\/Eichbaum Brauhaus aufgehalten haben.<\/p>\n","protected":false},"excerpt":{"rendered":"Kriminalpolizei und Staatsanwaltschaft Mannheim haben Ermittlungen wegen schweren Landfriedensbruchs, gef\u00e4hrlicher K\u00f6rperverletzung und Bedrohung aufgenommen. Laut einer Presseerkl\u00e4rung der&hellip;\n","protected":false},"author":2,"featured_media":1278443,"comment_status":"","ping_status":"","sticky":false,"template":"","format":"standard","meta":{"footnotes":"","_share_on_mastodon":"0"},"categories":[1845],"tags":[1634,3364,29,548,663,3934,30,13,983,5590,4060,2096,14,15,12,1997],"class_list":["post-1278442","post","type-post","status-publish","format-standard","has-post-thumbnail","category-mannheim","tag-baden-wuerttemberg","tag-de","tag-deutschland","tag-eu","tag-europa","tag-europe","tag-germany","tag-headlines","tag-kripo","tag-landfriedensbruch","tag-lokal","tag-mannheim","tag-nachrichten","tag-news","tag-schlagzeilen","tag-staatsanwaltschaft"],"share_on_mastodon":{"url":"https:\/\/pubeurope.com\/@de\/117208280393624712","error":""},"_links":{"self":[{"href":"https:\/\/www.europesays.com\/de\/wp-json\/wp\/v2\/posts\/1278442","targetHints":{"allow":["GET"]}}],"collection":[{"href":"https:\/\/www.europesays.com\/de\/wp-json\/wp\/v2\/posts"}],"about":[{"href":"https:\/\/www.europesays.com\/de\/wp-json\/wp\/v2\/types\/post"}],"author":[{"embeddable":true,"href":"https:\/\/www.europesays.com\/de\/wp-json\/wp\/v2\/users\/2"}],"replies":[{"embeddable":true,"href":"https:\/\/www.europesays.com\/de\/wp-json\/wp\/v2\/comments?post=1278442"}],"version-history":[{"count":0,"href":"https:\/\/www.europesays.com\/de\/wp-json\/wp\/v2\/posts\/1278442\/revisions"}],"wp:featuredmedia":[{"embeddable":true,"href":"https:\/\/www.europesays.com\/de\/wp-json\/wp\/v2\/media\/1278443"}],"wp:attachment":[{"href":"https:\/\/www.europesays.com\/de\/wp-json\/wp\/v2\/media?parent=1278442"}],"wp:term":[{"taxonomy":"category","embeddable":true,"href":"https:\/\/www.europesays.com\/de\/wp-json\/wp\/v2\/categories?post=1278442"},{"taxonomy":"post_tag","embeddable":true,"href":"https:\/\/www.europesays.com\/de\/wp-json\/wp\/v2\/tags?post=1278442"}],"curies":[{"name":"wp","href":"https:\/\/api.w.org\/{rel}","templated":true}]}}