{"id":1278448,"date":"2026-09-03T17:29:15","date_gmt":"2026-09-03T17:29:15","guid":{"rendered":"https:\/\/www.europesays.com\/de\/1278448\/"},"modified":"2026-09-03T17:29:15","modified_gmt":"2026-09-03T17:29:15","slug":"mindestlohn-in-werkstaetten-so-lief-der-prozess-in-muenster","status":"publish","type":"post","link":"https:\/\/www.europesays.com\/de\/1278448\/","title":{"rendered":"Mindestlohn in Werkst\u00e4tten: So lief der Prozess in M\u00fcnster"},"content":{"rendered":"<p>M\u00fcssen Besch\u00e4ftigte in Werkst\u00e4tten f\u00fcr Menschen mit Behinderungen\u00a0 Mindestlohn erhalten? Entscheidend sind f\u00fcr die Richterin vor allem zwei Punkte.\u00a0<\/p>\n<p>Freckenhorst\/Greffen\/M\u00fcnster (fen) &#8211; Dass an diesem Donnerstag vor dem Arbeitsgericht M\u00fcnster ein Fall mit hoher Bedeutung verhandelt wird, ist offensichtlich: Zahlreiche Medienvertreter \u2013 unter anderem von der Deutschen Presse-Agentur (dpa), RTL und taz \u2013 sowie Behindertenrechts-Aktivistinnen\u2026<\/p>\n<p>            <img decoding=\"async\" src=\"https:\/\/www.die-glocke.de\/typo3conf\/ext\/bo_dieglocke_template\/Resources\/Public\/Images\/logo\/glocke_plus_icon.svg\" class=\"pwTopImage\" alt=\"Glocke Plus\"\/><\/p>\n<p>                Jetzt weiterlesen mit G+<\/p>\n<p class=\"card-text equal-height text-center\" data-equalheightgroup=\"1\">\n                0,99 \u20ac im 1. Monat \u2013 monatlich k\u00fcndbar\n            <\/p>\n<tr>\n<tr>\n<td class=\"w-25px p-1\">\n<\/td>\n<td class=\"p-1\">\n<p>                                            aktuelle Nachrichten rund um die Uhr<\/p>\n<\/td>\n<\/tr>\n<tr>\n<td class=\"w-25px p-1\">\n<\/td>\n<td class=\"p-1\">\n<p>                                            nur 0,99 \u20ac (ab dem 2. Monat 7,90 \u20ac monatlich)<\/p>\n<\/td>\n<\/tr>\n<tr>\n<td class=\"w-25px p-1\">\n<\/td>\n<td class=\"p-1\">\n<p>                                            keine Mindestlaufzeit &#8211; monatlich k\u00fcndbar<\/p>\n<\/td>\n<\/tr>\n<\/tr>\n<p>\n                        0,99 \u20ac im 1. Monat\n                    <\/p>\n<p>    <strong>Monatsabo bestellen mit<\/strong><br \/>\n    <img loading=\"lazy\" decoding=\"async\" class=\"me-2 icon-paypal\" src=\"https:\/\/www.die-glocke.de\/fileadmin\/images\/demo\/paypal.svg\" width=\"65\" height=\"15\" alt=\"Paypal\"\/><\/p>\n<p>Monatsabo bestellen<\/p>\n<tr>\n<tr>\n<td class=\"w-25px p-1\">\n<\/td>\n<td class=\"p-1\">\n<p>                                            aktuelle Nachrichten rund um die Uhr<\/p>\n<\/td>\n<\/tr>\n<tr>\n<td class=\"w-25px p-1\">\n<\/td>\n<td class=\"p-1\">\n<p>                                            nur 79 \u20ac (ab dem 13. Monat 7,90 \u20ac monatlich)<\/p>\n<\/td>\n<\/tr>\n<tr>\n<td class=\"w-25px p-1\">\n<\/td>\n<td class=\"p-1\">\n<p>                                            nach 12 Monaten Mindestlaufzeit monatlich k\u00fcndbar<\/p>\n<\/td>\n<\/tr>\n<tr>\n<td class=\"w-25px p-1\">\n<\/td>\n<td class=\"p-1\">\n<p>                                            sparen Sie 15,80 \u20ac gegen\u00fcber dem Monatsabo<\/p>\n<\/td>\n<\/tr>\n<\/tr>\n<p>\n                        79 \u20ac f\u00fcr 12 Monate\n                    <\/p>\n<p>    <strong>Jahresabo bestellen mit<\/strong><br \/>\n    <img loading=\"lazy\" decoding=\"async\" class=\"me-2 icon-paypal\" src=\"https:\/\/www.die-glocke.de\/fileadmin\/images\/demo\/paypal.svg\" width=\"65\" height=\"15\" alt=\"Paypal\"\/><\/p>\n<p>Jahresabo bestellen<\/p>\n<p>Texte und Fotos von die-glocke.de sind urheberrechtlich gesch\u00fctzt.<br \/>\n            Weiterverwendung nur mit Genehmigung der Chefredaktion.<\/p>\n","protected":false},"excerpt":{"rendered":"M\u00fcssen Besch\u00e4ftigte in Werkst\u00e4tten f\u00fcr Menschen mit Behinderungen\u00a0 Mindestlohn erhalten? Entscheidend sind f\u00fcr die Richterin vor allem zwei&hellip;\n","protected":false},"author":2,"featured_media":1278449,"comment_status":"","ping_status":"","sticky":false,"template":"","format":"standard","meta":{"footnotes":"","_share_on_mastodon":"0"},"categories":[1843],"tags":[47600,620,2062,3364,29,263770,30,231749,1015,19929,378,8970,1209,100279,35112],"class_list":["post-1278448","post","type-post","status-publish","format-standard","has-post-thumbnail","category-muenster","tag-arbeitsgericht","tag-arbeitsmarkt","tag-behinderung","tag-de","tag-deutschland","tag-freckenhorst","tag-germany","tag-greffen","tag-justiz","tag-linnemann","tag-mindestlohn","tag-muenster","tag-nordrhein-westfalen","tag-warendorf","tag-werkstaetten"],"share_on_mastodon":{"url":"https:\/\/pubeurope.com\/@de\/117208298733104599","error":""},"_links":{"self":[{"href":"https:\/\/www.europesays.com\/de\/wp-json\/wp\/v2\/posts\/1278448","targetHints":{"allow":["GET"]}}],"collection":[{"href":"https:\/\/www.europesays.com\/de\/wp-json\/wp\/v2\/posts"}],"about":[{"href":"https:\/\/www.europesays.com\/de\/wp-json\/wp\/v2\/types\/post"}],"author":[{"embeddable":true,"href":"https:\/\/www.europesays.com\/de\/wp-json\/wp\/v2\/users\/2"}],"replies":[{"embeddable":true,"href":"https:\/\/www.europesays.com\/de\/wp-json\/wp\/v2\/comments?post=1278448"}],"version-history":[{"count":0,"href":"https:\/\/www.europesays.com\/de\/wp-json\/wp\/v2\/posts\/1278448\/revisions"}],"wp:featuredmedia":[{"embeddable":true,"href":"https:\/\/www.europesays.com\/de\/wp-json\/wp\/v2\/media\/1278449"}],"wp:attachment":[{"href":"https:\/\/www.europesays.com\/de\/wp-json\/wp\/v2\/media?parent=1278448"}],"wp:term":[{"taxonomy":"category","embeddable":true,"href":"https:\/\/www.europesays.com\/de\/wp-json\/wp\/v2\/categories?post=1278448"},{"taxonomy":"post_tag","embeddable":true,"href":"https:\/\/www.europesays.com\/de\/wp-json\/wp\/v2\/tags?post=1278448"}],"curies":[{"name":"wp","href":"https:\/\/api.w.org\/{rel}","templated":true}]}}