{"id":1278472,"date":"2026-09-03T17:53:19","date_gmt":"2026-09-03T17:53:19","guid":{"rendered":"https:\/\/www.europesays.com\/de\/1278472\/"},"modified":"2026-09-03T17:53:19","modified_gmt":"2026-09-03T17:53:19","slug":"doxs-duisburg-33-filme-beim-jubilaeumsfestival","status":"publish","type":"post","link":"https:\/\/www.europesays.com\/de\/1278472\/","title":{"rendered":"doxs! Duisburg: 33 Filme beim Jubil\u00e4umsfestival"},"content":{"rendered":"<p class=\"text_ohne_einzug richtext text-em-55 !leading-serif mx-6 desktop:mx-0\"> Seit 2002 veranstaltet die Volkshochschule <a href=\"https:\/\/rp-online.de\/thema\/duisburg\/\" rel=\"nofollow noopener\" target=\"_blank\">Duisburg<\/a> das j\u00e4hrliche Festival \u201edoxs!\u201c \u00fcber Dokumentarfilme f\u00fcr Kinder und Jugendliche (die RP berichtet regelm\u00e4\u00dfig). Vom 2. bis zum 8. November l\u00e4uft nun die 25. Ausgabe als besonders spektakul\u00e4rer Jubil\u00e4ums-Jahrgang.<\/p>\n<p class=\"richtext text-em-55 !leading-serif mx-6 desktop:mx-0\">Die diesj\u00e4hrigen Plakate und Postkarten sowie das Programmheft und die Website schm\u00fccken verschiedene Zitate und Slogans, hinter denen 25 Geschichten, Anekdoten und Infos aus der Festivalgeschichte stecken, nach dem Motto \u201eEin November ohne doxs! w\u00e4re m\u00f6glich, aber sinnlos!\u201c<\/p>\n<p class=\"richtext text-em-55 !leading-serif mx-6 desktop:mx-0\">Auf dem diesj\u00e4hrigen Programm stehen 33 Filme aus 18 L\u00e4ndern, f\u00fcr verschiedene Zielgruppen zwischen vier und 18+ Jahren. Fremdsprachige Filme werden f\u00fcr die unter Zw\u00f6lfj\u00e4hrigen deutsch eingesprochen, f\u00fcr die \u00c4lteren gibt es deutsche Untertitel. Thematisch geht es darin oft um Krieg, Flucht und die instabile Weltlage. Es gibt n\u00e4mlich laut der Festivalleitung Tanja Tlatlik \u201eein gro\u00dfes Bed\u00fcrfnis nach Berechenbarkeit und Stabilit\u00e4t \u2013 ebenso aber auch den Wunsch, sich trotz aller Hiobsbotschaften frei und selbstbestimmt entfalten zu k\u00f6nnen.\u201c<\/p>\n<p class=\"richtext text-em-55 !leading-serif mx-6 desktop:mx-0\">Auch in diesem Jahr werden am Ende des Festivals zwei Preise vergeben. Die \u201eGro\u00dfe Klappe\u201c, der Filmpreis f\u00fcr den politischen Kinder- und Jugenddokumentarfilm, wird von der Bundeszentrale f\u00fcr politische Bildung gestiftet und ist mit 5000 Euro dotiert. Vergeben wird er von einer Jugendjury mit Sch\u00fclerinnen und Sch\u00fclern aus Duisburg. Der \u201eECFA Documentary Award\u201c w\u00fcrdigt inhaltlich und \u00e4sthetisch hochwertige dokumentarische Produktionen f\u00fcr Kinder und wird in Kooperation mit der European Children\u2019s Film Association (ECFA) verliehen.<\/p>\n<p class=\"richtext text-em-55 !leading-serif mx-6 desktop:mx-0\">Gleich am Er\u00f6ffnungstag pr\u00e4sentiert doxs! zusammen mit dem Netzwerk kulturelle Filmbildung namens \u201eLichtspiel\u201c e.V. die Fachveranstaltung \u201eGemeinsam widerst\u00e4ndig \u2013 Filmfestivals und Schulen in Dialog f\u00fcr Demokratie\u201c. Ausgehend von aktuellen Festivalerfahrungen wird diskutiert, wie sich Filmvermittlung unter den Bedingungen von Rechtsruck, Demokratieverlust und gesellschaftlicher Polarisierung ver\u00e4ndert.<\/p>\n<p class=\"richtext text-em-55 !leading-serif mx-6 desktop:mx-0\">Neben den <a href=\"https:\/\/rp-online.de\/nrw\/staedte\/duisburg\/preisverleihung-beim-doxs-filmfestival-in-duisburg_aid-138604903\" rel=\"nofollow noopener\" target=\"_blank\">neuen Wettbewerbsfilmen<\/a> gibt es auch einen gezielten Griff ins Festivalarchiv, denn Sch\u00fclerinnen und Sch\u00fcler des Steinbart-Gymnasiums haben dort franz\u00f6sische Produktionen gesichtet und f\u00fcr das Programm \u201edoxs! s\u00e9lection\u201c drei ausgew\u00e4hlt. Sie moderieren zwei Veranstaltungen, die Vorf\u00fchrung ist schon am 6. November, um 11 Uhr.<\/p>\n<p class=\"richtext text-em-55 !leading-serif mx-6 desktop:mx-0\">Der Eintritt ist grunds\u00e4tzlich frei &#8211; aber Kitagruppen und Schulklassen sollten sich vor ihrem Besuch anmelden, sie k\u00f6nnen auch mit dem Kulturbus Duisburg abgeholt und wieder zur\u00fcckgebracht werden.<\/p>\n<p class=\"italic richtext text-em-55 !leading-serif mx-6 desktop:mx-0\">Weitere Infos gibt es am einfachsten im Internet unter <a href=\"http:\/\/www.do-xs.de\/\" target=\"_blank\" rel=\"nofollow noopener\">www.do-xs.de<\/a>.<\/p>\n","protected":false},"excerpt":{"rendered":"Seit 2002 veranstaltet die Volkshochschule Duisburg das j\u00e4hrliche Festival \u201edoxs!\u201c \u00fcber Dokumentarfilme f\u00fcr Kinder und Jugendliche (die RP&hellip;\n","protected":false},"author":2,"featured_media":1278473,"comment_status":"","ping_status":"","sticky":false,"template":"","format":"standard","meta":{"footnotes":"","_share_on_mastodon":"0"},"categories":[1838],"tags":[3364,29,112899,4238,47113,3715,263773,92,30,5982,1209,47115,1978,11184,53333,31023,122501],"class_list":["post-1278472","post","type-post","status-publish","format-standard","has-post-thumbnail","category-duisburg","tag-de","tag-deutschland","tag-diesjaehrigen","tag-dokumentarfilme","tag-doxs","tag-duisburg","tag-ecfa","tag-film","tag-germany","tag-infos","tag-nordrhein-westfalen","tag-produktionen","tag-schueler","tag-schuelerinnen","tag-vergeben","tag-verschiedene","tag-wettbewerbsfilmen"],"share_on_mastodon":{"url":"https:\/\/pubeurope.com\/@de\/117208390364130763","error":""},"_links":{"self":[{"href":"https:\/\/www.europesays.com\/de\/wp-json\/wp\/v2\/posts\/1278472","targetHints":{"allow":["GET"]}}],"collection":[{"href":"https:\/\/www.europesays.com\/de\/wp-json\/wp\/v2\/posts"}],"about":[{"href":"https:\/\/www.europesays.com\/de\/wp-json\/wp\/v2\/types\/post"}],"author":[{"embeddable":true,"href":"https:\/\/www.europesays.com\/de\/wp-json\/wp\/v2\/users\/2"}],"replies":[{"embeddable":true,"href":"https:\/\/www.europesays.com\/de\/wp-json\/wp\/v2\/comments?post=1278472"}],"version-history":[{"count":0,"href":"https:\/\/www.europesays.com\/de\/wp-json\/wp\/v2\/posts\/1278472\/revisions"}],"wp:featuredmedia":[{"embeddable":true,"href":"https:\/\/www.europesays.com\/de\/wp-json\/wp\/v2\/media\/1278473"}],"wp:attachment":[{"href":"https:\/\/www.europesays.com\/de\/wp-json\/wp\/v2\/media?parent=1278472"}],"wp:term":[{"taxonomy":"category","embeddable":true,"href":"https:\/\/www.europesays.com\/de\/wp-json\/wp\/v2\/categories?post=1278472"},{"taxonomy":"post_tag","embeddable":true,"href":"https:\/\/www.europesays.com\/de\/wp-json\/wp\/v2\/tags?post=1278472"}],"curies":[{"name":"wp","href":"https:\/\/api.w.org\/{rel}","templated":true}]}}