{"id":1278484,"date":"2026-09-03T18:01:25","date_gmt":"2026-09-03T18:01:25","guid":{"rendered":"https:\/\/www.europesays.com\/de\/1278484\/"},"modified":"2026-09-03T18:01:25","modified_gmt":"2026-09-03T18:01:25","slug":"neue-carolabruecke-stadtrat-stimmt-fuer-buerger-liebling","status":"publish","type":"post","link":"https:\/\/www.europesays.com\/de\/1278484\/","title":{"rendered":"Neue Carolabr\u00fccke: Stadtrat stimmt f\u00fcr B\u00fcrger-Liebling"},"content":{"rendered":"<p>        <img decoding=\"async\" src=\"https:\/\/www.europesays.com\/de\/wp-content\/uploads\/2026\/09\/entwurf-carolabruecke-fhecor-100.webp\" alt=\"Vergleich der alten Carolabr\u00fccke und des Entwurfs zur neuen Carolabr\u00fccke von FEHCOR\" title=\"Vergleich der alten Carolabr\u00fccke und des Entwurfs zur neuen Carolabr\u00fccke von FEHCOR | FHECOR Deutschlanfd GmbH und TSSB Planungsgesellschaft\" class=\"responsive\"\/><\/p>\n<p>AUDIO: Heute Grundsatzentscheidung des Stadtrats zur Carolabr\u00fccke Dresden (1 Min)<\/p>\n<p class=\"topline\">Grundsatzentscheidung gefallen<\/p>\n<p class=\"author\">von MDR SACHSEN<\/p>\n<p>\n                Stand: 03.09.2026 19:54 Uhr<\/p>\n<p>        <img decoding=\"async\" src=\"https:\/\/www.europesays.com\/de\/wp-content\/uploads\/2026\/08\/1787969123_972_google-handy-100.webp\" alt=\"Ein Handy liegt auf einer Laptoptastatur. Das Display zeigt das Google Logo\" title=\"Ein Handy liegt auf einer Laptoptastatur. Das Display zeigt das Google Logo |  IMAGO \/ SOPA Images\" class=\"responsive\" loading=\"lazy\"\/><\/p>\n<p>Nachrichten personalisieren<\/p>\n<p class=\"\">Der Dresdner Stadtrat hat \u00fcber den Entwurf zum Ersatzneubau der Carolabr\u00fccke abgestimmt und sich mehrheitlich f\u00fcr den Entwurf <a href=\"https:\/\/www.mdr.de\/nachrichten\/sachsen\/dresden\/dresden-radebeul\/buerger-vote-entwurf-,carolabruecke-abstimmung-100.html\" title=\"Dresdner stimmen \u00fcber Carolabr\u00fccke ab: Spar-Variante f\u00e4llt durch\" rel=\"nofollow noopener\" target=\"_blank\">FHECOR Deutschland GmbH &amp; TSSB<\/a> Planungsgesellschaft mbH ausgesprochen. 39 Stadtr\u00e4te stimmten daf\u00fcr, 31 dagegen. Der FHECOR-Entwurf war auch der Favorit beim B\u00fcrger-Votum.<\/p>\n<p class=\"\">Ein Expertengremium ware jedoch f\u00fcr den <a href=\"https:\/\/www.mdr.de\/nachrichten\/sachsen\/dresden\/dresden-radebeul\/experten-favorit-elbbruecke,carolabruecke-bau-entwurf-100.html\" title=\"Neue Carolabr\u00fccke f\u00fcr Dresden: Das ist der Favorit der Experten\" rel=\"nofollow noopener\" target=\"_blank\">Entwurf von Leonhardt, Andr\u00e4<\/a> und Partner Beratende Ingenieure VBI AG (LAP) \u2013 mit Knight Architects gewesen.<\/p>\n<p>                    <a href=\"https:\/\/www.europesays.com\/de\/wp-content\/uploads\/2026\/09\/ssp-carolabruecke-104.webp\" class=\"zoomimage\" title=\"Bild vergr\u00f6\u00dfern\"><\/p>\n<p>        <img decoding=\"async\" src=\"https:\/\/www.europesays.com\/de\/wp-content\/uploads\/2026\/09\/ssp-carolabruecke-104.webp\" alt=\"Vier Bilder von Visualisierungen vier verschiedener Br\u00fccken.\" title=\"Diese vier Entw\u00fcrfe der Carolabr\u00fccke standen mehrere Monate lang zur Debatte. | MITTELDEUTSCHER RUNDFUNK\" class=\"responsive\" loading=\"lazy\"\/><\/p>\n<p>                    <\/a><\/p>\n<p>                    Diese vier Entw\u00fcrfe der Carolabr\u00fccke standen mehrere Monate lang zur Debatte.<\/p>\n<p>        <img decoding=\"async\" src=\"https:\/\/www.europesays.com\/de\/wp-content\/uploads\/2026\/08\/ansicht-carolabruecke-ingenieure-fhecor-elbe-100.webp\" alt=\"Man sieht einen Architektenentwurf f\u00fcr die Carolabr\u00fccke in Dresden vom Architekturb\u00fcro FHECOR Deutschlanfd GmbH und TSSB Planungsgesellschaft\" title=\"Bei einem B\u00fcrger-Voting \u00fcber den Neubau der Carolabr\u00fccke wurde unter vier Entw\u00fcrfen der Entwurf der Planer FHECOR und TSSB favorisiert. Das letzte Wort hat der Dresdner Stadtrat. (Archivbild) | FHECOR Deutschlanfd GmbH und TSSB Planungsgesellschaft\" class=\"responsive\" loading=\"lazy\"\/><\/p>\n<p>    Baub\u00fcrgermeister: &#8222;Knappe Entscheidung&#8220;<\/p>\n<p class=\"\">Dresden Baub\u00fcrgermeister Stefan K\u00fchn (Gr\u00fcne) sagte, der Entscheid ist &#8222;ein Meilenstein f\u00fcr den Wiederaufbau&#8220;. Der Bau soll 140 Millionen Euro kosten und &#8222;f\u00fcr die n\u00e4chsten 100 Jahre stehen&#8220;.<\/p>\n<p class=\"\">Weitere Informationen folgen.<\/p>\n<p>Mehr \u00fcber die Entw\u00fcrfe zur Carolabr\u00fccke<\/p>\n<p>        <img decoding=\"async\" src=\"https:\/\/www.europesays.com\/de\/wp-content\/uploads\/2026\/08\/carola-bruecke-entwurf-lap-experten-100.webp\" alt=\"Der Architektenentwurf aus dem Haus Leonhardt, Andr\u00e4 und Partner Beratende Ingenieure VBI AG und Knight Architects zeiht eine neue Carolabr\u00fccke von unten. Menschen sitzen im Gras und genie\u00dfen am Fu\u00dfe der Br\u00fccke ihre Freizeit.\" title=\"Der Architektenentwurf aus dem Haus Leonhardt, Andr\u00e4 und Partner Beratende Ingenieure VBI AG und Knight Architects zeiht eine neue Carolabr\u00fccke von unten. Menschen sitzen im Gras und genie\u00dfen am Fu\u00dfe der Br\u00fccke ihre Freizeit. | Leonhardt, Andr\u00e4 und Partner Beratende Ingenieure VBI AG und Knight Architects\" class=\"responsive\" loading=\"lazy\"\/><\/p>\n<p>        <img decoding=\"async\" src=\"https:\/\/www.europesays.com\/de\/wp-content\/uploads\/2026\/07\/carolabruecke-buergerdialog-entwuerfe-fragen-104.webp\" alt=\"Dresden Baub\u00fcrgermeister Stephan K\u00fchn (re.) und de rLeiter des Tiefbauamtes Abteilung Br\u00fccken, Jolger Kalbe (li.9 heben vorsicvhtig ein gro\u00dfes Br\u00fcckenmodell aus Papier an und setzen es in einer angedeutenen Stadtlandschaft ab.\" title=\"Dresden Baub\u00fcrgermeister Stephan K\u00fchn (re.) und de rLeiter des Tiefbauamtes Abteilung Br\u00fccken, Jolger Kalbe (li.9 heben vorsicvhtig ein gro\u00dfes Br\u00fcckenmodell aus Papier an und setzen es in einer angedeutenen Stadtlandschaft ab. | Kathrin K\u00f6nig\" class=\"responsive\" loading=\"lazy\"\/><\/p>\n<p>B\u00fcrgerdialog zu Entw\u00fcrfen<\/p>\n<p>        <img decoding=\"async\" src=\"https:\/\/www.europesays.com\/de\/wp-content\/uploads\/2026\/07\/carolabruecke-baustelle-110.webp\" alt=\"Blick auf den Abriss der Br\u00fcckenteile A und B der Carolabr\u00fccke, im Hintergrund ist der Frauenkirche und der Kuppel der Kunstakedmie mit dem Engel \u201eFama\u201c zu sehen.\" title=\"Blick auf den Abriss der Br\u00fcckenteile A und B der Carolabr\u00fccke, im Hintergrund ist der Frauenkirche und der Kuppel der Kunstakedmie mit dem Engel \u201eFama\u201c zu sehen. | picture alliance\/dpa | Robert Michael\" class=\"responsive\" loading=\"lazy\"\/><\/p>\n<p class=\"\">MDR (kk)<\/p>\n<p>Dieses Thema im Programm:<\/p>\n<p>                MDR SACHSEN &#8211; Das Sachsenradio | Nachrichten | 02.09.2026 | 20:00 Uhr<\/p>\n","protected":false},"excerpt":{"rendered":"AUDIO: Heute Grundsatzentscheidung des Stadtrats zur Carolabr\u00fccke Dresden (1 Min) Grundsatzentscheidung gefallen von MDR SACHSEN Stand: 03.09.2026 19:54&hellip;\n","protected":false},"author":2,"featured_media":1278485,"comment_status":"","ping_status":"","sticky":false,"template":"","format":"standard","meta":{"footnotes":"","_share_on_mastodon":"0"},"categories":[1835],"tags":[12408,600,22579,13426,3364,29,2386,8762,48347,263774,30,228534,14,15,859,1108],"class_list":["post-1278484","post","type-post","status-publish","format-standard","has-post-thumbnail","category-dresden","tag-abstimmung","tag-bruecke","tag-brueckenbau","tag-carolabruecke","tag-de","tag-deutschland","tag-dresden","tag-elbbruecke","tag-entwuerfe","tag-fehcor","tag-germany","tag-lap","tag-nachrichten","tag-news","tag-sachsen","tag-stadtrat"],"share_on_mastodon":{"url":"https:\/\/pubeurope.com\/@de\/117208424953924004","error":""},"_links":{"self":[{"href":"https:\/\/www.europesays.com\/de\/wp-json\/wp\/v2\/posts\/1278484","targetHints":{"allow":["GET"]}}],"collection":[{"href":"https:\/\/www.europesays.com\/de\/wp-json\/wp\/v2\/posts"}],"about":[{"href":"https:\/\/www.europesays.com\/de\/wp-json\/wp\/v2\/types\/post"}],"author":[{"embeddable":true,"href":"https:\/\/www.europesays.com\/de\/wp-json\/wp\/v2\/users\/2"}],"replies":[{"embeddable":true,"href":"https:\/\/www.europesays.com\/de\/wp-json\/wp\/v2\/comments?post=1278484"}],"version-history":[{"count":0,"href":"https:\/\/www.europesays.com\/de\/wp-json\/wp\/v2\/posts\/1278484\/revisions"}],"wp:featuredmedia":[{"embeddable":true,"href":"https:\/\/www.europesays.com\/de\/wp-json\/wp\/v2\/media\/1278485"}],"wp:attachment":[{"href":"https:\/\/www.europesays.com\/de\/wp-json\/wp\/v2\/media?parent=1278484"}],"wp:term":[{"taxonomy":"category","embeddable":true,"href":"https:\/\/www.europesays.com\/de\/wp-json\/wp\/v2\/categories?post=1278484"},{"taxonomy":"post_tag","embeddable":true,"href":"https:\/\/www.europesays.com\/de\/wp-json\/wp\/v2\/tags?post=1278484"}],"curies":[{"name":"wp","href":"https:\/\/api.w.org\/{rel}","templated":true}]}}