{"id":1278522,"date":"2026-09-03T18:26:22","date_gmt":"2026-09-03T18:26:22","guid":{"rendered":"https:\/\/www.europesays.com\/de\/1278522\/"},"modified":"2026-09-03T18:26:22","modified_gmt":"2026-09-03T18:26:22","slug":"brandenburg-bekennerschreiben-nach-anschlag-auf-umspannwerk-aufgetaucht","status":"publish","type":"post","link":"https:\/\/www.europesays.com\/de\/1278522\/","title":{"rendered":"Brandenburg: Bekennerschreiben nach Anschlag auf Umspannwerk aufgetaucht"},"content":{"rendered":"<p>Polizei pr\u00fcft EchtheitNach Angriff auf Umspannwerk in Brandenburg: Bekennerschreiben aufgetaucht<img alt=\"Riesaer Mittelst\u00e4ndler im Energiebereich investiert 30 Millionen Euro. (Symbolbild)\" fetchpriority=\"high\" width=\"940\" height=\"529\" decoding=\"async\" data-nimg=\"1\" class=\"Image_image__SdgLQ Picture_image__vGN9W\" style=\"color:transparent\"   src=\"https:\/\/www.europesays.com\/de\/wp-content\/uploads\/2026\/09\/riesaer-mittelstaendler-im-energiebereich-investiert-30-millionen-euro-symbolbild.webp\"\/><\/p>\n<p>Nach dem Angriff auf das Umspannwerk am Kohlekraftwerk J\u00e4nschwalde in Brandenburg ist ein Bekennerschreiben aufgetaucht. Die Polizei pr\u00fcft derzeit, ob es tats\u00e4chlich vom T\u00e4ter stammt. (Symbolbild)\u00a0\u00a0<\/p>\n<p>Patrick Pleul\/dpa<\/p>\n<p class=\"AnnotatedMarkup_paragraph__IUT9l\"><strong>Neue Entwicklung nach dem Angriff auf das Umspannwerk am Kohlekraftwerk J\u00e4nschwalde in Brandenburg.<\/strong><br \/>Nach Angaben der Polizei ist ein Bekennerschreiben aufgetaucht. Darin soll sich ein Einzelt\u00e4ter zu der Tat bekennen und Details zu den verwendeten selbstgebauten Flugk\u00f6rpern nennen. Ob das Schreiben tats\u00e4chlich vom T\u00e4ter stammt, ist bislang allerdings nicht gekl\u00e4rt.<\/p>\n<p>Polizei untersucht Bekennerschreiben<\/p>\n<p class=\"AnnotatedMarkup_paragraph__IUT9l\">Das Brandenburger Polizeipr\u00e4sidium in Potsdam teilte am Donnerstag mit, \u00fcber ein Bekennerschreiben im Zusammenhang mit dem Anschlag informiert worden zu sein.<\/p>\n<p class=\"AnnotatedMarkup_paragraph__IUT9l\">\u201eDie Authentizit\u00e4t des Schreibens ist Gegenstand weiterer Ermittlungen und kann zum jetzigen Zeitpunkt weder best\u00e4tigt, noch verneint werden\u201c, teilte die Polizei mit. Aus \u201eermittlungstaktischen Gr\u00fcnden\u201c machten die Beh\u00f6rden zun\u00e4chst keine weiteren Angaben.<\/p>\n<p class=\"AnnotatedMarkup_paragraph__IUT9l\"><strong>Lese-Tipp: <\/strong><a href=\"https:\/\/www.rtl.de\/rtl-nord\/hamburg-schleswig-holstein\/polizei-ueberprueft-kraftwerke-in-hamburg-sabotage-sorge-an-kritischer-infrastruktur-id31266615.html\" target=\"_self\" rel=\"nofollow noopener\">Wie sicher ist eigentlich unsere Infrastruktur?<\/a><\/p>\n<p class=\"AnnotatedMarkup_paragraph__IUT9l\">Nach Informationen der \u201etaz\u201c bekennt sich in dem Schreiben ein Einzelt\u00e4ter zu dem Angriff und beschreibt detailliert die dabei verwendeten Selbstbauraketen.<\/p>\n<p class=\"AnnotatedMarkup_paragraph__IUT9l\"><strong>Als m\u00f6gliches Motiv wird dem Bericht zufolge die Stromerzeugung aus fossilen Brennstoffen genannt. <\/strong>Diese sei ein \u201eVerbrechen, das uns\u00e4gliches Leid nach sich zieht\u201c, zitiert die Zeitung aus dem Schreiben. Dieses Leid wolle der Verfasser demnach \u201eabwenden oder vermindern\u201c.<\/p>\n<p>Video-Tipp: Angriff auf Stromnetz! Notschaltung verhindert Blackout in NRW<\/p>\n<p>01:45 min<\/p>\n<p>Ermittler pr\u00fcfen Sabotage-Verdacht<\/p>\n<p>Angriff auf Stromnetz! Notschaltung verhindert Blackout in NRW<\/p>\n<p>Anzeige:<\/p>\n<p>Empfehlungen unserer Partner<\/p>\n<p>Schreiben soll aus Nordrhein-Westfalen verschickt worden sein<\/p>\n<p class=\"AnnotatedMarkup_paragraph__IUT9l\">Das Bekennerschreiben soll handschriftlich verfasst und laut Poststempel in Nordrhein-Westfalen aufgegeben worden sein.<\/p>\n<p class=\"AnnotatedMarkup_paragraph__IUT9l\">Die \u201etaz\u201c habe nach eigenen Angaben an der zugeh\u00f6rigen Adresse ein Familienmitglied angetroffen. Dieses habe erkl\u00e4rt, weder von der Tat noch vom derzeitigen Aufenthaltsort des Mannes zu wissen. Die Handschrift des Angeh\u00f6rigen habe die Person dem Bericht zufolge jedoch erkannt.<\/p>\n<p>Angriff mit selbstgebauten Flugk\u00f6rpern<\/p>\n<p class=\"AnnotatedMarkup_paragraph__IUT9l\">Der Angriff auf das Umspannwerk am Kohlekraftwerk J\u00e4nschwalde war am Dienstag ver\u00fcbt worden. Nach Angaben des Netzbetreibers 50Hertz kamen dabei \u201eselbstgebaute Flugk\u00f6rper, die handels\u00fcblichen Silvesterraketen \u00e4hneln\u201c, zum Einsatz.<\/p>\n<p class=\"AnnotatedMarkup_paragraph__IUT9l\">Brandenburgs Innenminister Jan Redmann (CDU) zufolge wurde versucht, eine Verbindung zwischen der H\u00f6chstspannungsleitung und dem Erdboden herzustellen und dadurch einen Kurzschluss auszul\u00f6sen.<\/p>\n<p class=\"AnnotatedMarkup_paragraph__IUT9l\"><strong>Die Polizei ermittelt unter anderem wegen des Verdachts einer terroristischen Straftat. Ob das nun aufgetauchte Bekennerschreiben tats\u00e4chlich mit dem Angriff in Verbindung steht, m\u00fcssen die weiteren Ermittlungen zeigen.<\/strong><\/p>\n<p class=\"AnnotatedMarkup_paragraph__IUT9l\">Verwendete Quelle: AFP<\/p>\n","protected":false},"excerpt":{"rendered":"Polizei pr\u00fcft EchtheitNach Angriff auf Umspannwerk in Brandenburg: Bekennerschreiben aufgetaucht Nach dem Angriff auf das Umspannwerk am Kohlekraftwerk&hellip;\n","protected":false},"author":2,"featured_media":1278523,"comment_status":"","ping_status":"","sticky":false,"template":"","format":"standard","meta":{"footnotes":"","_share_on_mastodon":"0"},"categories":[1816],"tags":[261016,1960,1958,1959,1957,2140,13774,1956,1890,29,30,1209,121],"class_list":["post-1278522","post","type-post","status-publish","format-standard","has-post-thumbnail","category-brandenburg","tag-ah-analytics","tag-aktuelle-nachrichten-aus-berlin-und-brandenburg","tag-aktuelle-nachrichten-aus-brandenburg","tag-aktuelle-news-aus-berlin-und-brandenburg","tag-aktuelle-news-aus-brandenburg","tag-angriff","tag-anschlag","tag-berlin-und-brandenburg","tag-brandenburg","tag-deutschland","tag-germany","tag-nordrhein-westfalen","tag-polizei"],"share_on_mastodon":{"url":"https:\/\/pubeurope.com\/@de\/117208522133799781","error":""},"_links":{"self":[{"href":"https:\/\/www.europesays.com\/de\/wp-json\/wp\/v2\/posts\/1278522","targetHints":{"allow":["GET"]}}],"collection":[{"href":"https:\/\/www.europesays.com\/de\/wp-json\/wp\/v2\/posts"}],"about":[{"href":"https:\/\/www.europesays.com\/de\/wp-json\/wp\/v2\/types\/post"}],"author":[{"embeddable":true,"href":"https:\/\/www.europesays.com\/de\/wp-json\/wp\/v2\/users\/2"}],"replies":[{"embeddable":true,"href":"https:\/\/www.europesays.com\/de\/wp-json\/wp\/v2\/comments?post=1278522"}],"version-history":[{"count":0,"href":"https:\/\/www.europesays.com\/de\/wp-json\/wp\/v2\/posts\/1278522\/revisions"}],"wp:featuredmedia":[{"embeddable":true,"href":"https:\/\/www.europesays.com\/de\/wp-json\/wp\/v2\/media\/1278523"}],"wp:attachment":[{"href":"https:\/\/www.europesays.com\/de\/wp-json\/wp\/v2\/media?parent=1278522"}],"wp:term":[{"taxonomy":"category","embeddable":true,"href":"https:\/\/www.europesays.com\/de\/wp-json\/wp\/v2\/categories?post=1278522"},{"taxonomy":"post_tag","embeddable":true,"href":"https:\/\/www.europesays.com\/de\/wp-json\/wp\/v2\/tags?post=1278522"}],"curies":[{"name":"wp","href":"https:\/\/api.w.org\/{rel}","templated":true}]}}