{"id":1278524,"date":"2026-09-03T18:27:19","date_gmt":"2026-09-03T18:27:19","guid":{"rendered":"https:\/\/www.europesays.com\/de\/1278524\/"},"modified":"2026-09-03T18:27:19","modified_gmt":"2026-09-03T18:27:19","slug":"frau-meldet-giftige-substanzen-in-ihrer-handtasche-polizei-raeumt-ber-terminal-bahnverkehr-eingestellt","status":"publish","type":"post","link":"https:\/\/www.europesays.com\/de\/1278524\/","title":{"rendered":"Frau meldet giftige Substanzen in ihrer Handtasche: Polizei r\u00e4umt BER-Terminal \u2013 Bahnverkehr eingestellt"},"content":{"rendered":"<p class=\"tspBOmb tspBOmc\">Die Polizei hat am Hauptstadtflughafen BER das Terminal 1 ger\u00e4umt. Das best\u00e4tigte ein Sprecher der Polizei. Die Flugg\u00e4ste wurden aufgefordert, das Geb\u00e4ude zu verlassen. Der Bahnverkehr ist inzwischen eingestellt.<\/p>\n<p class=\"tspBOmb\">Nach Tagesspiegel-Informationen war eine Frau mit der Rolltreppe zur Bundespolizei hochgefahren und hatte dort gesagt, in ihrer Handtasche bef\u00e4nden sich giftige Substanzen. Daraufhin \u00fcberw\u00e4ltigten Beamte die Frau. Sie wurde festgenommen.<\/p>\n<p class=\"tspBOmb\">\u201eBei der unbestimmten Substanz konnte eine Gefahr nicht ausgeschlossen werden\u201c, sagte der Polizeisprecher. Deswegen wurde der Gefahrgut-Alarm ausgel\u00f6st. Weitere Angaben machte er zun\u00e4chst nicht.<\/p>\n<p class=\"tspBOmb\">Der Alarm soll gegen 17.45 Uhr ausgel\u00f6st worden sein. Um die Handtasche der Frau wurde ein Sperrkreis eingerichtet.<\/p>\n<p> Passagiere werden zum Terminal 2 geleitet <\/p>\n<p class=\"tspBOmb\">Inzwischen ist die Abfertigung am Terminal 1 im \u00f6ffentlichen Bereich eingestellt worden. Das sagte eine BER-Sprecherin dem Tagesspiegel auf Nachfrage. Bereits abgefertigte Maschinen konnten regul\u00e4r starten, im Anflug befindliche Maschinen konnten weiter landen.<\/p>\n<p class=\"tspBOmb\">Die Abfertigung der Flugg\u00e4ste werde m\u00f6glichst auf Terminal 2 verlegt, sagte die Sprecherin. Bisher laufe alles geordnet. Versp\u00e4tungen und Flugausf\u00e4lle seien m\u00f6glich, jedoch aktuell nicht absehbar.<\/p>\n<p><img decoding=\"async\" src=\"https:\/\/www.europesays.com\/de\/wp-content\/uploads\/2026\/09\/ber-terminal-1-geraumt.jpeg\" alt=\"Polizei r\u00e4umt BER-Terminal wegen m\u00f6glichen Gefahrguts\" aria-labelledby=\"caption-16015749\" width=\"620\" height=\"465\" loading=\"lazy\" class=\"tspAWiy\"\/> Die Feuerwehr ist im Gro\u00dfeinsatz am BER. <\/p>\n<p class=\"tspAFgu\"> \u00a9 Sven Schuster <\/p>\n<p class=\"tspBOmb\">Mehrere Feuerwehren aus dem Landkreis Dahme-Spreewald sowie die Flughafenfeuerwehr sind im Einsatz\u00a0\u2013 in Schutzanz\u00fcgen und mit Spezialtechnik. Auch die Notfalleinsatzzentrale ist einberufen worden. Dies passiert, wenn eine akute, komplexe Krisenlage vorliegt, die durch die normale, allt\u00e4gliche Organisation nicht mehr bew\u00e4ltigt werden kann. (mit dpa)<\/p>\n","protected":false},"excerpt":{"rendered":"Die Polizei hat am Hauptstadtflughafen BER das Terminal 1 ger\u00e4umt. Das best\u00e4tigte ein Sprecher der Polizei. Die Flugg\u00e4ste&hellip;\n","protected":false},"author":2,"featured_media":1278525,"comment_status":"","ping_status":"","sticky":false,"template":"","format":"standard","meta":{"footnotes":"","_share_on_mastodon":"0"},"categories":[1825],"tags":[1941,1939,296,1937,82679,29,30,1940,1938],"class_list":["post-1278524","post","type-post","status-publish","format-standard","has-post-thumbnail","category-berlin","tag-aktuelle-nachrichten-aus-berlin","tag-aktuelle-news-aus-berlin","tag-berlin","tag-berlin-news","tag-der-berliner-flughafen-ber","tag-deutschland","tag-germany","tag-nachrichten-aus-berlin","tag-news-aus-berlin"],"share_on_mastodon":{"url":"https:\/\/pubeurope.com\/@de\/117208525935609657","error":""},"_links":{"self":[{"href":"https:\/\/www.europesays.com\/de\/wp-json\/wp\/v2\/posts\/1278524","targetHints":{"allow":["GET"]}}],"collection":[{"href":"https:\/\/www.europesays.com\/de\/wp-json\/wp\/v2\/posts"}],"about":[{"href":"https:\/\/www.europesays.com\/de\/wp-json\/wp\/v2\/types\/post"}],"author":[{"embeddable":true,"href":"https:\/\/www.europesays.com\/de\/wp-json\/wp\/v2\/users\/2"}],"replies":[{"embeddable":true,"href":"https:\/\/www.europesays.com\/de\/wp-json\/wp\/v2\/comments?post=1278524"}],"version-history":[{"count":0,"href":"https:\/\/www.europesays.com\/de\/wp-json\/wp\/v2\/posts\/1278524\/revisions"}],"wp:featuredmedia":[{"embeddable":true,"href":"https:\/\/www.europesays.com\/de\/wp-json\/wp\/v2\/media\/1278525"}],"wp:attachment":[{"href":"https:\/\/www.europesays.com\/de\/wp-json\/wp\/v2\/media?parent=1278524"}],"wp:term":[{"taxonomy":"category","embeddable":true,"href":"https:\/\/www.europesays.com\/de\/wp-json\/wp\/v2\/categories?post=1278524"},{"taxonomy":"post_tag","embeddable":true,"href":"https:\/\/www.europesays.com\/de\/wp-json\/wp\/v2\/tags?post=1278524"}],"curies":[{"name":"wp","href":"https:\/\/api.w.org\/{rel}","templated":true}]}}