{"id":1278530,"date":"2026-09-03T18:31:23","date_gmt":"2026-09-03T18:31:23","guid":{"rendered":"https:\/\/www.europesays.com\/de\/1278530\/"},"modified":"2026-09-03T18:31:23","modified_gmt":"2026-09-03T18:31:23","slug":"berlin-hackerangriff-auf-berliner-landesnetz-auch-buerger-daten-wohl-betroffen","status":"publish","type":"post","link":"https:\/\/www.europesays.com\/de\/1278530\/","title":{"rendered":"Berlin: Hackerangriff auf Berliner Landesnetz: Auch B\u00fcrger-Daten wohl betroffen"},"content":{"rendered":"<p>            <img loading=\"lazy\" decoding=\"async\" class=\"ts-image\" src=\"https:\/\/www.europesays.com\/de\/wp-content\/uploads\/2026\/09\/rbb-616157524-100.jpg\" alt=\"Eine Person tippt mit den Fingern auf einer beleuchteten Laptop-Tastatur. (Quelle: dpa\/Dulian)\" title=\"616157524 | dpa\/Dulian\"\/><\/p>\n<p class=\"metatextline\">Stand: 03.09.2026 \u2022 19:59 Uhr<\/p>\n<p class=\"article-head__shorttext\">\n        <strong>Das Land Berlin wird nach einem umfangreichen Cyberangriff auf die Verwaltung erpresst. Am Freitag l\u00e4uft die Frist der Kriminellen ab &#8211; davon k\u00f6nnten auch B\u00fcrger-Daten betroffen sein.<\/strong>\n    <\/p>\n<ul class=\"bulletpoint-list \">\n<li>Land Berlin wird nach Hackerangriff auf die Verwaltung erpresst<\/li>\n<li>Gruppe &#8222;Rhysida&#8220; fordert 30 Bitcoins &#8211; etwa zwei Millionen Euro<\/li>\n<li>Am Freitag l\u00e4uft die Frist der Kriminellen ab<\/li>\n<li>Auch B\u00fcrger-Daten k\u00f6nnten ver\u00f6ffentlicht werden<\/li>\n<\/ul>\n<p class=\"textabsatz m-ten m-offset-one l-eight l-offset-two columns twelve\">Nach dem tagelangen Cyberangriff auf das Datennetz der Verwaltung sieht die Berliner Landesregierung die Gefahr, dass auch Daten von B\u00fcrgern ver\u00f6ffentlicht werden k\u00f6nnten. &#8222;Es ist nicht auszuschlie\u00dfen, dass die mutma\u00dflichen T\u00e4ter am morgigen Freitag, dem 4. September 2026, die von ihnen gestohlenen Daten ver\u00f6ffentlichen. Darunter k\u00f6nnen nach jetzigem Kenntnisstand auch personenbezogene Daten von Besch\u00e4ftigten des Landes Berlin, aber auch von B\u00fcrgerinnen und B\u00fcrgern sowie Unternehmen sein&#8220;, hie\u00df es in einem Schreiben der Senatskanzlei am Donnerstag.<\/p>\n<p class=\"textabsatz m-ten m-offset-one l-eight l-offset-two columns twelve\">Nach dem Angriff verlangt eine Gruppierung professioneller Hacker vom Land Berlin bis Freitag ein L\u00f6segeld von rund zwei Millionen Euro. Das sagte Senatssprecherin Christine Richter der Deutschen Presse-Agentur. &#8222;Es ist richtig, dass eine Gruppe mit dem Namen Rhysida sich zu der Tat bekannt hat und behauptet, im Besitz von gestohlenen Daten im Umfang von 5,7 Terabyte zu sein.&#8220;<\/p>\n<p>    Sind beim Cyberangriff weitere Daten abgeflossen?<\/p>\n<p class=\"textabsatz m-ten m-offset-one l-eight l-offset-two columns twelve\">&#8222;Es liegen derzeit keine Erkenntnisse vor, dass das Landesnetz noch infiltriert ist&#8220;, hie\u00df es in dem Schreiben der Senatskanzlei. Die forensischen Untersuchungen dauerten aber an. Gegenstand der Untersuchungen ist auch, ob m\u00f6glicherweise weitere Daten abgeflossen sind. Seit vergangenen Freitag habe die Gruppe die gestohlenen Daten im Darknet im Rahmen einer Versteigerung zum Kauf angeboten. &#8222;Das Mindestgebot liegt bei 30 Bitcoins, also rund zwei Millionen Euro. Die Versteigerung l\u00e4uft bis Freitag&#8220;, sagte Richter. &#8222;Es muss davon ausgegangen werden, dass die Daten im Anschluss weiterver\u00e4u\u00dfert oder ganz oder in Teilen ver\u00f6ffentlicht werden.&#8220;<\/p>\n<p>    Verbindungen zu Russland lassen sich nicht ausschlie\u00dfen<\/p>\n<p class=\"textabsatz m-ten m-offset-one l-eight l-offset-two columns twelve\">Nach Wissen des Senats handele es sich um eine hochprofessionelle Gruppierung, die mit diversen Cyberattacken auf Ziele in Nord- und S\u00fcdeuropa, Deutschland und den USA in den vergangenen Jahren in Verbindung gebracht werde. &#8222;Erkenntnisse \u00fcber Verbindungen nach Russland oder gar dem russischen Staat liegen nicht vor, k\u00f6nnen aber auch nicht ausgeschlossen werden.&#8220; Der Cyberangriff war am 14. August bekanntgeworden. Nach bisherigen Erkenntnissen flossen vom 7. bis zum 12. August Daten in gro\u00dfem Umfang ab. Darunter sind auch sensible, also zum Beispiel personenbezogene Daten. Berlins Regierender B\u00fcrgermeister Kai Wegner (CDU) hatte am Freitag erkl\u00e4rt, das Land Berlin lasse sich nicht erpressen.<\/p>\n<p class=\"textabsatz m-ten m-offset-one l-eight l-offset-two columns twelve\">Sendung: Fritz vom rbb, 03.09.2026, 18:30 Uhr Audio: Fritz vom rbb, 03.09.2026, Jonathan Penschek<\/p>\n<p>                                        <a class=\"backlink__link\" href=\"https:\/\/www.rbb24.de\/politik\/beitrag\/2026\/09\/berlin-cyberangriff-daten-verkauft-rhysida-darknet-ultimatum.html\" rel=\"nofollow noopener\" target=\"_blank\"><\/p>\n<p>                                                <img decoding=\"async\" src=\"https:\/\/images.tagesschau.de\/image\/898f19c3-6760-4be2-a33f-1fa765216ec2\/AAABlap_olM\/AAABnR8VW9w\/original\/lra-rbb-logo-100.svg\" alt=\"Rundfunk Berlin-Brandenburg\"\/><\/p>\n<p>                                        <\/a><\/p>\n","protected":false},"excerpt":{"rendered":"Stand: 03.09.2026 \u2022 19:59 Uhr Das Land Berlin wird nach einem umfangreichen Cyberangriff auf die Verwaltung erpresst. Am&hellip;\n","protected":false},"author":2,"featured_media":1278531,"comment_status":"","ping_status":"","sticky":false,"template":"","format":"standard","meta":{"footnotes":"","_share_on_mastodon":"0"},"categories":[1825],"tags":[296,29,30,2239],"class_list":["post-1278530","post","type-post","status-publish","format-standard","has-post-thumbnail","category-berlin","tag-berlin","tag-deutschland","tag-germany","tag-rbb"],"share_on_mastodon":{"url":"","error":""},"_links":{"self":[{"href":"https:\/\/www.europesays.com\/de\/wp-json\/wp\/v2\/posts\/1278530","targetHints":{"allow":["GET"]}}],"collection":[{"href":"https:\/\/www.europesays.com\/de\/wp-json\/wp\/v2\/posts"}],"about":[{"href":"https:\/\/www.europesays.com\/de\/wp-json\/wp\/v2\/types\/post"}],"author":[{"embeddable":true,"href":"https:\/\/www.europesays.com\/de\/wp-json\/wp\/v2\/users\/2"}],"replies":[{"embeddable":true,"href":"https:\/\/www.europesays.com\/de\/wp-json\/wp\/v2\/comments?post=1278530"}],"version-history":[{"count":0,"href":"https:\/\/www.europesays.com\/de\/wp-json\/wp\/v2\/posts\/1278530\/revisions"}],"wp:featuredmedia":[{"embeddable":true,"href":"https:\/\/www.europesays.com\/de\/wp-json\/wp\/v2\/media\/1278531"}],"wp:attachment":[{"href":"https:\/\/www.europesays.com\/de\/wp-json\/wp\/v2\/media?parent=1278530"}],"wp:term":[{"taxonomy":"category","embeddable":true,"href":"https:\/\/www.europesays.com\/de\/wp-json\/wp\/v2\/categories?post=1278530"},{"taxonomy":"post_tag","embeddable":true,"href":"https:\/\/www.europesays.com\/de\/wp-json\/wp\/v2\/tags?post=1278530"}],"curies":[{"name":"wp","href":"https:\/\/api.w.org\/{rel}","templated":true}]}}