{"id":1278532,"date":"2026-09-03T18:32:16","date_gmt":"2026-09-03T18:32:16","guid":{"rendered":"https:\/\/www.europesays.com\/de\/1278532\/"},"modified":"2026-09-03T18:32:16","modified_gmt":"2026-09-03T18:32:16","slug":"berlin-lol-und-lol-next-bekommen-neue-staffeln","status":"publish","type":"post","link":"https:\/\/www.europesays.com\/de\/1278532\/","title":{"rendered":"Berlin | \u00abLOL\u00bb und \u00abLOL Next\u00bb bekommen neue Staffeln"},"content":{"rendered":"<p>Berlin (dpa) &#8211; Die erste Staffel ist noch gar nicht erschienen, da steht schon fest: Der Comedy-Show-Ableger \u00abLOL Next\u00bb bei Prime Video bekommt eine zweite Staffel. Das teilte Amazons Streamingdienst bei einer Programmpr\u00e4sentation in Berlin mit. Die erste Staffel, moderiert von Hazel Brugger, startet kommenden Donnerstag (10. September).\u00a0<\/p>\n<p>Das Spin-off des Comedy-Formats \u00abLOL: Last One Laughing\u00bb bringt den Angaben zufolge \u00abdie n\u00e4chste Generation deutscher Comedy-Talente zusammen\u00bb.\u00a0<\/p>\n<p>In der ersten Staffel sind zehn Comedians mit dabei, zum Beispiel Phil Laude und Sandra Safiulov, besser bekannt als SelfieSandra. In vier Folgen treten sie gegeneinander an, um sich gegenseitig zum Lachen zu bringen. Wer einmal lacht oder auch nur grinst, fliegt raus. Die zweite Staffel wurde f\u00fcr 2027 angek\u00fcndigt. Wer dann zur Besetzung geh\u00f6rt, ist noch unklar.\u00a0<\/p>\n<p>Achte Staffel von \u00abLOL: Last One Laughing\u00bb kommt an Ostern<\/p>\n<p>Zugleich gibt es Neuigkeiten f\u00fcr das Original-Format mit Michael \u00abBully\u00bb Herbig. \u00abLOL: Last One Laughing\u00bb komme zu Ostern mit einer achten Staffel zur\u00fcck, hie\u00df es.\u00a0<\/p>\n<p>In der siebten Staffel, die dieses Fr\u00fchjahr ver\u00f6ffentlicht worden war, traten unter anderem Comedy-Stars wie Teddy Teclebrhan, Carolin Kebekus und Martina Hill gegeneinander an. Hape Kerkeling \u00fcbernahm vor\u00fcbergehend in seiner Kultrolle als Horst Schl\u00e4mmer den Chef- und Moderationssessel.<\/p>\n<p>F\u00fcr die Weihnachtszeit k\u00fcndigte der Streamingdienst einen sogenannten \u00abComedy-Adventskalender\u00bb an. Ab dem 1. Dezember erwarte Zuschauer &#8211; wie bei einem Adventskalender &#8211; 24 Tage lang je ein neues \u00abT\u00fcrchen\u00bb mit einer unterhaltsamen Kurzfolge. Mit dabei seien Comedians wie Ralf Schmitz, Max Giermann und Martina Hill. Wer aufpasst und Zahlen bei jedem T\u00fcrchen sammelt, kann zu Weihnachten 75.000 Euro gewinnen.<\/p>\n","protected":false},"excerpt":{"rendered":"Berlin (dpa) &#8211; Die erste Staffel ist noch gar nicht erschienen, da steht schon fest: Der Comedy-Show-Ableger \u00abLOL&hellip;\n","protected":false},"author":2,"featured_media":1278533,"comment_status":"","ping_status":"","sticky":false,"template":"","format":"standard","meta":{"footnotes":"","_share_on_mastodon":"0"},"categories":[1825],"tags":[296,5299,29,441,30,2549,62,1433,293,1897],"class_list":["post-1278532","post","type-post","status-publish","format-standard","has-post-thumbnail","category-berlin","tag-berlin","tag-comedy","tag-deutschland","tag-fernsehen","tag-germany","tag-leute","tag-medien","tag-oesterreich","tag-schweiz","tag-streaming"],"share_on_mastodon":{"url":"https:\/\/pubeurope.com\/@de\/117208543860741842","error":""},"_links":{"self":[{"href":"https:\/\/www.europesays.com\/de\/wp-json\/wp\/v2\/posts\/1278532","targetHints":{"allow":["GET"]}}],"collection":[{"href":"https:\/\/www.europesays.com\/de\/wp-json\/wp\/v2\/posts"}],"about":[{"href":"https:\/\/www.europesays.com\/de\/wp-json\/wp\/v2\/types\/post"}],"author":[{"embeddable":true,"href":"https:\/\/www.europesays.com\/de\/wp-json\/wp\/v2\/users\/2"}],"replies":[{"embeddable":true,"href":"https:\/\/www.europesays.com\/de\/wp-json\/wp\/v2\/comments?post=1278532"}],"version-history":[{"count":0,"href":"https:\/\/www.europesays.com\/de\/wp-json\/wp\/v2\/posts\/1278532\/revisions"}],"wp:featuredmedia":[{"embeddable":true,"href":"https:\/\/www.europesays.com\/de\/wp-json\/wp\/v2\/media\/1278533"}],"wp:attachment":[{"href":"https:\/\/www.europesays.com\/de\/wp-json\/wp\/v2\/media?parent=1278532"}],"wp:term":[{"taxonomy":"category","embeddable":true,"href":"https:\/\/www.europesays.com\/de\/wp-json\/wp\/v2\/categories?post=1278532"},{"taxonomy":"post_tag","embeddable":true,"href":"https:\/\/www.europesays.com\/de\/wp-json\/wp\/v2\/tags?post=1278532"}],"curies":[{"name":"wp","href":"https:\/\/api.w.org\/{rel}","templated":true}]}}