{"id":1278560,"date":"2026-09-03T18:51:40","date_gmt":"2026-09-03T18:51:40","guid":{"rendered":"https:\/\/www.europesays.com\/de\/1278560\/"},"modified":"2026-09-03T18:51:40","modified_gmt":"2026-09-03T18:51:40","slug":"wetter-kiel-dwd-warnt-vor-wind-starkregen-mit-30-litern-droht","status":"publish","type":"post","link":"https:\/\/www.europesays.com\/de\/1278560\/","title":{"rendered":"Wetter Kiel: DWD warnt vor Wind \u2013 Starkregen mit 30 Litern droht"},"content":{"rendered":"<p>St\u00fcrmischer Wetterwechsel <\/p>\n<p>Starkregen zieht auf Kiel zu \u2013 bis zu 30 Liter m\u00f6glich<\/p>\n<p>03.09.2026 &#8211; 16:02 UhrLesedauer: 1 Min.<\/p>\n<p><a href=\"#focus-0\" class=\"transition-colors block text-current relative\" data-sctrack=\"FocusGalleryImage.Reference\"><img fetchpriority=\"high\" data-testid=\"Opener.Image\"   loading=\"eager\" src=\"https:\/\/www.europesays.com\/de\/wp-content\/uploads\/2026\/09\/passage-nord-ostseekanal-eine-regenfront-naehert-sich-einem-segelboot-auf-der-kieler-bucht-schleswig.jpeg\" alt=\"imago images 143588466\" title=\"imago images 143588466\" width=\"6000\" height=\"3375\" class=\"bg-[url:var(--lqipURL)] bg-cover bg-center flex h-full w-full max-w-full\" style=\"--lqipURL:url('https:\/\/images.t-online.de\/2026\/09\/o4WGCeQHn3bv\/0x309:6000x3375\/fit-in\/150x0\/filters:blur(25)\/passage-nord-ostseekanal-eine-regenfront-naehert-sich-einem-segelboot-auf-der-kieler-bucht-schleswig-holstein-deutschland-passage-north-sea-channel-a-rain-front-approaches-a-sailboat-on-the-bay-of-kiel-schleswig-holstein-germany.jpg')\" decoding=\"async\"\/><img loading=\"lazy\" src=\"https:\/\/www.t-online.de\/s\/paper\/_next\/static\/media\/zoom-in.f7dae02f.svg\" alt=\"Vergr\u00f6\u00dfern des Bildes\" title=\"Vergr\u00f6\u00dfern des Bildes\" class=\"block h-[calc(var(--height)_\/_16_*_1rem)] w-[calc(var(--width)_\/_16_*_1rem)] max-w-none absolute right-8 bottom-8 rounded-4 bg-snow p-8\" style=\"--width:32;--height:32\" decoding=\"async\"\/><\/a><\/p>\n<p>Eine Regenfront n\u00e4hert sich der Kieler Bucht (Symbolbild): Am Freitag drohen kr\u00e4ftiger Regen und st\u00fcrmische B\u00f6en. (Quelle: F. Anthea Schaap via www.imago-images.de\/imago)<\/p>\n<p><img loading=\"lazy\" src=\"https:\/\/www.t-online.de\/s\/paper\/_next\/static\/media\/audio-volume.6689034c.svg\" alt=\"\" title=\"\" class=\"block h-[calc(var(--height)_\/_16_*_1rem)] w-[calc(var(--width)_\/_16_*_1rem)] max-w-none group-hover:brightness-0 group-hover:invert\" style=\"--width:16;--height:16\" decoding=\"async\"\/>Vorlesen<\/p>\n<p>Aktuelle Zeit:0:00Gesamtdauer:0:00<\/p>\n<p>1x<img loading=\"lazy\" src=\"https:\/\/www.t-online.de\/s\/paper\/_next\/static\/media\/font-sizes.32942e33.svg\" alt=\"\" title=\"\" class=\"block h-[calc(var(--height)_\/_16_*_1rem)] w-[calc(var(--width)_\/_16_*_1rem)] max-w-none group-hover:hidden group-aria-expanded:hidden\" style=\"--width:16;--height:16\" decoding=\"async\"\/><img loading=\"lazy\" src=\"https:\/\/www.t-online.de\/s\/paper\/_next\/static\/media\/font-sizes-dark-mode.e382645c.svg\" alt=\"\" title=\"\" class=\"block h-[calc(var(--height)_\/_16_*_1rem)] w-[calc(var(--width)_\/_16_*_1rem)] max-w-none hidden group-hover:block group-aria-expanded:block\" style=\"--width:16;--height:16\" decoding=\"async\"\/><img loading=\"lazy\" src=\"https:\/\/www.t-online.de\/s\/paper\/_next\/static\/media\/sharing-menu-icon.1eb71368.svg\" alt=\"\" title=\"\" class=\"block h-[calc(var(--height)_\/_16_*_1rem)] w-[calc(var(--width)_\/_16_*_1rem)] max-w-none group-hover:brightness-0 group-hover:invert\" style=\"--width:16;--height:16\" decoding=\"async\"\/>Artikel teilen<\/p>\n<p class=\"font-bold text-18 leading-17 user-text-lg:text-22 user-text-xl:text-24\">F\u00fcr Kiel gilt eine Windwarnung. Am Freitag folgt kr\u00e4ftiger Regen; in Schleswig-Holstein sind bis zu 30 Liter in zw\u00f6lf Stunden m\u00f6glich.<\/p>\n<p class=\"text-18 leading-17 user-text-lg:text-22 user-text-xl:text-24\">F\u00fcr Kiel gilt am Donnerstag (3. September) eine amtliche Warnung des Deutschen Wetterdienstes (DWD) vor Windb\u00f6en. Bis 19 Uhr k\u00f6nnen Geschwindigkeiten um 60 km\/h erreicht werden. In exponierten Lagen sind Sturmb\u00f6en bis 70 km\/h m\u00f6glich.<\/p>\n<p class=\"text-18 leading-17 user-text-lg:text-22 user-text-xl:text-24\">Am Freitag versch\u00e4rft sich die Wetterlage erneut. Bereits in der zweiten Nachth\u00e4lfte zieht von Westen schauerartig verst\u00e4rkter Regen \u00fcber Schleswig-Holstein. Tags\u00fcber bleibt der Himmel \u00fcber Kiel meist bedeckt, zeitweise kann es kr\u00e4ftig regnen.<\/p>\n<p>Wetter in Kiel: DWD sieht bis zu 30 Liter Regen<\/p>\n<p class=\"text-18 leading-17 user-text-lg:text-22 user-text-xl:text-24\">Der DWD h\u00e4lt gebietsweise Starkregen mit etwa 20 Litern pro Quadratmeter innerhalb weniger Stunden f\u00fcr m\u00f6glich. Auch l\u00e4nger anhaltender Regen mit Spitzen bis zu 30 Litern innerhalb von zw\u00f6lf Stunden ist nicht ausgeschlossen.<\/p>\n<p class=\"text-18 leading-17 user-text-lg:text-22 user-text-xl:text-24\">Die Mengenangaben gelten f\u00fcr Schleswig-Holstein insgesamt. Ob Kiel von den st\u00e4rksten Niederschlagsgebieten getroffen wird, h\u00e4ngt von der genauen Zugbahn ab. Sicher ist jedoch, dass es am Freitag deutlich nasser wird. Die H\u00f6chsttemperaturen erreichen nur noch 18 bis 20 Grad.<\/p>\n<p class=\"text-18 leading-17 user-text-lg:text-22 user-text-xl:text-24\">Auch der Wind bleibt ein Thema. An der K\u00fcste weht er zeitweise frisch bis stark, dabei sind erneut starke bis st\u00fcrmische B\u00f6en m\u00f6glich.<\/p>\n<p>Am Wochenende bleibt es windig<\/p>\n<p class=\"text-18 leading-17 user-text-lg:text-22 user-text-xl:text-24\">Am Samstag wechseln sich dichte Wolken und Schauer ab. Anfangs sind auch einzelne Gewitter m\u00f6glich. Bei maximal 17 bis 20 Grad weht m\u00e4\u00dfiger bis frischer West- bis Nordwestwind, an der K\u00fcste k\u00f6nnen weiterhin st\u00fcrmische B\u00f6en auftreten.<\/p>\n<p class=\"text-18 leading-17 user-text-lg:text-22 user-text-xl:text-24\">Am Sonntag beruhigt sich das Wetter. Der DWD erwartet f\u00fcr Schleswig-Holstein vielfach heitere und trockene Abschnitte bei 18 bis 22 Grad.<\/p>\n","protected":false},"excerpt":{"rendered":"St\u00fcrmischer Wetterwechsel Starkregen zieht auf Kiel zu \u2013 bis zu 30 Liter m\u00f6glich 03.09.2026 &#8211; 16:02 UhrLesedauer: 1&hellip;\n","protected":false},"author":2,"featured_media":1278561,"comment_status":"","ping_status":"","sticky":false,"template":"","format":"standard","meta":{"footnotes":"","_share_on_mastodon":"0"},"categories":[1852],"tags":[722,19636,3364,950,29,4906,548,663,3934,30,13,4949,263779,14,15,52181,12,1971,41792,190977],"class_list":["post-1278560","post","type-post","status-publish","format-standard","has-post-thumbnail","category-kiel","tag-722","tag-boee","tag-de","tag-deutscher-wetterdienst","tag-deutschland","tag-dwd","tag-eu","tag-europa","tag-europe","tag-germany","tag-headlines","tag-kiel","tag-kieler-bucht","tag-nachrichten","tag-news","tag-regenfront","tag-schlagzeilen","tag-schleswig-holstein","tag-wetterwechsel","tag-windwarnung"],"share_on_mastodon":{"url":"https:\/\/pubeurope.com\/@de\/117208621751907855","error":""},"_links":{"self":[{"href":"https:\/\/www.europesays.com\/de\/wp-json\/wp\/v2\/posts\/1278560","targetHints":{"allow":["GET"]}}],"collection":[{"href":"https:\/\/www.europesays.com\/de\/wp-json\/wp\/v2\/posts"}],"about":[{"href":"https:\/\/www.europesays.com\/de\/wp-json\/wp\/v2\/types\/post"}],"author":[{"embeddable":true,"href":"https:\/\/www.europesays.com\/de\/wp-json\/wp\/v2\/users\/2"}],"replies":[{"embeddable":true,"href":"https:\/\/www.europesays.com\/de\/wp-json\/wp\/v2\/comments?post=1278560"}],"version-history":[{"count":0,"href":"https:\/\/www.europesays.com\/de\/wp-json\/wp\/v2\/posts\/1278560\/revisions"}],"wp:featuredmedia":[{"embeddable":true,"href":"https:\/\/www.europesays.com\/de\/wp-json\/wp\/v2\/media\/1278561"}],"wp:attachment":[{"href":"https:\/\/www.europesays.com\/de\/wp-json\/wp\/v2\/media?parent=1278560"}],"wp:term":[{"taxonomy":"category","embeddable":true,"href":"https:\/\/www.europesays.com\/de\/wp-json\/wp\/v2\/categories?post=1278560"},{"taxonomy":"post_tag","embeddable":true,"href":"https:\/\/www.europesays.com\/de\/wp-json\/wp\/v2\/tags?post=1278560"}],"curies":[{"name":"wp","href":"https:\/\/api.w.org\/{rel}","templated":true}]}}