{"id":1278564,"date":"2026-09-03T18:55:18","date_gmt":"2026-09-03T18:55:18","guid":{"rendered":"https:\/\/www.europesays.com\/de\/1278564\/"},"modified":"2026-09-03T18:55:18","modified_gmt":"2026-09-03T18:55:18","slug":"diese-legenden-von-eintracht-braunschweig-muss-jeder-kennen","status":"publish","type":"post","link":"https:\/\/www.europesays.com\/de\/1278564\/","title":{"rendered":"Diese Legenden von Eintracht Braunschweig muss jeder kennen"},"content":{"rendered":"\n<p class=\"wp-block-paragraph\">Eintracht Braunschweig blickt auf eine ereignisreiche Geschichte zur\u00fcck, in der einzelne Spieler zu echten Identifikationsfiguren wurden. Manche Namen tauchen bis heute in jedem Gespr\u00e4ch \u00fcber den BTSV auf. Wer den Verein wirklich verstehen will, kommt an diesen Pers\u00f6nlichkeiten nicht vorbei.<\/p>\n<p class=\"wp-block-paragraph\">Die Geschichte reicht von der historischen Meistersaison 1967 bis zu emotionalen Wiedersehen in der Gegenwart. Manche Spieler gl\u00e4nzten mit Toren, andere mit Treue \u00fcber viele Jahre hinweg. In diesem Artikel stellen wir die wichtigsten Figuren der Geschichte von Eintracht Braunschweig vor. Sie alle haben die blau-gelbe Fankultur entscheidend gepr\u00e4gt.<\/p>\n<blockquote class=\"wp-block-quote is-style-default is-layout-flow wp-block-quote-is-layout-flow\" style=\"padding-right:var(--wp--preset--spacing--60);padding-left:var(--wp--preset--spacing--60)\"><p> \ud83d\udccc Fakten zu Eintracht Braunschweig  <\/p>\n<ul class=\"wp-block-list has-small-font-size\">\n<li>Der rote L\u00f6we im Vereinswappen geht auf das <strong>Wappentier Heinrichs des L\u00f6wen<\/strong> zur\u00fcck, des historischen Stadtgr\u00fcnders von Braunschweig.<\/li>\n<li>Eintracht Braunschweig war 1973 der <strong>erste deutsche Bundesligaverein, der offiziell Werbung eines Sponsors auf dem Trikot trug<\/strong>.<\/li>\n<li>Das <strong>Eintracht-Stadion \u00f6ffnete bereits 1923 seine Tore<\/strong> und bot urspr\u00fcnglich rund 28.000 gr\u00f6\u00dftenteils stehende Pl\u00e4tze.<\/li>\n<li>Die <strong>Rivalit\u00e4t zu Hannover 96<\/strong> gilt als eines der traditionsreichsten Duelle im nieders\u00e4chsischen Fu\u00dfball und wird als Niedersachsen-Derby bezeichnet.<\/li>\n<li><strong>Paul Breitner<\/strong> kehrte 1977 kurzzeitig aus Madrid zur\u00fcck nach Deutschland und lief f\u00fcr eine Saison f\u00fcr die Eintracht auf.<\/li>\n<\/ul>\n<\/blockquote>\n<p> Ulsa\u00df f\u00fchrt Eintracht Braunschweig zur Meisterschaft <\/p>\n<p class=\"wp-block-paragraph\">Kein Name steht so sehr f\u00fcr den gr\u00f6\u00dften Erfolg der Vereinsgeschichte wie Lothar Ulsa\u00df. Der Offensivspieler kam 1964 vom Regionalligisten Arminia Hannover an die Hamburger Stra\u00dfe. Damals wollte ihn eigentlich der Hamburger SV verpflichten, doch Trainer Helmuth Johannsen kam ihm zuvor. Ulsa\u00df entwickelte sich schnell zum Dreh- und Angelpunkt der Mannschaft.<\/p>\n<p class=\"wp-block-paragraph\">Drei Jahre sp\u00e4ter schrieb er mit der Eintracht Fu\u00dfballgeschichte. 1967 holte das Team v\u00f6llig \u00fcberraschend den deutschen Meistertitel. Ulsa\u00df steuerte in jener Saison 14 Treffer bei und dirigierte das Spiel aus dem Mittelfeld. <\/p>\n<p> Bitteres Karriereende f\u00fcr Ulsa\u00df <\/p>\n<p class=\"wp-block-paragraph\">International sorgte Ulsa\u00df ebenfalls f\u00fcr Aufsehen. 1965 gelang ihm gegen \u00d6sterreich sogar ein Hattrick binnen 35 Minuten. Insgesamt bestritt er zehn L\u00e4nderspiele f\u00fcr die Nationalmannschaft und traf dabei achtmal. Mehr Eins\u00e4tze verhinderten wohl nur die Konkurrenz durch Wolfgang Overath und G\u00fcnter Netzer.<\/p>\n<p class=\"wp-block-paragraph\">Sein Abschied von Eintracht Braunschweig verlief unr\u00fchmlich. Im Zuge eines Bundesligaskandals wurde er gesperrt, weil er eine Pr\u00e4mie von Arminia Bielefeld angenommen hatte. Ulsa\u00df wechselte danach nach Wien und beendete dort seine Laufbahn. Bis heute gilt er mit 84 Toren als erfolgreichster Bundesligatorsch\u00fctze der Eintracht-Historie.<\/p>\n<p> Franke wird zum Eintracht-Urgestein <\/p>\n<p class=\"wp-block-paragraph\">Neben den Offensivstars pr\u00e4gte auch ein Torh\u00fcter die Vereinsgeschichte ma\u00dfgeblich: Bernd Franke. Nationaltrainer Helmut Sch\u00f6n setzte \u00fcber zehn Jahre lang auf ihn als Nummer zwei hinter Sepp Maier und sp\u00e4ter Toni Schumacher. Trotz Angeboten von Bayern M\u00fcnchen, dem 1. FC Kaiserslautern und Ajax Amsterdam blieb Franke Eintracht Braunschweig treu. Selbst zwei Abstiege konnten ihn nicht zu einem Wechsel bewegen.<\/p>\n<p class=\"wp-block-paragraph\">14 Jahre lang stand er zwischen den Pfosten der L\u00f6wen. Diese Loyalit\u00e4t machte ihn zur echten Torwart-Legende des Vereins. Mit 346 Bundesligaspielen z\u00e4hlt er zu den Rekordspielern des BTSV. Nur Franz Merkhoffer kommt mit 419 Partien auf noch mehr Eins\u00e4tze.<\/p>\n<p> Gersdorff schie\u00dft Braunschweig in die Bundesliga <\/p>\n<p class=\"wp-block-paragraph\">Ein weiterer Name sorgt bis heute f\u00fcr G\u00e4nsehaut: Bernd Gersdorff. Der Offensivspieler teilte sich in seiner Karriere die Kabine mit Weltstars wie Franz Beckenbauer und Paul Breitner. Besonders f\u00fcr Eintracht-Fans wurde er aber durch einen speziellen Moment zur Legende. Mitten in der Saison 1973\/74 wechselte er von Bayern M\u00fcnchen zur\u00fcck nach Braunschweig.<\/p>\n<p class=\"wp-block-paragraph\">Was danach folgte, grenzte an ein Wunder. In den verbleibenden 19 Saisonspielen erzielte Gersdorff unglaubliche 35 Tore. Damit rettete er die Eintracht vor dem drohenden Zweitliga-Absturz und f\u00fchrte sie zur\u00fcck in die Bundesliga. Fans erz\u00e4hlen diese Geschichte bis heute mit sp\u00fcrbarem Stolz.<\/p>\n<p> BTSV erinnert an seine Legenden <\/p>\n<p class=\"wp-block-paragraph\">Eintracht Braunschweig pflegt seine Vereinsgeschichte auch aktiv im Stadion. Im April 2024 lud der Klub zum \u201eTag der Legenden\u201c ein, um ehemalige Spieler der j\u00fcngeren Erfolgsgeschichte zu w\u00fcrdigen. \u00dcber 11.000 Fans sicherten sich ein Ticket f\u00fcr dieses besondere Spiel. Im Mittelpunkt standen unter anderem Mirko Boland, Deniz Dogan, Jasmin Fejzic und Dennis Kruppke.<\/p>\n<p class=\"wp-block-paragraph\">Auch Trainer wie Torsten Lieberknecht und Benno M\u00f6hlmann sa\u00dfen an diesem Abend wieder auf der Bank. Solche Veranstaltungen zeigen, wie eng die L\u00f6wen-Familie mit ihrer Vergangenheit verbunden bleibt. Die Verbindung zwischen fr\u00fcheren und heutigen Helden bleibt damit lebendig.<\/p>\n<p class=\"wp-block-paragraph\">Die vorgestellten Spieler stehen exemplarisch f\u00fcr unterschiedliche Epochen des Vereins. Ulsa\u00df verk\u00f6rpert den historischen H\u00f6hepunkt von 1967, Franke die Tugend der Vereinstreue. Gersdorff wiederum zeigt, wie einzelne Leistungen ganze Saisons retten k\u00f6nnen. Gemeinsam bilden sie das Fundament der Eintracht-Identit\u00e4t.<\/p>\n<p class=\"wp-block-paragraph\">Mehr Nachrichten f\u00fcr Dich:<\/p>\n<p class=\"wp-block-paragraph\">F\u00fcr L\u00f6wen-Fans sind diese Namen weit mehr als Statistik. Sie stehen f\u00fcr Emotionen, Zusammenhalt und den ganz eigenen Charakter des Vereins. Solange in Braunschweig Fu\u00dfball gespielt wird, bleiben diese Helden Teil der Erz\u00e4hlung. Genau darin liegt die Kraft echter Vereinslegenden.<\/p>\n","protected":false},"excerpt":{"rendered":"Eintracht Braunschweig blickt auf eine ereignisreiche Geschichte zur\u00fcck, in der einzelne Spieler zu echten Identifikationsfiguren wurden. Manche Namen&hellip;\n","protected":false},"author":2,"featured_media":1278565,"comment_status":"","ping_status":"","sticky":false,"template":"","format":"standard","meta":{"footnotes":"","_share_on_mastodon":"0"},"categories":[1850],"tags":[6429,3364,29,548,663,3934,30,13,14,15,1411,12],"class_list":["post-1278564","post","type-post","status-publish","format-standard","has-post-thumbnail","category-braunschweig","tag-braunschweig","tag-de","tag-deutschland","tag-eu","tag-europa","tag-europe","tag-germany","tag-headlines","tag-nachrichten","tag-news","tag-niedersachsen","tag-schlagzeilen"],"share_on_mastodon":{"url":"https:\/\/pubeurope.com\/@de\/117208634292398587","error":""},"_links":{"self":[{"href":"https:\/\/www.europesays.com\/de\/wp-json\/wp\/v2\/posts\/1278564","targetHints":{"allow":["GET"]}}],"collection":[{"href":"https:\/\/www.europesays.com\/de\/wp-json\/wp\/v2\/posts"}],"about":[{"href":"https:\/\/www.europesays.com\/de\/wp-json\/wp\/v2\/types\/post"}],"author":[{"embeddable":true,"href":"https:\/\/www.europesays.com\/de\/wp-json\/wp\/v2\/users\/2"}],"replies":[{"embeddable":true,"href":"https:\/\/www.europesays.com\/de\/wp-json\/wp\/v2\/comments?post=1278564"}],"version-history":[{"count":0,"href":"https:\/\/www.europesays.com\/de\/wp-json\/wp\/v2\/posts\/1278564\/revisions"}],"wp:featuredmedia":[{"embeddable":true,"href":"https:\/\/www.europesays.com\/de\/wp-json\/wp\/v2\/media\/1278565"}],"wp:attachment":[{"href":"https:\/\/www.europesays.com\/de\/wp-json\/wp\/v2\/media?parent=1278564"}],"wp:term":[{"taxonomy":"category","embeddable":true,"href":"https:\/\/www.europesays.com\/de\/wp-json\/wp\/v2\/categories?post=1278564"},{"taxonomy":"post_tag","embeddable":true,"href":"https:\/\/www.europesays.com\/de\/wp-json\/wp\/v2\/tags?post=1278564"}],"curies":[{"name":"wp","href":"https:\/\/api.w.org\/{rel}","templated":true}]}}