{"id":1278566,"date":"2026-09-03T18:56:19","date_gmt":"2026-09-03T18:56:19","guid":{"rendered":"https:\/\/www.europesays.com\/de\/1278566\/"},"modified":"2026-09-03T18:56:19","modified_gmt":"2026-09-03T18:56:19","slug":"gladbach-schroeder-ohne-deadline-day-druck-bei-cvancara","status":"publish","type":"post","link":"https:\/\/www.europesays.com\/de\/1278566\/","title":{"rendered":"Gladbach: Schr\u00f6der ohne Deadline-Day-Druck bei Cvancara"},"content":{"rendered":"<p class=\"text_ohne_einzug richtext text-em-55 !leading-serif mx-6 desktop:mx-0\">Borussia <a href=\"https:\/\/rp-online.de\/thema\/moenchengladbach\/\" rel=\"nofollow noopener\" target=\"_blank\">M\u00f6nchengladbach<\/a> durfte am Deadline-Day des sommerlichen Transferfensters lange auf eine Millionen-Einnahme hoffen. Der Ex-Gladbacher <a href=\"https:\/\/rp-online.de\/thema\/manu-kone\/\" rel=\"nofollow noopener\" target=\"_blank\">Manu Kon\u00e9<\/a> war im Fokus des <a href=\"https:\/\/rp-online.de\/thema\/fc-chelsea\/\" rel=\"nofollow noopener\" target=\"_blank\">FC Chelsea<\/a> als Ersatz f\u00fcr Enzo Fernandez, der Chelsea Richtung <a href=\"https:\/\/rp-online.de\/thema\/manchester-city\/\" rel=\"nofollow noopener\" target=\"_blank\">Manchester City<\/a> verl\u00e4sst. Chelsea hatte wegen Kon\u00e9 Kontakt zur <a href=\"https:\/\/rp-online.de\/thema\/as-rom\/\" rel=\"nofollow noopener\" target=\"_blank\">AS Rom<\/a> aufgenommen, wo der Franzose jetzt spielt.<\/p>\n<p class=\"richtext text-em-55 !leading-serif mx-6 desktop:mx-0\">Kon\u00e9s Marktwert wird aktuell auf 50 Millionen Euro taxiert, eine Abl\u00f6sesumme von 60 Millionen Euro stand im Raum. Borussia, die ihn 2024 f\u00fcr 18 Millionen Euro zur AS Rom transferierte, hat nach Informationen unserer Redaktion eine Weiterverkaufsbeteiligung, die um die zehn Prozent des Gewinns der R\u00f6mer bei einem Verkauf liegen d\u00fcrfte. Das w\u00e4ren in der genannten Zahlenkonstellation rund vier Millionen Euro gewesen.<\/p>\n<p class=\"richtext text-em-55 !leading-serif mx-6 desktop:mx-0\">Allerdings stimmten Roma-Bosse dem Wechsel nicht zu. Chelsea schwenkte am sp\u00e4ten Dienstagabend um: Monacos Lamine Camara sollte der Fernandez-Nachfolger werden. Doch auch der Deal platzte noch. F\u00fcr Borussia war indes nur der Nicht-Wechsel Kon\u00e9s relevant.<\/p>\n<p class=\"richtext text-em-55 !leading-serif mx-6 desktop:mx-0\">Ob Borussia noch Spieler abgeben wird, ist weiter offen. Was <a href=\"https:\/\/rp-online.de\/thema\/joe-scally\/\" rel=\"nofollow noopener\" target=\"_blank\">Joe Scally<\/a> und Tomas Cvancara unterscheidet: Der US-Amerikaner hat in dieser Saison bereits einen Pflichtspieleinsatz hinter sich. Die Verletzung von Daiki Hashioka sorgte daf\u00fcr, dass er bei Borussias 0:3 bei RB <a href=\"https:\/\/rp-online.de\/thema\/leipzig\/\" rel=\"nofollow noopener\" target=\"_blank\">Leipzig<\/a> zum Einsatz kam. Das ist bei Cvancara nicht mehr denkbar. Der tschechische St\u00fcrmer wird, egal was in diesem Transferfenster passiert, nicht mehr f\u00fcr Gladbach spielen.<\/p>\n<p class=\"richtext text-em-55 !leading-serif mx-6 desktop:mx-0\">Was m\u00f6glichst auch nach dem 1. September passieren soll: Sportchef Rouven Schr\u00f6der will beide Spieler noch abgeben und damit zwei teure Posten von der Gehaltsliste streichen. Bei Scally, dessen Vertrag 2027 endet, wird es allein um einen Verkauf gehen. Ob der Marktwert von sieben Millionen Euro der Ma\u00dfstab f\u00fcr die Abl\u00f6sesumme sein wird, ist fraglich. Gladbach w\u00fcrde ihn wohl deutlich unter dieser Summe abgeben.<\/p>\n<p class=\"richtext text-em-55 !leading-serif mx-6 desktop:mx-0\">Bei Cvancara w\u00fcrde maximal die H\u00e4lfte des Scally-Marktwertes aufgerufen werden k\u00f6nnen, und ganz realistisch wird es beim St\u00fcrmer wohl nur um ein Leihgesch\u00e4ft gehen. Daf\u00fcr hat Schr\u00f6der in dieser Personalie keinen Druck, anders als vermutlich bei Scally.<\/p>\n<p class=\"richtext text-em-55 !leading-serif mx-6 desktop:mx-0\">Der w\u00fcrde k\u00fcnftig gern in der <a href=\"https:\/\/rp-online.de\/thema\/premier-league\/\" rel=\"nofollow noopener\" target=\"_blank\">Premier League<\/a> spielen, das hat er wissen lassen, die Anfrage, die zuletzt von Olympique Marseille kam, war nicht seine Kragenweite. Die Ger\u00fcchte um den AFC Bournemouth und den FC Fulham haben sich bisher nicht erh\u00e4rtet. Alternativen l\u00e4gen bei ihm wohl nur in den Top-F\u00fcnf-Ligen \u2013 und die schlossen alle am Dienstag das Transferfenster.<\/p>\n<p>Die Frage bei Scally: Wo sieht er sich selbst?      <\/p>\n<p class=\"richtext text-em-55 !leading-serif mx-6 desktop:mx-0\">Die Frage bei ihm ist auch: In welcher Schublade sieht er sich selbst? M\u00f6glich, dass seine Selbsteinsch\u00e4tzung mit der der entsprechenden Klubs nicht \u00fcbereinkommt.<\/p>\n<p class=\"richtext text-em-55 !leading-serif mx-6 desktop:mx-0\">Da Scally  nun aber wei\u00df, dass er aktuell erst mal gar nicht so schlechte Einsatzchancen h\u00e4tte, da Hashioka und auch Yukhym Konoplia verletzt sind, ist der Druck auf ihn, den Verein zu wechseln vielleicht etwas geringer. Dass er aber abgegeben werden soll, das hat sich durch die Personallage hinten rechts nicht ge\u00e4ndert. Am Dienstag war er in Gladbach indes beim Training dabei, da war klar: Er bleibt.<\/p>\n<p class=\"richtext text-em-55 !leading-serif mx-6 desktop:mx-0\">Bei Cvancara, der beim Training fehlte, spielt Schr\u00f6der auf Zeit, er versp\u00fcrt keinen Deadline-Day-Druck. \u201eF\u00fcr unsere Abg\u00e4nge sind noch andere Transferfenster auf. Dienstagabend um 20 Uhr ist also nicht Schluss. Wir haben noch Fenster, die teilweise bis zum 15. September ge\u00f6ffnet sind\u201c, sagte Schr\u00f6der zuletzt in Leipzig.<\/p>\n<p class=\"richtext text-em-55 !leading-serif mx-6 desktop:mx-0\">Die Ger\u00fcchte um das Interesse des d\u00e4nischen Meisters Aarhus GF haben sich bis dato nicht konkretisiert, aber immerhin gehalten, der Kicker best\u00e4tigt Informationen unserer Redaktion. Ob Aarhus sich aber Cvancara und seine Gehaltsvorstellungen trotz der Conference-League-Teilnahme leisten kann oder will, wird in D\u00e4nemark zumindest infrage gestellt, das gilt auch f\u00fcr eine Leihe. Und ob es f\u00fcr Borussia interessant w\u00e4re, wenn sie bei einer solchen Leihe Teile des Gehalts weiter \u00fcbernehmen m\u00fcsste, sei ebenfalls dahingestellt. Gleichwohl bleibt Aarhus eine Option.<\/p>\n<p class=\"richtext text-em-55 !leading-serif mx-6 desktop:mx-0\">Das Ende einer Transferperiode kann aber immer noch mal Fahrt reinbringen in eine zuvor vielleicht erkaltete Geschichte, in D\u00e4nemark ist das Fenster jedenfalls bis zum 2. September offen. So ist es auch in den Niederlanden, Nordirland, Wales und <a href=\"https:\/\/rp-online.de\/thema\/norwegen\/\" rel=\"nofollow noopener\" target=\"_blank\">Norwegen<\/a>. Bis zum 3. September k\u00f6nnen Spieler zum Beispiel nach \u00d6sterreich, <a href=\"https:\/\/rp-online.de\/thema\/schottland\/\" rel=\"nofollow noopener\" target=\"_blank\">Schottland<\/a>, Belgien oder Ungarn wechseln.<\/p>\n<p class=\"richtext text-em-55 !leading-serif mx-6 desktop:mx-0\">Unter anderem die <a href=\"https:\/\/rp-online.de\/thema\/tuerkei\/\" rel=\"nofollow noopener\" target=\"_blank\">T\u00fcrkei<\/a> (4. September), Portugal (5. September), <a href=\"https:\/\/rp-online.de\/thema\/saudi-arabien\/\" rel=\"nofollow noopener\" target=\"_blank\">Saudi-Arabien<\/a> (6. September), Kroatien (7. September), die <a href=\"https:\/\/rp-online.de\/thema\/schweiz\/\" rel=\"nofollow noopener\" target=\"_blank\">Schweiz<\/a> und Tschechien (8. September), <a href=\"https:\/\/rp-online.de\/thema\/polen\/\" rel=\"nofollow noopener\" target=\"_blank\">Polen<\/a> (9. September) oder <a href=\"https:\/\/rp-online.de\/thema\/griechenland\/\" rel=\"nofollow noopener\" target=\"_blank\">Griechenland<\/a> (15. September) lassen noch l\u00e4nger Wechsel in ihre Ligen zu.<\/p>\n<p class=\"richtext text-em-55 !leading-serif mx-6 desktop:mx-0\">Schr\u00f6der h\u00e4lt es f\u00fcr eher unwahrscheinlich, dass Cvancara noch einmal in die T\u00fcrkei wechselt. \u201eEr hat da keine gute Erfahrung gemacht\u201c, erinnerte er zuletzt an die vorzeitig beendete Episode bei Antalyaspor. M\u00e4rkte, die f\u00fcr ihn interessant sein k\u00f6nnten, sind aber durchaus dabei.<\/p>\n<p class=\"richtext text-em-55 !leading-serif mx-6 desktop:mx-0\">Im Winter, als Cvancara aus Antalya zur\u00fcckkam, k\u00fcmmerte sich Schr\u00f6der selbst intensiv um den Kontakt nach Schottland. Auch jetzt wird der Manager sein Netzwerk aktivieren, um mindestens den Tschechen zu einem anderen Klub zu transferieren.<\/p>\n","protected":false},"excerpt":{"rendered":"Borussia M\u00f6nchengladbach durfte am Deadline-Day des sommerlichen Transferfensters lange auf eine Millionen-Einnahme hoffen. Der Ex-Gladbacher Manu Kon\u00e9 war&hellip;\n","protected":false},"author":2,"featured_media":1278567,"comment_status":"","ping_status":"","sticky":false,"template":"","format":"standard","meta":{"footnotes":"","_share_on_mastodon":"0"},"categories":[1849],"tags":[3364,29,548,663,3934,30,13,4455,14,15,1209,122230,12],"class_list":["post-1278566","post","type-post","status-publish","format-standard","has-post-thumbnail","category-moenchengladbach","tag-de","tag-deutschland","tag-eu","tag-europa","tag-europe","tag-germany","tag-headlines","tag-moenchengladbach","tag-nachrichten","tag-news","tag-nordrhein-westfalen","tag-rouven-schroeder","tag-schlagzeilen"],"share_on_mastodon":{"url":"https:\/\/pubeurope.com\/@de\/117208638377746228","error":""},"_links":{"self":[{"href":"https:\/\/www.europesays.com\/de\/wp-json\/wp\/v2\/posts\/1278566","targetHints":{"allow":["GET"]}}],"collection":[{"href":"https:\/\/www.europesays.com\/de\/wp-json\/wp\/v2\/posts"}],"about":[{"href":"https:\/\/www.europesays.com\/de\/wp-json\/wp\/v2\/types\/post"}],"author":[{"embeddable":true,"href":"https:\/\/www.europesays.com\/de\/wp-json\/wp\/v2\/users\/2"}],"replies":[{"embeddable":true,"href":"https:\/\/www.europesays.com\/de\/wp-json\/wp\/v2\/comments?post=1278566"}],"version-history":[{"count":0,"href":"https:\/\/www.europesays.com\/de\/wp-json\/wp\/v2\/posts\/1278566\/revisions"}],"wp:featuredmedia":[{"embeddable":true,"href":"https:\/\/www.europesays.com\/de\/wp-json\/wp\/v2\/media\/1278567"}],"wp:attachment":[{"href":"https:\/\/www.europesays.com\/de\/wp-json\/wp\/v2\/media?parent=1278566"}],"wp:term":[{"taxonomy":"category","embeddable":true,"href":"https:\/\/www.europesays.com\/de\/wp-json\/wp\/v2\/categories?post=1278566"},{"taxonomy":"post_tag","embeddable":true,"href":"https:\/\/www.europesays.com\/de\/wp-json\/wp\/v2\/tags?post=1278566"}],"curies":[{"name":"wp","href":"https:\/\/api.w.org\/{rel}","templated":true}]}}