{"id":1278583,"date":"2026-09-03T19:08:16","date_gmt":"2026-09-03T19:08:16","guid":{"rendered":"https:\/\/www.europesays.com\/de\/1278583\/"},"modified":"2026-09-03T19:08:16","modified_gmt":"2026-09-03T19:08:16","slug":"nach-arztbesuch-in-bielefeld-vermisst-51-jaehriger-wurde-wohlbehalten-aufgefunden","status":"publish","type":"post","link":"https:\/\/www.europesays.com\/de\/1278583\/","title":{"rendered":"Nach Arztbesuch in Bielefeld vermisst: 51-J\u00e4hriger wurde wohlbehalten aufgefunden"},"content":{"rendered":"<p id=\"absatz1\" class=\"em_text\">Bielefeld\/Horn-Bad Meinberg. Die Suche nach einem vermissten 51-j\u00e4hrigen Mann aus Horn-Bad Meinberg im Kreis Lippe ist beendet. Polizisten trafen den Mann am Donnerstag, 3. September, wohlbehalten an. Das teilt jetzt die Polizei Bielefeld mit. Der Mann war zuvor zuletzt in Bielefeld gesehen und seit Mittwochnachmittag, 2. September, als vermisst gemeldet worden.<\/p>\n<p id=\"absatz2\" class=\"em_text\">Die Polizei bedankt sich f\u00fcr die Mithilfe bei der Suche und bittet darum, Fotos und pers\u00f6nliche Daten des Mannes zu l\u00f6schen.<\/p>\n<p id=\"absatz3\"><b class=\"bold\">Lesen Sie auch: <\/b><a href=\"https:\/\/www.nw.de\/lokal\/bielefeld\/mitte\/24408550_Vermisster-Bielefelder-tot-aufgefunden-Polizei-meldet-sich-mit-trauriger-Nachricht.html\" rel=\"nofollow noopener\" target=\"_blank\">Bielefelder tot aufgefunden: Polizei meldet sich mit trauriger Nachricht<\/a><\/p>\n<p id=\"absatz4\"><b class=\"bold\">News<\/b><b class=\"bold\"> <\/b><b class=\"bold\">direkt aufs Smartphone:<\/b> <a href=\"https:\/\/whatsapp.com\/channel\/0029VaeYHJ40Qeam4DWyn109\" rel=\"nofollow noopener\" target=\"_blank\">Hier finden Sie den neuen Whatsapp-Kanal der NW-Bielefeld<\/a><\/p>\n","protected":false},"excerpt":{"rendered":"Bielefeld\/Horn-Bad Meinberg. Die Suche nach einem vermissten 51-j\u00e4hrigen Mann aus Horn-Bad Meinberg im Kreis Lippe ist beendet. Polizisten&hellip;\n","protected":false},"author":2,"featured_media":1278584,"comment_status":"","ping_status":"","sticky":false,"template":"","format":"standard","meta":{"footnotes":"","_share_on_mastodon":"0"},"categories":[1841],"tags":[1605,3364,29,30,53024,28692,9307,198079,736,16384,1613,1209,121],"class_list":["post-1278583","post","type-post","status-publish","format-standard","has-post-thumbnail","category-bielefeld","tag-bielefeld","tag-de","tag-deutschland","tag-germany","tag-horn-bad-meinberg","tag-label_030-s","tag-label_foto","tag-meta_artikelklasse_seo","tag-meta_copyrights_nw","tag-meta_themen_blaulicht_sicherheit","tag-meta_userneeds_informieremich","tag-nordrhein-westfalen","tag-polizei"],"share_on_mastodon":{"url":"https:\/\/pubeurope.com\/@de\/117208685358679297","error":""},"_links":{"self":[{"href":"https:\/\/www.europesays.com\/de\/wp-json\/wp\/v2\/posts\/1278583","targetHints":{"allow":["GET"]}}],"collection":[{"href":"https:\/\/www.europesays.com\/de\/wp-json\/wp\/v2\/posts"}],"about":[{"href":"https:\/\/www.europesays.com\/de\/wp-json\/wp\/v2\/types\/post"}],"author":[{"embeddable":true,"href":"https:\/\/www.europesays.com\/de\/wp-json\/wp\/v2\/users\/2"}],"replies":[{"embeddable":true,"href":"https:\/\/www.europesays.com\/de\/wp-json\/wp\/v2\/comments?post=1278583"}],"version-history":[{"count":0,"href":"https:\/\/www.europesays.com\/de\/wp-json\/wp\/v2\/posts\/1278583\/revisions"}],"wp:featuredmedia":[{"embeddable":true,"href":"https:\/\/www.europesays.com\/de\/wp-json\/wp\/v2\/media\/1278584"}],"wp:attachment":[{"href":"https:\/\/www.europesays.com\/de\/wp-json\/wp\/v2\/media?parent=1278583"}],"wp:term":[{"taxonomy":"category","embeddable":true,"href":"https:\/\/www.europesays.com\/de\/wp-json\/wp\/v2\/categories?post=1278583"},{"taxonomy":"post_tag","embeddable":true,"href":"https:\/\/www.europesays.com\/de\/wp-json\/wp\/v2\/tags?post=1278583"}],"curies":[{"name":"wp","href":"https:\/\/api.w.org\/{rel}","templated":true}]}}