{"id":1278587,"date":"2026-09-03T19:10:41","date_gmt":"2026-09-03T19:10:41","guid":{"rendered":"https:\/\/www.europesays.com\/de\/1278587\/"},"modified":"2026-09-03T19:10:41","modified_gmt":"2026-09-03T19:10:41","slug":"wuppertaler-bezirksvertretung-lehnt-verwaltungsplaene-fuer-radstreifen-ab","status":"publish","type":"post","link":"https:\/\/www.europesays.com\/de\/1278587\/","title":{"rendered":"Wuppertaler Bezirksvertretung lehnt Verwaltungspl\u00e4ne f\u00fcr Radstreifen ab"},"content":{"rendered":"<p class=\"text_ohne_einzug richtext text-em-55 !leading-serif mx-6 desktop:mx-0\"> Es sind zun\u00e4chst gute Nachrichten: Die Stadt saniert die Waldeckstra\u00dfe f\u00fcr rund eine Million Euro. Nach dem Abschluss der Sanierung der Waldeckbr\u00fccke soll es losgehen. Allerdings hat die Verwaltung keinen Radfahrstreifen geplant \u2013 was im Stadtteil f\u00fcr Verwunderung gesorgt hat. Nun schl\u00e4gt die Stadt vor, im n\u00f6rdlichen Abschnitt zwischen Widukindstra\u00dfe und Rauentaler Bergstra\u00dfe zwei partielle Radfahrstreifen \u2013 jeweils einen pro Fahrtrichtung \u2013 einzurichten. Dies hat in der Sitzung der Bezirksvertretung Heckinghausen f\u00fcr Diskussionen gesorgt. Der Grund: Es w\u00fcrden 30 Parkpl\u00e4tze wegfallen.<\/p>\n","protected":false},"excerpt":{"rendered":"Es sind zun\u00e4chst gute Nachrichten: Die Stadt saniert die Waldeckstra\u00dfe f\u00fcr rund eine Million Euro. Nach dem Abschluss&hellip;\n","protected":false},"author":2,"featured_media":1278588,"comment_status":"","ping_status":"","sticky":false,"template":"","format":"standard","meta":{"footnotes":"","_share_on_mastodon":"0"},"categories":[1840],"tags":[18412,3364,29,30,106919,39650,263784,123803,263786,1209,8430,13517,13518,263785,246047,524,601,17075,263783,38902,247712,4418],"class_list":["post-1278587","post","type-post","status-publish","format-standard","has-post-thumbnail","category-wuppertal","tag-bereich","tag-de","tag-deutschland","tag-germany","tag-gesorgt","tag-heckinghausen","tag-kruemmungsbereich","tag-kuehn","tag-laengsparkplaetze","tag-nordrhein-westfalen","tag-parkplaetze","tag-radfahrstreifen","tag-radverkehr","tag-radverkehrsanlage","tag-schraegparkplaetze","tag-strasse","tag-verkehr","tag-verwaltung","tag-verwaltungsplaene","tag-waldeckstrasse","tag-wegfallen","tag-wuppertal"],"share_on_mastodon":{"url":"https:\/\/pubeurope.com\/@de\/117208693026181341","error":""},"_links":{"self":[{"href":"https:\/\/www.europesays.com\/de\/wp-json\/wp\/v2\/posts\/1278587","targetHints":{"allow":["GET"]}}],"collection":[{"href":"https:\/\/www.europesays.com\/de\/wp-json\/wp\/v2\/posts"}],"about":[{"href":"https:\/\/www.europesays.com\/de\/wp-json\/wp\/v2\/types\/post"}],"author":[{"embeddable":true,"href":"https:\/\/www.europesays.com\/de\/wp-json\/wp\/v2\/users\/2"}],"replies":[{"embeddable":true,"href":"https:\/\/www.europesays.com\/de\/wp-json\/wp\/v2\/comments?post=1278587"}],"version-history":[{"count":0,"href":"https:\/\/www.europesays.com\/de\/wp-json\/wp\/v2\/posts\/1278587\/revisions"}],"wp:featuredmedia":[{"embeddable":true,"href":"https:\/\/www.europesays.com\/de\/wp-json\/wp\/v2\/media\/1278588"}],"wp:attachment":[{"href":"https:\/\/www.europesays.com\/de\/wp-json\/wp\/v2\/media?parent=1278587"}],"wp:term":[{"taxonomy":"category","embeddable":true,"href":"https:\/\/www.europesays.com\/de\/wp-json\/wp\/v2\/categories?post=1278587"},{"taxonomy":"post_tag","embeddable":true,"href":"https:\/\/www.europesays.com\/de\/wp-json\/wp\/v2\/tags?post=1278587"}],"curies":[{"name":"wp","href":"https:\/\/api.w.org\/{rel}","templated":true}]}}